{"id":172009,"date":"2025-10-24T12:18:11","date_gmt":"2025-10-24T12:18:11","guid":{"rendered":"https:\/\/cordobainforma.info\/index.php\/2025\/10\/24\/trump-nombra-a-dos-fabricantes-de-autos-que-se-benefician-enormemente-de-los-aranceles-impuestos\/"},"modified":"2025-10-24T12:18:11","modified_gmt":"2025-10-24T12:18:11","slug":"trump-nombra-a-dos-fabricantes-de-autos-que-se-benefician-enormemente-de-los-aranceles-impuestos","status":"publish","type":"post","link":"http:\/\/cordobainforma.info\/index.php\/2025\/10\/24\/trump-nombra-a-dos-fabricantes-de-autos-que-se-benefician-enormemente-de-los-aranceles-impuestos\/","title":{"rendered":"Trump nombra a dos fabricantes de autos que \u00abse benefician enormemente de los aranceles impuestos\u00bb"},"content":{"rendered":"<p><img src=\"http:\/\/cordobainforma.info\/wp-content\/uploads\/2025\/10\/trump-nombra-a-dos-fabricantes-de-autos-que-se-benefician-enormemente-de-los-aranceles-impuestos.jpg\"><\/p>\n<p>El presidente de Estados Unidos, Donald Trump, <a href=\"https:\/\/truthsocial.com\/@realDonaldTrump\/posts\/115428798659352209\" target=\"_blank\" rel=\"nofollow noopener noreferrer\">asegur\u00f3<\/a>&nbsp;este viernes que dos fabricantes automovil\u00edsticos estadounidenses se est\u00e1n beneficiando con creces, gracias a los aranceles impuestos por su Administraci\u00f3n sobre los <strong>camiones fabricados fuera del pa\u00eds<\/strong>. &nbsp;<\/p>\n<p>\u00abFord y General Motors se benefician enormemente de los aranceles impuestos a los camiones grandes y medianos procedentes de otros pa\u00edses. <strong>\u00a1Gracias, presidente Trump!<\/strong>\u00ab, escribi\u00f3 el mandatario a trav\u00e9s de su cuenta en la red social Truth Social.<\/p>\n<div class=\"ReadMore-root Section-root Section-is1to3-xs_is1to1\" data-widgets=\"ReadMore\">\n<div class=\"Section-container Section-isRow-isTop-isWrap\">\n<article class=\"Card-root Card-is1to1 Card-default \">\n<div class=\"Card-imageWrap\">\n<div class=\"Card-picture\"> <picture class=\"Picture-root Picture-default\"><!--[if IE 9]><video style=\"display: none;\"><![endif]--><source media=\"(-webkit-min-device-pixel-ratio: 2) and (min-resolution: 120dpi)\" srcset=\"http:\/\/cordobainforma.info\/wp-content\/uploads\/2025\/10\/trump-nombra-a-dos-fabricantes-de-autos-que-se-benefician-enormemente-de-los-aranceles-impuestos-2.jpg 850w, http:\/\/cordobainforma.info\/wp-content\/uploads\/2025\/10\/trump-nombra-a-dos-fabricantes-de-autos-que-se-benefician-enormemente-de-los-aranceles-impuestos-3.jpg 1960w\"><source srcset=\"http:\/\/cordobainforma.info\/wp-content\/uploads\/2025\/10\/trump-nombra-a-dos-fabricantes-de-autos-que-se-benefician-enormemente-de-los-aranceles-impuestos-2.jpg, https:\/\/actualidad.rt.com\/actualidad\/460, http:\/\/cordobainforma.info\/wp-content\/uploads\/2025\/10\/trump-nombra-a-dos-fabricantes-de-autos-que-se-benefician-enormemente-de-los-aranceles-impuestos-3.jpg 980w\"><!--[if IE 9]><\/video><![endif]--><img data-sizes=\"auto\" src=\"http:\/\/cordobainforma.info\/wp-content\/uploads\/2025\/10\/trump-nombra-a-dos-fabricantes-de-autos-que-se-benefician-enormemente-de-los-aranceles-impuestos-2.jpg\" class=\"Picture-root Picture-default lazyload\" alt=\"China vs EE.UU.: \u00bfqui\u00e9n dejar\u00eda a qui\u00e9n &quot;fuera de combate&quot; en la guerra comercial?\"><\/picture><!-- noscript pattern --><noscript><img src=\"http:\/\/cordobainforma.info\/wp-content\/uploads\/2025\/10\/trump-nombra-a-dos-fabricantes-de-autos-que-se-benefician-enormemente-de-los-aranceles-impuestos-3.jpg\" alt=\"China vs EE.UU.: \u00bfqui\u00e9n dejar\u00eda a qui\u00e9n &quot;fuera de combate&quot; en la guerra comercial?\"><\/noscript> <\/div><\/div>\n<\/article><\/div><\/div>\n<p>Mientras, esta semana se dio a conocer que la industria automotriz europea se <a href=\"https:\/\/actualidad.rt.com\/actualidad\/569867-bloomberg-industria-automotriz-europea-parar-produccion-dias\" target=\"_blank\" rel=\"nofollow noopener noreferrer\">encuentra<\/a>&nbsp;<strong>al borde de una crisis de producci\u00f3n<\/strong> debido a las disputas comerciales de EE.UU., especialmente con China. En concreto, el conglomerado Volkswagen <a href=\"https:\/\/actualidad.rt.com\/actualidad\/569961-volkswagen-detener-fabricacion-coche-emblematico\" target=\"_blank\" rel=\"nofollow noopener noreferrer\">anunci\u00f3<\/a> que est\u00e1 preparado para suspender a partir del 29 de octubre la fabricaci\u00f3n de uno de sus modelos de autom\u00f3viles m\u00e1s emblem\u00e1ticos.<\/p>\n<p>El 1 de octubre, <a href=\"https:\/\/actualidad.rt.com\/actualidad\/566393-trump-anuncia-arancel-25-fabricantes-camiones\" target=\"_blank\" rel=\"nofollow noopener noreferrer\">entr\u00f3<\/a> en vigor un arancel del <strong>25 % a todos los camiones pesados<\/strong> fabricados fuera de Estados Unidos, medida que, seg\u00fan el mandatario, tiene como objetivo proteger a los fabricantes nacionales de la \u00abcompetencia desleal del exterior\u00bb. Asimismo, se espera que el pr\u00f3ximo 1 de noviembre entre en vigor la misma <a href=\"https:\/\/actualidad.rt.com\/actualidad\/567660-trump-anunciar-arancel-camiones-entrar-eeuu\" target=\"_blank\" rel=\"nofollow noopener noreferrer\">medida<\/a> sobre los camiones medianos que entren al pa\u00eds.&nbsp;<\/p>\n<p>La medida se enmarca en la pol\u00edtica <a href=\"https:\/\/esrt.space\/actualidad\/537980-guerras-comerciales-trump\" target=\"_blank\" rel=\"nofollow noopener noreferrer\">proteccionista<\/a> de <strong>aumento de aranceles<\/strong> que Trump sostiene como eje de su gesti\u00f3n, y se espera que genere reacciones tanto en la industria automotriz global como entre los socios comerciales de EE.UU.<\/p>\n","protected":false},"excerpt":{"rendered":"<p>El presidente de Estados Unidos, Donald Trump, asegur\u00f3&nbsp;este viernes que dos fabricantes automovil\u00edsticos estadounidenses se est\u00e1n beneficiando con creces, gracias a los aranceles impuestos por su Administraci\u00f3n sobre los camiones fabricados fuera del pa\u00eds. &nbsp; \u00abFord y General Motors se benefician enormemente de los aranceles impuestos a los camiones grandes y medianos procedentes de otros [&hellip;]<\/p>\n","protected":false},"author":1,"featured_media":172010,"comment_status":"closed","ping_status":"closed","sticky":false,"template":"","format":"standard","meta":[],"categories":[22],"tags":[],"_links":{"self":[{"href":"http:\/\/cordobainforma.info\/index.php\/wp-json\/wp\/v2\/posts\/172009"}],"collection":[{"href":"http:\/\/cordobainforma.info\/index.php\/wp-json\/wp\/v2\/posts"}],"about":[{"href":"http:\/\/cordobainforma.info\/index.php\/wp-json\/wp\/v2\/types\/post"}],"author":[{"embeddable":true,"href":"http:\/\/cordobainforma.info\/index.php\/wp-json\/wp\/v2\/users\/1"}],"replies":[{"embeddable":true,"href":"http:\/\/cordobainforma.info\/index.php\/wp-json\/wp\/v2\/comments?post=172009"}],"version-history":[{"count":0,"href":"http:\/\/cordobainforma.info\/index.php\/wp-json\/wp\/v2\/posts\/172009\/revisions"}],"wp:featuredmedia":[{"embeddable":true,"href":"http:\/\/cordobainforma.info\/index.php\/wp-json\/wp\/v2\/media\/172010"}],"wp:attachment":[{"href":"http:\/\/cordobainforma.info\/index.php\/wp-json\/wp\/v2\/media?parent=172009"}],"wp:term":[{"taxonomy":"category","embeddable":true,"href":"http:\/\/cordobainforma.info\/index.php\/wp-json\/wp\/v2\/categories?post=172009"},{"taxonomy":"post_tag","embeddable":true,"href":"http:\/\/cordobainforma.info\/index.php\/wp-json\/wp\/v2\/tags?post=172009"}],"curies":[{"name":"wp","href":"https:\/\/api.w.org\/{rel}","templated":true}]}}