{"id":171992,"date":"2025-10-24T11:54:39","date_gmt":"2025-10-24T11:54:39","guid":{"rendered":"https:\/\/cordobainforma.info\/index.php\/2025\/10\/24\/ley-brisa-en-cordoba-facilitan-el-acceso-de-hijos-e-hijas-de-victimas-de-femicidios\/"},"modified":"2025-10-24T11:54:39","modified_gmt":"2025-10-24T11:54:39","slug":"ley-brisa-en-cordoba-facilitan-el-acceso-de-hijos-e-hijas-de-victimas-de-femicidios","status":"publish","type":"post","link":"http:\/\/cordobainforma.info\/index.php\/2025\/10\/24\/ley-brisa-en-cordoba-facilitan-el-acceso-de-hijos-e-hijas-de-victimas-de-femicidios\/","title":{"rendered":"Ley Brisa en C\u00f3rdoba: facilitan el acceso de hijos e hijas de v\u00edctimas de femicidios"},"content":{"rendered":"<div class=\"media_block\"><\/div>\n<div><img src=\"http:\/\/cordobainforma.info\/wp-content\/uploads\/2025\/10\/ley-brisa-en-cordoba-facilitan-el-acceso-de-hijos-e-hijas-de-victimas-de-femicidios.jpg\" class=\"ff-og-image-inserted\"><\/div>\n<p>El <strong>Poder Judicial de C\u00f3rdoba<\/strong> dispuso una serie de acciones orientadas a garantizar el efectivo acceso a la<strong> Ley Brisa<\/strong>, que reconoce una r<strong>eparaci\u00f3n econ\u00f3mica y cobertura de salud a hijos e hijas de v\u00edctimas de femicidios<\/strong>.<\/p>\n<p>El objetivo es remover obst\u00e1culos y asegurar que los derechos se traduzcan en beneficios concretos mediante un trabajo articulado entre el <strong>Ministerio P\u00fablico Fiscal<\/strong>, la<strong> Unidad de la Defensa P\u00fablica de V\u00edctimas<\/strong> (UDV) y la <strong>Oficina de la Mujer del Tribunal Superior de Justicia (TSJ)<\/strong>.<\/p>\n<p class=\"destacadoNota\"><a target=\"_blank\" href=\"https:\/\/www.perfil.com\/noticias\/cordoba\/pablo-laurta-fue-indagado-por-el-doble-femicidio-hablo-de-denuncias-previas-y-no-de-los-hechos-por-los-que-se-lo-acusa.phtml\" rel=\"noopener noreferrer\">Pablo Laurta fue indagado por el doble femicidio: habl\u00f3 de denuncias previas y no de los hechos por los que se lo acusa<\/a><\/p>\n<h2>Ley Brisa<\/h2>\n<p>La ley, aprobada en 2018, establece una <strong>reparaci\u00f3n econ\u00f3mica mensual equivalente a un haber jubilatorio m\u00ednimo<\/strong> para hijas e hijos de mujeres <strong>v\u00edctimas de femicidio<\/strong> u homicidios en contextos de violencia de g\u00e9nero.<\/p>\n<p>Adem\u00e1s el beneficio se extiende hasta los 21 a\u00f1os o de por vida en el caso de personas con discapacidad.<\/p>\n<h2>Resoluci\u00f3n del MPF<\/h2>\n<p>El pasado 10 de septiembre se realiz\u00f3 una presentaci\u00f3n de estas experiencias en un panel sobre la Ley Brisa en el que tambi\u00e9n participaron especialistas de Chubut y Ciudad Aut\u00f3noma de Buenos Aires (CABA).<\/p>\n<p>En los casos de <strong>femicidios seguidos de suicidio<\/strong>, se dejaba a las familias sin acceso a una resoluci\u00f3n judicial firme que permitiera acceder al beneficio.<\/p>\n<p>El <strong>Ministerio P\u00fablico Fiscal de C\u00f3rdoba<\/strong> dict\u00f3 este a\u00f1o la Instrucci\u00f3n General n.\u00ba 02\/2025, firmada por la fiscal adjunta <strong>Bettina Croppi<\/strong>, que \u201cestablece criterios uniformes de actuaci\u00f3n y plazos para todas las fiscal\u00edas de instrucci\u00f3n, con el objetivo de estandarizar la gesti\u00f3n de estos casos, en los que la acci\u00f3n penal no puede continuar\u201d, inform\u00f3 el sitio de la<em> Justicia de C\u00f3rdoba<\/em>.<\/p>\n<p>\u201cLa referida instrucci\u00f3n dispone que, en estos supuestos, se agilice el archivo de la causa, se incluya expresamente la referencia a la Ley Brisa y se notifique a los familiares o responsables de cuidado en lenguaje sencillo. Tambi\u00e9n dispone capacitaciones espec\u00edficas en la tem\u00e1tica todo el personal del MPF\u201d, precis\u00f3 en un comunicado.<\/p>\n<p>Croppi sostuvo que \u201chist\u00f3ricamente, el Ministerio P\u00fablico Fiscal ha tenido como norte la represi\u00f3n de delitos (\u2026)\u00bb y que \u00abel paradigma ha cambiado por un paradigma de respuesta y de servicio a la sociedad\u00bb.<\/p>\n<p>\u00abLa sociedad nos exige como servidores p\u00fablicos que somos<strong> una reparaci\u00f3n integral y una respuesta integral<\/strong>. La v\u00edctima que durante tant\u00edsimos a\u00f1os ha estado invisibilizada en el proceso penal, progresivamente, ha adquirido el espacio que le es propio\u201d, agreg\u00f3.<\/p>\n<h2>Ministerio P\u00fablico de la Defensa<\/h2>\n<p>El<strong> Ministerio P\u00fablico de la Defensa<\/strong> dict\u00f3 tambi\u00e9n la Instrucci\u00f3n General 02\/2025, mediante la cual dispuso que todos los integrantes de las diversas defensor\u00edas p\u00fablicas de la provincia, difundan y promuevan el acceso a los derechos de la ley.<\/p>\n<p>\u201cEntre las obligaciones que se imparten est\u00e1 la de <strong>informar de manera clara y sencilla a la persona beneficiaria o a su responsable<\/strong>, sobre la existencia del r\u00e9gimen y el mecanismo para poder acceder al mismo; asesorar sobre la documentaci\u00f3n que le ser\u00e1 requerida por <strong>ANSES <\/strong>y articular entre las diversas defensor\u00edas p\u00fablicas, oficinas y equipos t\u00e9cnicos del MPD para su obtenci\u00f3n r\u00e1pida, estableci\u00e9ndose la prioridad de atenci\u00f3n\u201d, detall\u00f3 la Justicia de C\u00f3rdoba . <\/p>\n<p>Tambi\u00e9n la <strong>Unidad de la Defensa P\u00fablica de V\u00edctimas (UDV)<\/strong>, dependiente del Ministerio P\u00fablico de la Defensa, toma contacto y localiza a familiares de las v\u00edctimas para acompa\u00f1arlos en los tr\u00e1mites ante la <strong>Secretar\u00eda de Ni\u00f1ez, Adolescencia y Familia (Senaf)<\/strong> y la Administraci\u00f3n Nacional de la Seguridad Social (ANSES). <\/p>\n<p class=\"destacadoNota\"><a target=\"_blank\" href=\"https:\/\/www.perfil.com\/noticias\/cordoba\/crimen-de-david-moreno-el-expolicia-hugo-canovas-badra-accedio-a-la-libertad-condicional.phtml\" rel=\"noopener noreferrer\">Crimen de David Moreno: el expolic\u00eda Hugo C\u00e1novas Badra accedi\u00f3 a la libertad condicional<\/a><\/p>\n<h2>Base de datos y articulaci\u00f3n<\/h2>\n<p>La <strong>Oficina de la Mujer del TSJ de C\u00f3rdoba<\/strong> aporta la informaci\u00f3n a partir de la identificaci\u00f3n de las v\u00edctimas de femicidios que tienen hijos e hijas a cargo, en base a los datos informados al RNFJA y al observatorio de sentencias de femicidios de la Oficina de la Mujer de la CSJN. <\/p>\n<p>As\u00ed el trabajo en conjunto entre el <strong>Ministerio P\u00fablico Fiscal<\/strong>, la<strong> Unidad de la Defensa P\u00fablica de V\u00edctimas<\/strong> (UDV) y la <strong>Oficina de la Mujer del Tribunal Superior de Justicia (TSJ) <\/strong>tiene como objetivo facilitar el acceso a los beneficios de la ley Brisa de los hijos e hijas de v\u00edctimas de femicidios.<\/p>\n","protected":false},"excerpt":{"rendered":"<p>El Poder Judicial de C\u00f3rdoba dispuso una serie de acciones orientadas a garantizar el efectivo acceso a la Ley Brisa, que reconoce una reparaci\u00f3n econ\u00f3mica y cobertura de salud a hijos e hijas de v\u00edctimas de femicidios. El objetivo es remover obst\u00e1culos y asegurar que los derechos se traduzcan en beneficios concretos mediante un trabajo [&hellip;]<\/p>\n","protected":false},"author":1,"featured_media":171993,"comment_status":"closed","ping_status":"closed","sticky":false,"template":"","format":"standard","meta":[],"categories":[2],"tags":[],"_links":{"self":[{"href":"http:\/\/cordobainforma.info\/index.php\/wp-json\/wp\/v2\/posts\/171992"}],"collection":[{"href":"http:\/\/cordobainforma.info\/index.php\/wp-json\/wp\/v2\/posts"}],"about":[{"href":"http:\/\/cordobainforma.info\/index.php\/wp-json\/wp\/v2\/types\/post"}],"author":[{"embeddable":true,"href":"http:\/\/cordobainforma.info\/index.php\/wp-json\/wp\/v2\/users\/1"}],"replies":[{"embeddable":true,"href":"http:\/\/cordobainforma.info\/index.php\/wp-json\/wp\/v2\/comments?post=171992"}],"version-history":[{"count":0,"href":"http:\/\/cordobainforma.info\/index.php\/wp-json\/wp\/v2\/posts\/171992\/revisions"}],"wp:featuredmedia":[{"embeddable":true,"href":"http:\/\/cordobainforma.info\/index.php\/wp-json\/wp\/v2\/media\/171993"}],"wp:attachment":[{"href":"http:\/\/cordobainforma.info\/index.php\/wp-json\/wp\/v2\/media?parent=171992"}],"wp:term":[{"taxonomy":"category","embeddable":true,"href":"http:\/\/cordobainforma.info\/index.php\/wp-json\/wp\/v2\/categories?post=171992"},{"taxonomy":"post_tag","embeddable":true,"href":"http:\/\/cordobainforma.info\/index.php\/wp-json\/wp\/v2\/tags?post=171992"}],"curies":[{"name":"wp","href":"https:\/\/api.w.org\/{rel}","templated":true}]}}