{"id":171976,"date":"2025-10-24T11:02:20","date_gmt":"2025-10-24T11:02:20","guid":{"rendered":"http:\/\/cordobainforma.info\/index.php\/2025\/10\/24\/una-nueva-empresa-se-suma-a-prestar-servicios-aeroportuarios-y-de-rampa\/"},"modified":"2025-10-24T11:02:20","modified_gmt":"2025-10-24T11:02:20","slug":"una-nueva-empresa-se-suma-a-prestar-servicios-aeroportuarios-y-de-rampa","status":"publish","type":"post","link":"http:\/\/cordobainforma.info\/index.php\/2025\/10\/24\/una-nueva-empresa-se-suma-a-prestar-servicios-aeroportuarios-y-de-rampa\/","title":{"rendered":"Una <b>nueva<\/b> empresa se suma a prestar servicios aeroportuarios y de rampa"},"content":{"rendered":"<p>A trav\u00e9s de la Disposici\u00f3n 38\/2025 de la Secretar\u00eda de Transporte del Ministerio de <b>Econom\u00eda<\/b> &#8230; <b>C\u00f3rdoba<\/b>, Salta, San Carlos de Bariloche, Rosario&nbsp;&#8230; <\/p>\n","protected":false},"excerpt":{"rendered":"<p>A trav\u00e9s de la Disposici\u00f3n 38\/2025 de la Secretar\u00eda de Transporte del Ministerio de Econom\u00eda &#8230; C\u00f3rdoba, Salta, San Carlos de Bariloche, Rosario&nbsp;&#8230;<\/p>\n","protected":false},"author":1,"featured_media":0,"comment_status":"closed","ping_status":"closed","sticky":false,"template":"","format":"standard","meta":[],"categories":[23],"tags":[],"_links":{"self":[{"href":"http:\/\/cordobainforma.info\/index.php\/wp-json\/wp\/v2\/posts\/171976"}],"collection":[{"href":"http:\/\/cordobainforma.info\/index.php\/wp-json\/wp\/v2\/posts"}],"about":[{"href":"http:\/\/cordobainforma.info\/index.php\/wp-json\/wp\/v2\/types\/post"}],"author":[{"embeddable":true,"href":"http:\/\/cordobainforma.info\/index.php\/wp-json\/wp\/v2\/users\/1"}],"replies":[{"embeddable":true,"href":"http:\/\/cordobainforma.info\/index.php\/wp-json\/wp\/v2\/comments?post=171976"}],"version-history":[{"count":0,"href":"http:\/\/cordobainforma.info\/index.php\/wp-json\/wp\/v2\/posts\/171976\/revisions"}],"wp:attachment":[{"href":"http:\/\/cordobainforma.info\/index.php\/wp-json\/wp\/v2\/media?parent=171976"}],"wp:term":[{"taxonomy":"category","embeddable":true,"href":"http:\/\/cordobainforma.info\/index.php\/wp-json\/wp\/v2\/categories?post=171976"},{"taxonomy":"post_tag","embeddable":true,"href":"http:\/\/cordobainforma.info\/index.php\/wp-json\/wp\/v2\/tags?post=171976"}],"curies":[{"name":"wp","href":"https:\/\/api.w.org\/{rel}","templated":true}]}}