{"id":171822,"date":"2025-10-23T00:40:43","date_gmt":"2025-10-23T00:40:43","guid":{"rendered":"https:\/\/somoscordobeses.com\/2025\/10\/22\/le-quitaron-la-vida-a-mi-hijo-y-queremos-justicia-el-pedido-del-padre-de-diego-perez-en-la-marcha\/"},"modified":"2025-10-23T00:40:43","modified_gmt":"2025-10-23T00:40:43","slug":"le-quitaron-la-vida-a-mi-hijo-y-queremos-justicia-el-pedido-del-padre-de-diego-perez-en-la-marcha","status":"publish","type":"post","link":"http:\/\/cordobainforma.info\/index.php\/2025\/10\/23\/le-quitaron-la-vida-a-mi-hijo-y-queremos-justicia-el-pedido-del-padre-de-diego-perez-en-la-marcha\/","title":{"rendered":"Le quitaron la vida a mi hijo y queremos justicia: el pedido del padre de Diego P\u00e9rez en la marcha"},"content":{"rendered":"<div><img src=\"http:\/\/cordobainforma.info\/wp-content\/uploads\/2025\/10\/le-quitaron-la-vida-a-mi-hijo-y-queremos-justicia-el-pedido-del-padre-de-diego-perez-en-la-marcha.jpg\" class=\"ff-og-image-inserted\"><\/div>\n<p>Con la voz quebrada por el dolor, <strong>Fernando P\u00e9rez <\/strong>habl\u00f3 frente a decenas de personas reunidas este mi\u00e9rcoles en la Plaza del Avi\u00f3n de Villa Carlos Paz, donde se realiz\u00f3 una marcha en reclamo de justicia por su hijo Diego P\u00e9rez, el joven de 25 a\u00f1os que muri\u00f3 el s\u00e1bado pasado tras ser embestido por un autom\u00f3vil conducido por un efectivo policial en la avenida San Mart\u00edn.<\/p>\n<p><strong>\u201cHoy nos convocamos para pedir justicia, solo justicia por mi hijo. Le quitaron la vida un polic\u00eda, de una forma cruel. Queremos que esto no quede como tantos otros casos en Carlos Paz\u201d<\/strong>, expres\u00f3 el padre, mientras los presentes lo acompa\u00f1aban con aplausos y l\u00e1grimas.<\/p>\n<p>La marcha comenz\u00f3 pasadas las 17:00 y fue encabezada por familiares y amigos de Diego, con carteles y velas en sus manos. Tambi\u00e9n particip\u00f3 Laura Cortez, madre de Franco Amaya, el joven asesinado por la polic\u00eda en 2017, quien acompa\u00f1\u00f3 a la familia durante toda la jornada.<\/p>\n<p>Fernando P\u00e9rez continu\u00f3 su relato a EL DIARIO con una mezcla de indignaci\u00f3n y tristeza:<\/p>\n<p><strong>\u201cMi hijo ten\u00eda 25 a\u00f1os, una hija, una familia, un futuro enorme. Trabajaba, so\u00f1aba, ten\u00eda proyectos. No era un chico de problemas. Era querido por todos. Pero se cruz\u00f3 con alguien que no tuvo conciencia al volante, alguien que \u2014siendo polic\u00eda\u2014 jur\u00f3 cuidar y termin\u00f3 matando. Es un asesino al volante\u201d<\/strong>, dijo.<\/p>\n<p>El padre tambi\u00e9n apunt\u00f3 contra los dos acompa\u00f1antes del conductor, que quedaron en libertad tras el hecho:<\/p>\n<p><strong>\u201cEllos tambi\u00e9n deber\u00edan estar detenidos. Si vieron que estaba tomando, tendr\u00edan que haberle dicho que no manejara. Lo dejaron hacerlo, lo alentaron. Son tan responsables como \u00e9l.\u201d<\/strong><\/p>\n<p>En un tramo profundamente conmovedor, Fernando habl\u00f3 del dolor que atraviesa su familia desde el accidente: <\/p>\n<p><strong>\u201cMi nieto anoche lloraba a gritos que se quer\u00eda ir al cielo con su t\u00edo. Mi nuera no puede dormir, est\u00e1 en tratamiento psicol\u00f3gico. Todos necesitamos ayuda. El da\u00f1o que hizo ese polic\u00eda no se puede reparar.\u201d<\/strong> <\/p>\n<p>La marcha avanz\u00f3 luego por distintas calles hasta llegar a la esquina de la Departamental Punilla, donde los manifestantes hicieron una pausa en silencio. En ese momento, la madre de Diego P\u00e9rez se descompens\u00f3 y debi\u00f3 ser asistida por personal del DUAR y de la Polic\u00eda de C\u00f3rdoba, que intervino r\u00e1pidamente. <\/p>\n<p>El conductor del veh\u00edculo involucrado, identificado como un efectivo policial que presta servicio en la ciudad de C\u00f3rdoba y reside en Carlos Paz, permanece detenido e imputado por homicidio culposo. <\/p>\n<p>El caso gener\u00f3 una fuerte conmoci\u00f3n en la ciudad, no solo por la gravedad del hecho, sino tambi\u00e9n porque la v\u00edctima ya hab\u00eda sobrevivido a otro accidente de tr\u00e1nsito en 2023, cuando se recuper\u00f3 milagrosamente tras chocar en moto contra un contenedor en barrio Sol y Lago. <\/p>\n","protected":false},"excerpt":{"rendered":"<p>Con la voz quebrada por el dolor, Fernando P\u00e9rez habl\u00f3 frente a decenas de personas reunidas este mi\u00e9rcoles en la Plaza del Avi\u00f3n de Villa Carlos Paz, donde se realiz\u00f3 una marcha en reclamo de justicia por su hijo Diego P\u00e9rez, el joven de 25 a\u00f1os que muri\u00f3 el s\u00e1bado pasado tras ser embestido por [&hellip;]<\/p>\n","protected":false},"author":1,"featured_media":171823,"comment_status":"closed","ping_status":"closed","sticky":false,"template":"","format":"standard","meta":[],"categories":[2],"tags":[],"_links":{"self":[{"href":"http:\/\/cordobainforma.info\/index.php\/wp-json\/wp\/v2\/posts\/171822"}],"collection":[{"href":"http:\/\/cordobainforma.info\/index.php\/wp-json\/wp\/v2\/posts"}],"about":[{"href":"http:\/\/cordobainforma.info\/index.php\/wp-json\/wp\/v2\/types\/post"}],"author":[{"embeddable":true,"href":"http:\/\/cordobainforma.info\/index.php\/wp-json\/wp\/v2\/users\/1"}],"replies":[{"embeddable":true,"href":"http:\/\/cordobainforma.info\/index.php\/wp-json\/wp\/v2\/comments?post=171822"}],"version-history":[{"count":0,"href":"http:\/\/cordobainforma.info\/index.php\/wp-json\/wp\/v2\/posts\/171822\/revisions"}],"wp:featuredmedia":[{"embeddable":true,"href":"http:\/\/cordobainforma.info\/index.php\/wp-json\/wp\/v2\/media\/171823"}],"wp:attachment":[{"href":"http:\/\/cordobainforma.info\/index.php\/wp-json\/wp\/v2\/media?parent=171822"}],"wp:term":[{"taxonomy":"category","embeddable":true,"href":"http:\/\/cordobainforma.info\/index.php\/wp-json\/wp\/v2\/categories?post=171822"},{"taxonomy":"post_tag","embeddable":true,"href":"http:\/\/cordobainforma.info\/index.php\/wp-json\/wp\/v2\/tags?post=171822"}],"curies":[{"name":"wp","href":"https:\/\/api.w.org\/{rel}","templated":true}]}}