{"id":171820,"date":"2025-10-23T02:59:08","date_gmt":"2025-10-23T02:59:08","guid":{"rendered":"https:\/\/somoscordobeses.com\/2025\/10\/22\/asi-se-perfila-la-futura-reforma-de-la-avenida-de-ollerias-cuatro-carriles-cerca-de-250-arboles-y-otras-mejoras\/"},"modified":"2025-10-23T02:59:08","modified_gmt":"2025-10-23T02:59:08","slug":"asi-se-perfila-la-futura-reforma-de-la-avenida-de-ollerias-cuatro-carriles-cerca-de-250-arboles-y-otras-mejoras","status":"publish","type":"post","link":"http:\/\/cordobainforma.info\/index.php\/2025\/10\/23\/asi-se-perfila-la-futura-reforma-de-la-avenida-de-ollerias-cuatro-carriles-cerca-de-250-arboles-y-otras-mejoras\/","title":{"rendered":"As\u00ed se perfila la futura reforma de la avenida de Oller\u00edas: cuatro carriles, cerca de 250 \u00e1rboles y otras mejoras"},"content":{"rendered":"<div><img src=\"http:\/\/cordobainforma.info\/wp-content\/uploads\/2025\/10\/asi-se-perfila-la-futura-reforma-de-la-avenida-de-ollerias-cuatro-carriles-cerca-de-250-arboles-y-otras-mejoras.jpg\" class=\"ff-og-image-inserted\"><\/div>\n<p>El Grupo Promotor para la Participaci\u00f3n Ciudadana en la <strong>Remodelaci\u00f3n de la Avenida Oller\u00edas<\/strong> ha acercado posturas con el Ayuntamiento acerca del futuro proyecto de reforma de esa v\u00eda, tras una reuni\u00f3n celebrada el pasado lunes, d\u00eda 20, con el presidente de la Gerencia Municipal de Urbanismo, Miguel \u00c1ngel Torrico.<\/p>\n<p>La reuni\u00f3n se celebr\u00f3 tras una <strong>asamblea <\/strong>celebrada el el s\u00e1bado 4 de octubre en la Facultad de Ciencias del Trabajo, donde hubo \u00abbastante asistencia, muchas intervenciones y numerosas ideas de apoyo, generales y de detalle\u00bb, seg\u00fan el grupo ciudadano.<\/p>\n<p>A iniciativa del presidente de Urbanismo, se celebr\u00f3 la reuni\u00f3n posterior, donde participaron seis personas del grupo promotor, el propio presidente de Urbanismo y los dos t\u00e9cnicos encargados de la redacci\u00f3n del proyecto. Fue una reuni\u00f3n \u00abaclaratoria, de confianza y productiva\u00bb, se\u00f1ala el grupo ciudadano en la nota de prensa donde informa de los resultados, donde a\u00f1ade que \u00abapreciamos y agradecemos convocatoria y disponibilidad positiva. Nos valoran el trabajo participativo y se\u00f1alan la coincidencia en general entre lo que ten\u00edan programado y las peticiones de la vecindad\u00bb.<\/p>\n<p>Con planos todav\u00eda muy iniciales, la primera aproximaci\u00f3n dibuja este futuro para la avenida de Oller\u00edas:<\/p>\n<ul data-aida-text>\n<li><strong>Cuatro carriles de tr\u00e1fico<\/strong>, m\u00e1s estrechos lo que debe suponer menor velocidad.<\/li>\n<li>Mediana de 1,5 mts con <strong>arboleda <\/strong>de gran porte.<\/li>\n<li>Ampliaci\u00f3n -nueva l\u00ednea de <strong>bordillo<\/strong>\u2013 hacia el norte del acerado sur, con baldosas de terrazo y detalles ornamentales.<\/li>\n<li>Mantenimiento del carril bici con alguna rectificaci\u00f3n, por ejemplo, alrededor de la Torre de la Malmuerta, por ensanche l\u00ednea bordillo.<\/li>\n<li>Hasta 242 \u00e1rboles entre existentes, <strong>alcorques<\/strong> vac\u00edos y nueva implantaci\u00f3n. Ejes de l\u00ednea de \u00e1rboles a 3 m. de los edificios, especies variadas, consultas con Parques y Jardines (Plan Dir. Arbolado).<\/li>\n<li>Se mantiene, con leve incremento, el n\u00famero de <strong>aparcamientos <\/strong>en superficie, pasando a cord\u00f3n y solo en zona plaza Flor del Olivo en bater\u00eda.<\/li>\n<li>Accesibilidad soportales. Esto es lo menos definido, se\u00f1ala el grupo promotor. Por parte del concejal, se explic\u00f3 que es un asunto complejo, que hay precedentes con las zonas verdes, que se le deben entregar al Ayuntamiento reparados, y que en todo caso su resoluci\u00f3n -que comparte, dicen los vecinos- no debe paralizar el resto de la remodelaci\u00f3n.<\/li>\n<li>Queda mucho detalle, se\u00f1alan en su nota los vecinos: carga y descarga, paradas de autobuses, bancos, fuentes, papeleras, contenedores de basura, iluminaci\u00f3n, parada de taxis, juegos infantiles, pasos de peatones, etc. etc.<\/li>\n<\/ul>\n<p>En cuanto a los plazos, \u00abteniendo en cuenta los plazos de redacci\u00f3n del proyecto, los legales y los imponderables, podr\u00eda iniciarse en el cuarto trimestre de 2026\u00bb, se\u00f1ala el Grupo Promotor para la<strong> Participaci\u00f3n Ciudadana<\/strong> en la Remodelaci\u00f3n de la<strong> Avenida Oller\u00edas<\/strong>, que a\u00f1ade que tanto el concejal como los t\u00e9cnicos expresaron su compromisos de mantener un canal abierto de intercambio de informaci\u00f3n, as\u00ed como de nuevas reuniones.<\/p>\n","protected":false},"excerpt":{"rendered":"<p>El Grupo Promotor para la Participaci\u00f3n Ciudadana en la Remodelaci\u00f3n de la Avenida Oller\u00edas ha acercado posturas con el Ayuntamiento acerca del futuro proyecto de reforma de esa v\u00eda, tras una reuni\u00f3n celebrada el pasado lunes, d\u00eda 20, con el presidente de la Gerencia Municipal de Urbanismo, Miguel \u00c1ngel Torrico. La reuni\u00f3n se celebr\u00f3 tras [&hellip;]<\/p>\n","protected":false},"author":1,"featured_media":171821,"comment_status":"closed","ping_status":"closed","sticky":false,"template":"","format":"standard","meta":[],"categories":[2],"tags":[],"_links":{"self":[{"href":"http:\/\/cordobainforma.info\/index.php\/wp-json\/wp\/v2\/posts\/171820"}],"collection":[{"href":"http:\/\/cordobainforma.info\/index.php\/wp-json\/wp\/v2\/posts"}],"about":[{"href":"http:\/\/cordobainforma.info\/index.php\/wp-json\/wp\/v2\/types\/post"}],"author":[{"embeddable":true,"href":"http:\/\/cordobainforma.info\/index.php\/wp-json\/wp\/v2\/users\/1"}],"replies":[{"embeddable":true,"href":"http:\/\/cordobainforma.info\/index.php\/wp-json\/wp\/v2\/comments?post=171820"}],"version-history":[{"count":0,"href":"http:\/\/cordobainforma.info\/index.php\/wp-json\/wp\/v2\/posts\/171820\/revisions"}],"wp:featuredmedia":[{"embeddable":true,"href":"http:\/\/cordobainforma.info\/index.php\/wp-json\/wp\/v2\/media\/171821"}],"wp:attachment":[{"href":"http:\/\/cordobainforma.info\/index.php\/wp-json\/wp\/v2\/media?parent=171820"}],"wp:term":[{"taxonomy":"category","embeddable":true,"href":"http:\/\/cordobainforma.info\/index.php\/wp-json\/wp\/v2\/categories?post=171820"},{"taxonomy":"post_tag","embeddable":true,"href":"http:\/\/cordobainforma.info\/index.php\/wp-json\/wp\/v2\/tags?post=171820"}],"curies":[{"name":"wp","href":"https:\/\/api.w.org\/{rel}","templated":true}]}}