{"id":171783,"date":"2025-10-22T11:55:06","date_gmt":"2025-10-22T11:55:06","guid":{"rendered":"http:\/\/cordobainforma.info\/index.php\/2025\/10\/22\/atracan-otro-emblematico-sitio-en-francia-tras-el-robo-de-louvre\/"},"modified":"2025-10-22T11:55:06","modified_gmt":"2025-10-22T11:55:06","slug":"atracan-otro-emblematico-sitio-en-francia-tras-el-robo-de-louvre","status":"publish","type":"post","link":"http:\/\/cordobainforma.info\/index.php\/2025\/10\/22\/atracan-otro-emblematico-sitio-en-francia-tras-el-robo-de-louvre\/","title":{"rendered":"Atracan otro emblem\u00e1tico sitio en Francia tras el robo de Louvre"},"content":{"rendered":"<p><img src=\"http:\/\/cordobainforma.info\/wp-content\/uploads\/2025\/10\/atracan-otro-emblematico-sitio-en-francia-tras-el-robo-de-louvre.jpg\"><\/p>\n<p>Un d\u00eda despu\u00e9s del <a href=\"https:\/\/actualidad.rt.com\/actualidad\/569383-roban-museo-louvre\" target=\"_blank\" rel=\"noopener noreferrer\">robo<\/a> del siglo en el Museo del Louvre de Par\u00eds, las autoridades municipales de Langres, en el departamento de Alto Marne, descubrieron la desaparici\u00f3n de parte del tesoro numism\u00e1tico expuesto en el museo Maison des Lumi\u00e8res, dedicado al fil\u00f3sofo, escritor y cr\u00edtico de arte franc\u00e9s Denis Diderot.<\/p>\n<p>Seg\u00fan informaci\u00f3n preliminar, los ladrones entraron por la puerta principal del museo, se dirigieron a la vitrina del tesoro, la destrozaron y se llevaron \u00ab<strong>un conjunto de monedas de plata y oro<\/strong>\u00bb que datan de los siglos XVIII y XIX. El delito ocurri\u00f3 durante la noche del domingo al lunes, <a href=\"https:\/\/france3-regions.franceinfo.fr\/grand-est\/haute-marne\/langres\/apres-le-casse-du-louvre-un-nouveau-vol-frappe-un-musee-en-haute-marne-un-tresor-de-pieces-d-or-et-d-argent-3236696.html\" target=\"_blank\" rel=\"noopener noreferrer\">recogen<\/a> los medios locales.<\/p>\n<div class=\"ReadMore-root Section-root Section-is1to3-xs_is1to1\" data-widgets=\"ReadMore\">\n<div class=\"Section-container Section-isRow-isTop-isWrap\">\n<article class=\"Card-root Card-is1to1 Card-default \">\n<div class=\"Card-imageWrap\">\n<div class=\"Card-picture\"> <picture class=\"Picture-root Picture-default\"><!--[if IE 9]><video style=\"display: none;\"><![endif]--><source media=\"(-webkit-min-device-pixel-ratio: 2) and (min-resolution: 120dpi)\" srcset=\"http:\/\/cordobainforma.info\/wp-content\/uploads\/2025\/10\/atracan-otro-emblematico-sitio-en-francia-tras-el-robo-de-louvre-2.jpg 850w, http:\/\/cordobainforma.info\/wp-content\/uploads\/2025\/10\/atracan-otro-emblematico-sitio-en-francia-tras-el-robo-de-louvre-3.jpg 1960w\"><source srcset=\"http:\/\/cordobainforma.info\/wp-content\/uploads\/2025\/10\/atracan-otro-emblematico-sitio-en-francia-tras-el-robo-de-louvre-2.jpg, https:\/\/actualidad.rt.com\/actualidad\/460, http:\/\/cordobainforma.info\/wp-content\/uploads\/2025\/10\/atracan-otro-emblematico-sitio-en-francia-tras-el-robo-de-louvre-3.jpg 980w\"><!--[if IE 9]><\/video><![endif]--><img data-sizes=\"auto\" src=\"http:\/\/cordobainforma.info\/wp-content\/uploads\/2025\/10\/atracan-otro-emblematico-sitio-en-francia-tras-el-robo-de-louvre-2.jpg\" class=\"Picture-root Picture-default lazyload\" alt=\"Francia: Los tesoros robados del Louvre no est\u00e1n asegurados\"><\/picture><!-- noscript pattern --><noscript><img src=\"http:\/\/cordobainforma.info\/wp-content\/uploads\/2025\/10\/atracan-otro-emblematico-sitio-en-francia-tras-el-robo-de-louvre-3.jpg\" alt=\"Francia: Los tesoros robados del Louvre no est\u00e1n asegurados\"><\/noscript> <\/div><\/div>\n<\/article><\/div><\/div>\n<p>Las autoridades detallaron que la puerta&nbsp;fue forzada, sin embargo, destacan que las secuencias de los actos sugieren que los delincuentes conoc\u00edan las instalaciones y hab\u00edan<strong> planeado selectivamente<\/strong> la operaci\u00f3n, en la que solo robaron unas pocas monedas, sin afectar a otras obras u objetos.<\/p>\n<p>Seg\u00fan Pierrick White, jefe de Gabinete del Ayuntamiento de Langres, \u00abno todas las monedas de oro y plata\u00bb&nbsp;de la colecci\u00f3n&nbsp;<a href=\"https:\/\/x.com\/BFMTV\/status\/1980905798424244568\" target=\"_blank\" rel=\"noopener noreferrer\">fueron<\/a> robadas.<\/p>\n<p>Los equipos del museo \u00abest\u00e1n realizando un inventario preciso de los objetos\u00bb, que entregar\u00e1n m\u00e1s tarde a las autoridades, inform\u00f3 el establecimiento. Adem\u00e1s, el lugar <strong>permanecer\u00e1 cerrado hasta nuevo aviso<\/strong> y contar\u00e1 con vigilancia nocturna ofrecida por una empresa de seguridad privada.<\/p>\n<p>Mientras, el Ayuntamiento de Langres conden\u00f3 en\u00e9rgicamente el acto de vandalismo y robo, que da\u00f1a el patrimonio de la comunidad. Se ha presentado una denuncia a la Polic\u00eda.<\/p>\n","protected":false},"excerpt":{"rendered":"<p>Un d\u00eda despu\u00e9s del robo del siglo en el Museo del Louvre de Par\u00eds, las autoridades municipales de Langres, en el departamento de Alto Marne, descubrieron la desaparici\u00f3n de parte del tesoro numism\u00e1tico expuesto en el museo Maison des Lumi\u00e8res, dedicado al fil\u00f3sofo, escritor y cr\u00edtico de arte franc\u00e9s Denis Diderot. Seg\u00fan informaci\u00f3n preliminar, los [&hellip;]<\/p>\n","protected":false},"author":1,"featured_media":171784,"comment_status":"closed","ping_status":"closed","sticky":false,"template":"","format":"standard","meta":[],"categories":[22],"tags":[],"_links":{"self":[{"href":"http:\/\/cordobainforma.info\/index.php\/wp-json\/wp\/v2\/posts\/171783"}],"collection":[{"href":"http:\/\/cordobainforma.info\/index.php\/wp-json\/wp\/v2\/posts"}],"about":[{"href":"http:\/\/cordobainforma.info\/index.php\/wp-json\/wp\/v2\/types\/post"}],"author":[{"embeddable":true,"href":"http:\/\/cordobainforma.info\/index.php\/wp-json\/wp\/v2\/users\/1"}],"replies":[{"embeddable":true,"href":"http:\/\/cordobainforma.info\/index.php\/wp-json\/wp\/v2\/comments?post=171783"}],"version-history":[{"count":0,"href":"http:\/\/cordobainforma.info\/index.php\/wp-json\/wp\/v2\/posts\/171783\/revisions"}],"wp:featuredmedia":[{"embeddable":true,"href":"http:\/\/cordobainforma.info\/index.php\/wp-json\/wp\/v2\/media\/171784"}],"wp:attachment":[{"href":"http:\/\/cordobainforma.info\/index.php\/wp-json\/wp\/v2\/media?parent=171783"}],"wp:term":[{"taxonomy":"category","embeddable":true,"href":"http:\/\/cordobainforma.info\/index.php\/wp-json\/wp\/v2\/categories?post=171783"},{"taxonomy":"post_tag","embeddable":true,"href":"http:\/\/cordobainforma.info\/index.php\/wp-json\/wp\/v2\/tags?post=171783"}],"curies":[{"name":"wp","href":"https:\/\/api.w.org\/{rel}","templated":true}]}}