{"id":171781,"date":"2025-10-22T12:01:13","date_gmt":"2025-10-22T12:01:13","guid":{"rendered":"http:\/\/cordobainforma.info\/index.php\/2025\/10\/22\/aguafiestas-principal-el-nuevo-rol-de-macron-en-europa-segun-politico\/"},"modified":"2025-10-22T12:01:13","modified_gmt":"2025-10-22T12:01:13","slug":"aguafiestas-principal-el-nuevo-rol-de-macron-en-europa-segun-politico","status":"publish","type":"post","link":"http:\/\/cordobainforma.info\/index.php\/2025\/10\/22\/aguafiestas-principal-el-nuevo-rol-de-macron-en-europa-segun-politico\/","title":{"rendered":"\u00abAguafiestas principal\u00bb: El nuevo rol de Macron en Europa, seg\u00fan Politico"},"content":{"rendered":"<p><img src=\"http:\/\/cordobainforma.info\/wp-content\/uploads\/2025\/10\/aguafiestas-principal-el-nuevo-rol-de-macron-en-europa-segun-politico.jpg\"><\/p>\n<p>El presidente de Francia, Emmanuel Macron, participar\u00e1 este jueves en una reuni\u00f3n del Consejo Europeo con su reputaci\u00f3n mancillada: \u00e9l, que anteriormente sol\u00eda ser uno de los principales ide\u00f3logos de la Uni\u00f3n Europea, se ha convertido en el&nbsp;<strong>\u00ab<\/strong><strong>aguafiestas principal\u00bb<\/strong>, <a href=\"https:\/\/www.politico.eu\/article\/emmanuel-macrons-visionary-eu-influence\/\" target=\"_blank\" rel=\"nofollow noopener noreferrer\">inform\u00f3<\/a> Politico este mi\u00e9rcoles citando a 10 diplom\u00e1ticos y funcionarios del bloque comunitario.<\/p>\n<p>Seg\u00fan las fuentes, el mandatario galo no puede obtener el nivel de confianza previo debido a que la UE sugiere que los problemas internos en el pa\u00eds y <strong>la \u00abobsesi\u00f3n\u00bb de Macron por su legado<\/strong> lo han convertido en \u00abun obst\u00e1culo para el progreso\u00bb, en lugar de un motor del mismo.<\/p>\n<p><strong>\u00abMacron se ha visto consumido por los problemas internos\u00bb<\/strong>, afirm\u00f3 un diplom\u00e1tico del bloque. \u00abYa no es el defensor de Europa que conoc\u00edamos\u00bb, agreg\u00f3.<\/p>\n<p>El medio indica que los l\u00edderes europeos tienen que trazar un plan de acci\u00f3n ante las crisis existenciales: desde la lucha contra la creciente popularidad de la derecha hasta el giro de la ret\u00f3rica del presidente de EE.UU., Donald Trump, hacia Mosc\u00fa. En este contexto,&nbsp;el reporte se\u00f1ala que \u00faltimamente el&nbsp;l\u00edder franc\u00e9s <strong>se ha vuelto m\u00e1s cauteloso<\/strong>, rechazando propuestas que podr\u00edan generar una reacci\u00f3n negativa en su pa\u00eds. Asimismo, destaca que se ha hecho m\u00e1s susceptible con respecto a propuestas que no controla.<\/p>\n<div class=\"ReadMore-root Section-root Section-is1to3-xs_is1to1\" data-widgets=\"ReadMore\">\n<div class=\"Section-container Section-isRow-isTop-isWrap\">\n<article class=\"Card-root Card-is1to1 Card-default \">\n<div class=\"Card-imageWrap\">\n<div class=\"Card-picture\"> <picture class=\"Picture-root Picture-default\"><!--[if IE 9]><video style=\"display: none;\"><![endif]--><source media=\"(-webkit-min-device-pixel-ratio: 2) and (min-resolution: 120dpi)\" srcset=\"http:\/\/cordobainforma.info\/wp-content\/uploads\/2025\/10\/aguafiestas-principal-el-nuevo-rol-de-macron-en-europa-segun-politico-2.jpg 850w, http:\/\/cordobainforma.info\/wp-content\/uploads\/2025\/10\/aguafiestas-principal-el-nuevo-rol-de-macron-en-europa-segun-politico-3.jpg 1960w\"><source srcset=\"http:\/\/cordobainforma.info\/wp-content\/uploads\/2025\/10\/aguafiestas-principal-el-nuevo-rol-de-macron-en-europa-segun-politico-2.jpg, https:\/\/actualidad.rt.com\/actualidad\/460, http:\/\/cordobainforma.info\/wp-content\/uploads\/2025\/10\/aguafiestas-principal-el-nuevo-rol-de-macron-en-europa-segun-politico-3.jpg 980w\"><!--[if IE 9]><\/video><![endif]--><img data-sizes=\"auto\" src=\"http:\/\/cordobainforma.info\/wp-content\/uploads\/2025\/10\/aguafiestas-principal-el-nuevo-rol-de-macron-en-europa-segun-politico-2.jpg\" class=\"Picture-root Picture-default lazyload\" alt=\"&quot;Todos sonre\u00edmos entre dientes&quot;: FT sobre la inquietud de la UE ante la posible cumbre entre Putin y Trump\"><\/picture><!-- noscript pattern --><noscript><img src=\"http:\/\/cordobainforma.info\/wp-content\/uploads\/2025\/10\/aguafiestas-principal-el-nuevo-rol-de-macron-en-europa-segun-politico-3.jpg\" alt=\"&quot;Todos sonre\u00edmos entre dientes&quot;: FT sobre la inquietud de la UE ante la posible cumbre entre Putin y Trump\"><\/noscript> <\/div><\/div>\n<\/article><\/div><\/div>\n<p>Politico asegura que Macron&nbsp;<a href=\"https:\/\/actualidad.rt.com\/actualidad\/567555-comentario-mordaz-macron-iniciativa-von-leyen\" target=\"_blank\" rel=\"nofollow noopener noreferrer\">recurri\u00f3<\/a> al sarcasmo para criticar la idea de la presidenta de la Comisi\u00f3n Europea, Ursula von der Leyen, de crear&nbsp;un &#8216;muro de drones&#8217; en los pa\u00edses orientales del bloque comunitario. \u00abA veces desconf\u00edo de los t\u00e9rminos que son demasiado generales\u00bb, afirm\u00f3 el&nbsp;presidente franc\u00e9s. \u00ab\u00bfExisten c\u00fapulas de hierro [en alusi\u00f3n al sistema antia\u00e9reo israel\u00ed] para los europeos o muros de drones?&nbsp;<strong>Las cosas son m\u00e1s sofisticadas y complejas<\/strong>\u00ab, agreg\u00f3.<\/p>\n<p>Adem\u00e1s, el jefe de Estado aclar\u00f3 que&nbsp;su pa\u00eds <strong>no va a renunciar a su derecho de veto<\/strong> acerca de la idea del presidente del Consejo Europeo, Ant\u00f3nio Costa, de agilizar el proceso de adhesi\u00f3n a la UE eliminando la necesidad de unanimidad.<\/p>\n<p>De acuerdo con el portal, en su pol\u00edtica interna Macron ha estado presionando para que se aumenten los controles sobre la migraci\u00f3n, se aprueben nuevas normas que mantengan a los ni\u00f1os alejados de las redes sociales y se reduzca la burocracia, as\u00ed como ha intentado crear excepciones para los fabricantes de autom\u00f3viles en cuanto a los objetivos ecol\u00f3gicos. <strong>\u00abDif\u00edcilmente lo que se podr\u00eda llamar el sue\u00f1o europeo\u00bb<\/strong>, enfatiza el art\u00edculo.&nbsp;<\/p>\n","protected":false},"excerpt":{"rendered":"<p>El presidente de Francia, Emmanuel Macron, participar\u00e1 este jueves en una reuni\u00f3n del Consejo Europeo con su reputaci\u00f3n mancillada: \u00e9l, que anteriormente sol\u00eda ser uno de los principales ide\u00f3logos de la Uni\u00f3n Europea, se ha convertido en el&nbsp;\u00abaguafiestas principal\u00bb, inform\u00f3 Politico este mi\u00e9rcoles citando a 10 diplom\u00e1ticos y funcionarios del bloque comunitario. Seg\u00fan las fuentes, [&hellip;]<\/p>\n","protected":false},"author":1,"featured_media":171782,"comment_status":"closed","ping_status":"closed","sticky":false,"template":"","format":"standard","meta":[],"categories":[22],"tags":[],"_links":{"self":[{"href":"http:\/\/cordobainforma.info\/index.php\/wp-json\/wp\/v2\/posts\/171781"}],"collection":[{"href":"http:\/\/cordobainforma.info\/index.php\/wp-json\/wp\/v2\/posts"}],"about":[{"href":"http:\/\/cordobainforma.info\/index.php\/wp-json\/wp\/v2\/types\/post"}],"author":[{"embeddable":true,"href":"http:\/\/cordobainforma.info\/index.php\/wp-json\/wp\/v2\/users\/1"}],"replies":[{"embeddable":true,"href":"http:\/\/cordobainforma.info\/index.php\/wp-json\/wp\/v2\/comments?post=171781"}],"version-history":[{"count":0,"href":"http:\/\/cordobainforma.info\/index.php\/wp-json\/wp\/v2\/posts\/171781\/revisions"}],"wp:featuredmedia":[{"embeddable":true,"href":"http:\/\/cordobainforma.info\/index.php\/wp-json\/wp\/v2\/media\/171782"}],"wp:attachment":[{"href":"http:\/\/cordobainforma.info\/index.php\/wp-json\/wp\/v2\/media?parent=171781"}],"wp:term":[{"taxonomy":"category","embeddable":true,"href":"http:\/\/cordobainforma.info\/index.php\/wp-json\/wp\/v2\/categories?post=171781"},{"taxonomy":"post_tag","embeddable":true,"href":"http:\/\/cordobainforma.info\/index.php\/wp-json\/wp\/v2\/tags?post=171781"}],"curies":[{"name":"wp","href":"https:\/\/api.w.org\/{rel}","templated":true}]}}