{"id":171762,"date":"2025-10-22T11:40:56","date_gmt":"2025-10-22T11:40:56","guid":{"rendered":"http:\/\/cordobainforma.info\/index.php\/2025\/10\/22\/aun-teniendo-empleo-el-216-de-los-ocupados-no-logra-superar-la-linea-de-pobreza\/"},"modified":"2025-10-22T11:40:56","modified_gmt":"2025-10-22T11:40:56","slug":"aun-teniendo-empleo-el-216-de-los-ocupados-no-logra-superar-la-linea-de-pobreza","status":"publish","type":"post","link":"http:\/\/cordobainforma.info\/index.php\/2025\/10\/22\/aun-teniendo-empleo-el-216-de-los-ocupados-no-logra-superar-la-linea-de-pobreza\/","title":{"rendered":"Aun teniendo empleo, el 21,6% de los ocupados no logra superar la l\u00ednea de pobreza"},"content":{"rendered":"<div class=\"media_block\"><\/div>\n<p>\u00abEn Argentina, u<a target=\"_blank\" href=\"https:\/\/www.perfil.com\/noticias\/modo-fontevecchia\/la-latinoamericanizacion-de-argentina-perdida-del-ascenso-social-destruccion-de-la-clase-media-y-deterioro-del-empleo-formal-modof.phtml\" rel=\"noopener noreferrer\">no de cada cinco trabajadores es pobre\u00bb<\/a>, reza un trabajo reciente de Laura Caullo y Federico Belich del <strong>Instituto de Estudios sobre la Realidad Argentina y Latinoamericana (IERAL) de la Fundaci\u00f3n Mediterr\u00e1nea<\/strong> advierte que <strong>uno de cada cinco trabajadores argentinos es pobre<\/strong>, pese a tener empleo.<\/p>\n<p>El estudio revela que la precarizaci\u00f3n y la informalidad explican gran parte de la persistencia de la pobreza <a target=\"_blank\" href=\"https:\/\/www.perfil.com\/noticias\/opinion\/jovenes-al-limite-la-salud-mental-redefine-el-futuro-del-trabajo.phtml\" rel=\"noopener noreferrer\">laboral<\/a>, que alcanza al <strong>21,6% de los ocupados<\/strong>, y plantea la urgencia de <strong>mejorar la calidad y la productividad del empleo formal<\/strong> para revertir esta tendencia estructura. Y el dato trae una verdad inc\u00f3moda a la discusi\u00f3n, la que deja en claro una realidad preocupante: tener trabajo, en muchos casos, ya no alcanza para garantizar un nivel de vida digno.<\/p>\n<p class=\"destacadoNota\"><a target=\"_blank\" href=\"https:\/\/www.perfil.com\/noticias\/economia\/black-argentina-el-empleo-informal-supero-el-43-en-el-primer-trimestre-de-2025.phtml\" rel=\"noopener noreferrer\">Black Argentina: el empleo informal super\u00f3 el 43% en el primer trimestre de 2025<\/a><\/p>\n<p>Tal como se\u00f1alan los autores, la pobreza es, en parte, el reflejo de la estructura productiva y del mercado laboral. Entre los <strong>desocupados<\/strong>, la incidencia alcanza el <strong>58,9%<\/strong>, lo que confirma la <strong>relaci\u00f3n directa entre falta de empleo y exclusi\u00f3n social. <\/strong>Pero lo m\u00e1s alarmante que plantea el trabajo es que <strong>incluso los ocupados son pobres<\/strong>, especialmente quienes se desempe\u00f1an en <strong>trabajos informales o de baja productividad<\/strong>.<\/p>\n<p>Entre los <strong>trabajadores independientes no registrados<\/strong>, la pobreza trepa al <strong>40,5%<\/strong>, y entre los <strong>asalariados informales<\/strong>, al <strong>37,5%<\/strong>. En contraste, solo el <strong>9,7% de los asalariados formales<\/strong> y el <strong>12,3% de los monotributistas o aut\u00f3nomos registrados<\/strong> se encuentran bajo la l\u00ednea de pobreza.<\/p>\n<p><picture><source media=\"(max-width: 440px)\" srcset=\"https:\/\/fotos.perfil.com\/\/2025\/10\/22\/440\/0\/tasa-de-pobreza-segun-realidad-laboral-2123137.jpeg?webp\"><source media=\"(max-width: 1019px)\" srcset=\"https:\/\/fotos.perfil.com\/\/2025\/10\/22\/712\/0\/tasa-de-pobreza-segun-realidad-laboral-2123137.jpeg?webp\"><img alt=\"Tasa de pobreza seg\u00fan realidad laboral. \" src=\"http:\/\/cordobainforma.info\/wp-content\/uploads\/2025\/10\/aun-teniendo-empleo-el-216-de-los-ocupados-no-logra-superar-la-linea-de-pobreza.jpg\" loading=\"lazy\"><\/picture><\/p>\n<p>Esto revela una profunda brecha entre la econom\u00eda formal e informal que condiciona las posibilidades de progreso.<\/p>\n<h3><strong>Desigualdades regionales y sectores de baja productividad<\/strong><\/h3>\n<p>La pobreza laboral no se distribuye de forma homog\u00e9nea. Las <strong>provincias con alta informalidad<\/strong> son las m\u00e1s afectadas: <strong>Tucum\u00e1n (58%)<\/strong>, <strong>San Juan (57%)<\/strong>, <strong>Salta (52%)<\/strong>, <strong>Santiago del Estero (52%)<\/strong> y <strong>Formosa (52%)<\/strong>. En estas regiones, m\u00e1s de la mitad de los trabajadores carece de aportes jubilatorios o cobertura social.<\/p>\n<p>A su vez, existen sectores de baja remuneraci\u00f3n dentro del empleo formal \u2014como el <strong>servicio dom\u00e9stico<\/strong> o ciertos rubros rurales\u2014 donde la vulnerabilidad econ\u00f3mica sigue siendo elevada, aun con empleo registrado.<\/p>\n<h3><strong>Ni\u00f1ez y pobreza: el futuro comprometido<\/strong><\/h3>\n<p>Entre los <strong>menores de 14 a\u00f1os<\/strong>, la pobreza afecta al <strong>45,4%<\/strong>, lo que refleja la magnitud del problema estructural. La <strong>Asignaci\u00f3n Universal por Hijo (AUH)<\/strong> llega a m\u00e1s de <strong>4 millones de ni\u00f1os<\/strong>, y aunque ayuda a reducir la indigencia, no siempre logra sacar a las familias de la pobreza.<\/p>\n<p class=\"destacadoNota\"><a target=\"_blank\" href=\"https:\/\/www.perfil.com\/noticias\/canal-e\/la-situacion-para-la-economia-real-la-produccion-el-empleo-y-el-consumo-es-verdaderamente-alarmante-asevero-un-economista.phtml\" rel=\"noopener noreferrer\">\u201cLa situaci\u00f3n para la econom\u00eda real, la producci\u00f3n, el empleo y el consumo es verdaderamente alarmante\u201d, asever\u00f3 un economista<\/a><\/p>\n<p>En el otro extremo, entre los <strong>adultos mayores<\/strong>, la cobertura previsional amortigua el impacto, pero los haberes jubilatorios bajos mantienen una parte significativa del grupo en situaci\u00f3n de vulnerabilidad.<\/p>\n<p><picture><source media=\"(max-width: 440px)\" srcset=\"http:\/\/cordobainforma.info\/wp-content\/uploads\/2025\/10\/aun-teniendo-empleo-el-216-de-los-ocupados-no-logra-superar-la-linea-de-pobreza.webp\"><source media=\"(max-width: 1019px)\" srcset=\"https:\/\/fotos.perfil.com\/\/2025\/10\/22\/712\/0\/tasa-de-pobreza-segun-nivel-ocupacional-2123138.jpeg?webp\"><img alt=\"Tasa de pobreza seg\u00fan nivel ocupacional. \" src=\"http:\/\/cordobainforma.info\/wp-content\/uploads\/2025\/10\/aun-teniendo-empleo-el-216-de-los-ocupados-no-logra-superar-la-linea-de-pobreza-1.jpg\" loading=\"lazy\"><\/picture><\/p>\n<h3><strong>Calidad del empleo y productividad: el verdadero desaf\u00edo<\/strong><\/h3>\n<p>El problema central ya no es solo crear empleo, sino <strong>mejorar su calidad<\/strong>. Argentina necesita avanzar hacia un <strong>mercado laboral m\u00e1s formal, productivo e inclusivo<\/strong>. La creaci\u00f3n de puestos en sectores de baja productividad mejora las estad\u00edsticas de ocupaci\u00f3n, pero no resuelve el n\u00facleo del problema: los <strong>ingresos laborales insuficientes<\/strong>.<\/p>\n<p>Para revertir esta tendencia, se requieren <strong>pol\u00edticas activas de empleo y formaci\u00f3n t\u00e9cnica<\/strong>, incentivos a la <strong>contrataci\u00f3n formal<\/strong>, y una <strong>mayor articulaci\u00f3n con el sector privado<\/strong> en actividades de alto valor agregado.<br \/>\u201c<strong>Erradicar la pobreza exige mucho m\u00e1s que asistencia social: requiere una estrategia sostenida de crecimiento con empleo formal y productividad<\/strong>\u201d, advierten los especialistas del mercado laboral.<\/p>\n","protected":false},"excerpt":{"rendered":"<p>\u00abEn Argentina, uno de cada cinco trabajadores es pobre\u00bb, reza un trabajo reciente de Laura Caullo y Federico Belich del Instituto de Estudios sobre la Realidad Argentina y Latinoamericana (IERAL) de la Fundaci\u00f3n Mediterr\u00e1nea advierte que uno de cada cinco trabajadores argentinos es pobre, pese a tener empleo. El estudio revela que la precarizaci\u00f3n y [&hellip;]<\/p>\n","protected":false},"author":1,"featured_media":171763,"comment_status":"closed","ping_status":"closed","sticky":false,"template":"","format":"standard","meta":[],"categories":[2],"tags":[],"_links":{"self":[{"href":"http:\/\/cordobainforma.info\/index.php\/wp-json\/wp\/v2\/posts\/171762"}],"collection":[{"href":"http:\/\/cordobainforma.info\/index.php\/wp-json\/wp\/v2\/posts"}],"about":[{"href":"http:\/\/cordobainforma.info\/index.php\/wp-json\/wp\/v2\/types\/post"}],"author":[{"embeddable":true,"href":"http:\/\/cordobainforma.info\/index.php\/wp-json\/wp\/v2\/users\/1"}],"replies":[{"embeddable":true,"href":"http:\/\/cordobainforma.info\/index.php\/wp-json\/wp\/v2\/comments?post=171762"}],"version-history":[{"count":0,"href":"http:\/\/cordobainforma.info\/index.php\/wp-json\/wp\/v2\/posts\/171762\/revisions"}],"wp:featuredmedia":[{"embeddable":true,"href":"http:\/\/cordobainforma.info\/index.php\/wp-json\/wp\/v2\/media\/171763"}],"wp:attachment":[{"href":"http:\/\/cordobainforma.info\/index.php\/wp-json\/wp\/v2\/media?parent=171762"}],"wp:term":[{"taxonomy":"category","embeddable":true,"href":"http:\/\/cordobainforma.info\/index.php\/wp-json\/wp\/v2\/categories?post=171762"},{"taxonomy":"post_tag","embeddable":true,"href":"http:\/\/cordobainforma.info\/index.php\/wp-json\/wp\/v2\/tags?post=171762"}],"curies":[{"name":"wp","href":"https:\/\/api.w.org\/{rel}","templated":true}]}}