{"id":171710,"date":"2025-10-22T09:00:48","date_gmt":"2025-10-22T09:00:48","guid":{"rendered":"https:\/\/www.clarin.com\/deportes\/river-celebra-altas-acuna-enzo-perez-gallardo-debe-tomar-decision-titulares-semifinal-copa-argentina_0_AWqpzCn4kP.html"},"modified":"2025-10-22T09:00:48","modified_gmt":"2025-10-22T09:00:48","slug":"river-celebra-las-altas-de-acuna-y-enzo-perez-pero-gallardo-debe-tomar-una-decision-son-titulares-en-la-semifinal-de-copa-argentina","status":"publish","type":"post","link":"http:\/\/cordobainforma.info\/index.php\/2025\/10\/22\/river-celebra-las-altas-de-acuna-y-enzo-perez-pero-gallardo-debe-tomar-una-decision-son-titulares-en-la-semifinal-de-copa-argentina\/","title":{"rendered":"River celebra las altas de Acu\u00f1a y Enzo P\u00e9rez, pero Gallardo debe tomar una decisi\u00f3n: \u00bfson titulares en la semifinal de Copa Argentina?"},"content":{"rendered":"<p><img src=\"http:\/\/cordobainforma.info\/wp-content\/uploads\/2025\/10\/river-celebra-las-altas-de-acuna-y-enzo-perez-pero-gallardo-debe-tomar-una-decision-son-titulares-en-la-semifinal-de-copa-argentina.jpg\"><\/p>\n<div><img src=\"http:\/\/cordobainforma.info\/wp-content\/uploads\/2025\/10\/river-celebra-las-altas-de-acuna-y-enzo-perez-pero-gallardo-debe-tomar-una-decision-son-titulares-en-la-semifinal-de-copa-argentina-2.jpg\" class=\"ff-og-image-inserted\"><\/div>\n<div id=\"element-body-0\" readability=\"62\">\n<p>De cara al duelo clave de este viernes ante <strong>Independiente Rivadavia <\/strong>de Mendoza por las semifinales de la <strong>Copa Argentina<\/strong>, <strong>Marcelo Gallardo <\/strong>recuperar\u00e1 a dos jugadores importantes dentro de la estructura de su plantel. <strong>Marcos Acu\u00f1a <\/strong>y <strong>Enzo P\u00e9rez <\/strong>estar\u00e1n a disposici\u00f3n del entrenador para afrontar este encuentro decisivo para River, en el tramo final del a\u00f1o. <strong>\u00bfQu\u00e9 har\u00e1 el Mu\u00f1eco con ellos?<\/strong><\/p>\n<\/div>\n<div id=\"element-body-1\" readability=\"65\">\n<p>Seg\u00fan pudo saber <strong>Clar\u00edn<\/strong>, el lateral campe\u00f3n del mundo es una fija como titular. Sin embargo, con respecto al mendocino, capit\u00e1n del equipo, todav\u00eda no est\u00e1 clara la decisi\u00f3n, pero hay indicios que hacen presuponer que ir\u00eda al banco de suplentes y como volante central seguir\u00eda <strong>Juan Portillo<\/strong>.<\/p>\n<\/div>\n<div id=\"element-body-3\" readability=\"62\">\n<p>El \u00faltimo partido de Acu\u00f1a con la banda roja sobre el pecho fue el 5 de octubre en la derrota ante Rosario Central en el Gigante de Arroyito. Esa noche, el lateral izquierdo sufri\u00f3 un <strong>traumatismo en la rodilla izquierda <\/strong>tras una fuerte infracci\u00f3n de Franco Ibarra, que no fue sancionada por el \u00e1rbitro Yael Falc\u00f3n P\u00e9rez y no pudo salir a jugar el segundo tiempo.<\/p>\n<\/div>\n<div id=\"element-body-4\" readability=\"69\">\n<p>As\u00ed y todo, Acu\u00f1a igual viaj\u00f3 con la <strong>Selecci\u00f3n Argentina <\/strong>a la gira de Estados Unidos, dado que fue convocado por Lionel Scaloni, pero, por esa dolencia, no pudo jugar ninguno de los dos partidos amistosos de la fecha FIFA, ante Venezuela y Puerto Rico, en Miami. <em>\u201cNo estaba en condiciones\u201d<\/em>, afirm\u00f3 luego el padre de la Scaloneta, a pesar de los intentos que hicieron para que pudiera aunque sea estar unos minutos.<\/p>\n<\/div>\n<div id=\"element-body-5\" readability=\"60\">\n<p>Al regresar al pa\u00eds la semana pasada y volver a ponerse bajo la \u00f3rbita de Gallardo y compa\u00f1\u00eda en el RiverCamp de Ezeiza, se determin\u00f3 que no viajara a C\u00f3rdoba para enfrentar a Talleres y fuera cuidado para el duelo con Independiente Rivadavia.<\/p>\n<\/div>\n<div id=\"element-body-6\" readability=\"63\">\n<p>Y as\u00ed ser\u00e1. Es que el ex Sevilla se entren\u00f3 con normalidad tanto el lunes como el martes, en pr\u00e1cticas en las que fue exigido y respondi\u00f3 muy bien. Por lo tanto, el viernes s\u00ed estar\u00e1 en el Kempes y ocupar\u00e1 la banda izquierda de la defensa, por lo que <strong>Lautaro Rivero <\/strong>volver\u00e1 a ser segundo marcador central.<\/p>\n<\/div>\n<div id=\"element-body-7\" readability=\"62\">\n<p>Justamente, Rivero, quien sali\u00f3 en el primer tiempo ante Talleres por malestares gastrointestinales, se recuper\u00f3 bien, pudo entrenarse sin problemas y podr\u00e1 jugar ante el conjunto mendocino.<\/p>\n<\/div>\n<div id=\"element-body-9\" readability=\"66\">\n<p><strong>\u00bfY Enzo P\u00e9rez? <\/strong>Si bien el volante central ya est\u00e1 recuperado, no juega desde la revancha con Palmeiras, el 24 de septiembre. Es decir, habr\u00e1 pasado un mes desde su \u00faltimo partido, en el cual sufri\u00f3 un profundo corte en su rodilla izquierda, tras una barrida, y tuvieron que darle siete puntos de sutura. Eso lo llev\u00f3 a caminar con dificultad y a pr\u00e1cticamente no entrenarse durante varios d\u00edas.<\/p>\n<\/div>\n<div id=\"element-body-10\" readability=\"63\">\n<p>La herida ya fue curada, previo al partido con Sarmiento, pero las \u00faltimas semanas hizo un reacondicionamiento f\u00edsico, por eso no fue convocado ni ante el equipo de Jun\u00edn ni contra Talleres. Pero volver\u00e1 a estar en la lista de los que viajen a C\u00f3rdoba para jugar ante Independiente Rivadavia. \u00bfIr\u00e1 de entrada o al banco?<\/p>\n<\/div>\n<div id=\"element-body-11\" readability=\"64\">\n<p>Hay indicios que hacen pensar que arrancar\u00eda como suplente. Uno de ellos es que en su \u00faltima presentaci\u00f3n empez\u00f3 sentado cerca de Gallardo, en el Allianz Parque de San Pablo, ante Palmeiras. Pero a la media hora entr\u00f3 porque Portillo, su reemplazante, se lesion\u00f3. Y el otro es el tiempo que lleva sin jugar. Ser\u00e1 un mes exacto.<\/p>\n<\/div>\n<div id=\"element-body-12\" readability=\"59\">\n<p>Mientras, Gallardo empieza a ultimar detalles y a definir el equipo que jugar\u00e1 uno de los partidos m\u00e1s importantes que tiene River de aqu\u00ed a fin de a\u00f1o.<\/p>\n<\/div>\n","protected":false},"excerpt":{"rendered":"<p>De cara al duelo clave de este viernes ante Independiente Rivadavia de Mendoza por las semifinales de la Copa Argentina, Marcelo Gallardo recuperar\u00e1 a dos jugadores importantes dentro de la estructura de su plantel. Marcos Acu\u00f1a y Enzo P\u00e9rez estar\u00e1n a disposici\u00f3n del entrenador para afrontar este encuentro decisivo para River, en el tramo final [&hellip;]<\/p>\n","protected":false},"author":1,"featured_media":171711,"comment_status":"closed","ping_status":"closed","sticky":false,"template":"","format":"standard","meta":[],"categories":[20],"tags":[],"_links":{"self":[{"href":"http:\/\/cordobainforma.info\/index.php\/wp-json\/wp\/v2\/posts\/171710"}],"collection":[{"href":"http:\/\/cordobainforma.info\/index.php\/wp-json\/wp\/v2\/posts"}],"about":[{"href":"http:\/\/cordobainforma.info\/index.php\/wp-json\/wp\/v2\/types\/post"}],"author":[{"embeddable":true,"href":"http:\/\/cordobainforma.info\/index.php\/wp-json\/wp\/v2\/users\/1"}],"replies":[{"embeddable":true,"href":"http:\/\/cordobainforma.info\/index.php\/wp-json\/wp\/v2\/comments?post=171710"}],"version-history":[{"count":0,"href":"http:\/\/cordobainforma.info\/index.php\/wp-json\/wp\/v2\/posts\/171710\/revisions"}],"wp:featuredmedia":[{"embeddable":true,"href":"http:\/\/cordobainforma.info\/index.php\/wp-json\/wp\/v2\/media\/171711"}],"wp:attachment":[{"href":"http:\/\/cordobainforma.info\/index.php\/wp-json\/wp\/v2\/media?parent=171710"}],"wp:term":[{"taxonomy":"category","embeddable":true,"href":"http:\/\/cordobainforma.info\/index.php\/wp-json\/wp\/v2\/categories?post=171710"},{"taxonomy":"post_tag","embeddable":true,"href":"http:\/\/cordobainforma.info\/index.php\/wp-json\/wp\/v2\/tags?post=171710"}],"curies":[{"name":"wp","href":"https:\/\/api.w.org\/{rel}","templated":true}]}}