{"id":171423,"date":"2025-10-19T02:26:30","date_gmt":"2025-10-19T02:26:30","guid":{"rendered":"https:\/\/www.escribiendocine.com\/noticias\/2025\/10\/18\/20734-todos-los-ganadores-de-los-premios-de-la-32-edicion-del-ficvaldivia"},"modified":"2025-10-19T02:26:30","modified_gmt":"2025-10-19T02:26:30","slug":"todos-los-ganadores-de-los-premios-de-la-32a-edicion-del-ficvaldivia","status":"publish","type":"post","link":"http:\/\/cordobainforma.info\/index.php\/2025\/10\/19\/todos-los-ganadores-de-los-premios-de-la-32a-edicion-del-ficvaldivia\/","title":{"rendered":"Todos los ganadores de los premios de la 32\u00aa edici\u00f3n del FICValdivia"},"content":{"rendered":"<div class=\"media_block\"><\/div>\n<div><img src=\"http:\/\/cordobainforma.info\/wp-content\/uploads\/2025\/10\/todos-los-ganadores-de-los-premios-de-la-32a-edicion-del-ficvaldivia.jpg\" class=\"ff-og-image-inserted\"><\/div>\n<p>El Festival Internacional de Cine de Valdivia (<a href=\"https:\/\/32.ficvaldivia.cl\/\" target=\"_blank\" rel=\"noopener noreferrer\">FICValdivia 2025<\/a>) dio a conocer su palmar\u00e9s oficial. En la Competencia Internacional, el m\u00e1ximo galard\u00f3n fue para <strong>Wind, Talk to Me<\/strong>, dirigida por Stefan Djordjevic, una coproducci\u00f3n entre Serbia, Eslovenia y Croacia que explora las tensiones sociales de la Europa contempor\u00e1nea.<\/p>\n<p>El Premio Especial del Jurado fue para <strong>La noche est\u00e1 march\u00e1ndose ya<\/strong>, de Ramiro Sonzini y Ezequiel Salinas, en representaci\u00f3n de Argentina.&nbsp;<\/p>\n<p>El jurado otorg\u00f3 Menciones Especiales a <strong>La corazonada<\/strong>, de Diego Soto (Chile), y <strong>Bajo las banderas, el sol<\/strong>, de Juanjo Pereira (Paraguay, Argentina, Estados Unidos, Francia, Alemania).<\/p>\n<p class=\"noticia-relacionada noEditable\" data-id=\"20645\"><ampiframe src=\"https:\/\/www.escribiendocine.com\/api\/noticias\/20645\/relacionadas?amp=1\" layout=\"fixed-height\" sandbox=\"allow-top-navigation allow-top-navigation-by-user-activation allow-scripts \" height=\"100px\"> <b placeholder>Lee tambi\u00e9n: Cr\u00edtica de \u201cBajo las banderas, el sol\u201d: Juanjo Pereira y el poder de la imagen<\/b> <\/ampiframe><\/p>\n<p>En tanto, <strong>Matapanki<\/strong>, de Diego \u201cMapache\u201d Fuentes, se impuso en dos categor\u00edas: Mejor Pel\u00edcula Chilena y Mejor Pel\u00edcula de la Competencia de Largometraje Juvenil, reafirmando el protagonismo del cine local dentro del certamen. En esta \u00faltima secci\u00f3n, el Premio Especial del Jurado fue para <strong>Those Days When All This Was Fantasy,<\/strong> de Mako Hayashi (Jap\u00f3n).<\/p>\n<p>El Premio del P\u00fablico fue para <strong>La corazonada<\/strong>, de Diego Soto, una de las producciones chilenas m\u00e1s comentadas del festival.<\/p>\n<p>En la Competencia de Cortometraje Latinoamericano, el reconocimiento principal fue para <strong>El reinado de Antoine<\/strong>, de Jos\u00e9 Luis Jim\u00e9nez G\u00f3mez (Cuba, Rep\u00fablica Dominicana). El Premio Especial del Jurado fue para <strong>Memoria de un cuerpo desplazado,<\/strong> de Mariana Mendivil (M\u00e9xico), y la Menci\u00f3n Especial recay\u00f3 en <strong>Apari\u00e7\u00e3o<\/strong>, de Camila Freitas (Brasil). Mientras que en la nueva categor\u00eda de Cortometraje Chileno de Estudiantes de Cine y Audiovisual, <strong>Agua Fr\u00eda<\/strong>, de Meme Cabello y Antonia Mart\u00ednez Valls, obtuvo el galard\u00f3n principal.<\/p>\n<p>Finalmente, en el espacio Cine Chileno del Futuro \u2013 Premios de Industria, <strong>Nunca ser\u00e9 polic\u00eda<\/strong>, de Carolina Moscoso, obtuvo el Premio de Internacionalizaci\u00f3n y el Mejor Pel\u00edcula Chilena del Futuro \u2013 Primer Corte, mientras que <strong>No Money No Honey,<\/strong> de Nicole Costa, fue reconocida con el Premio At\u00f3mica a la Postproducci\u00f3n y el galard\u00f3n a Mejor Pel\u00edcula Chilena del Futuro \u2013 Postproducci\u00f3n.<\/p>\n<p>Adem\u00e1s, como cada a\u00f1o, se entreg\u00f3 el Pud\u00fa a la Trayectoria, que en esta edici\u00f3n fue otorgado a Helga Fanderl, cineasta alemana cuyo trabajo se present\u00f3 en la secci\u00f3n Cineastas en Foco durante esta versi\u00f3n del festival. El reconocimiento resalta su significativa contribuci\u00f3n al cine y la influencia que ha tenido en nuevas generaciones de realizadoras y realizadores.<\/p>\n<p><span>La ceremonia de premiaci\u00f3n fue conducida por la actriz Macarena Teke y se llev\u00f3 a cabo en el Teatro Regional Cervantes de la Capital Regional de Los R\u00edos, Valdivia, con la asistencia de autoridades locales, regionales, acad\u00e9micas y p\u00fablico general.<\/span><\/p>\n<p><span>Ra\u00fal Camargo, director de FICValdivia, expres\u00f3 su gratitud hacia todas y todos los asistentes y participantes, destacando la relevancia de la audiencia en la celebraci\u00f3n del certamen: <em>\u201cA nombre del Festival, y en representaci\u00f3n de quienes trabajamos d\u00eda a d\u00eda en \u00e9l, queremos expresar nuestro agradecimiento a las audiencias, cineastas y medios de prensa que han colmado las salas y nos han regalado una verdadera fiesta ciudadana. Han sido siete d\u00edas en la capital del cine y en la capital de la regi\u00f3n de Los R\u00edos. Estamos muy, muy felices con lo que ha sido la celebraci\u00f3n de esta 32\u00aa versi\u00f3n del certamen, y por eso queremos agradecer a cada persona que llen\u00f3 estos espacios de encuentro p\u00fablico en torno a la gran pantalla\u201d.<\/em><\/span><\/p>\n<p>El cortometraje que dio inicio a la ceremonia de cierre del festival fue <strong>Hoy es jueves cinematogr\u00e1fico<\/strong>&nbsp;(1978), del destacado realizador chileno Ignacio Ag\u00fcero. El director estuvo presente en el festival con dos largometrajes, en primer lugar una de sus m\u00e1s reconocidas obras <strong>Cien ni\u00f1os esperando un tren<\/strong>&nbsp;(1986) en la secci\u00f3n Homenajes al Cine Chileno, y tambi\u00e9n estren\u00f3 su reciente pel\u00edcula <strong>Carta a mis padres muertos<\/strong> (2025), dentro de las funciones de la Gala Chilena.<\/p>\n<p>COMPETENCIA INTERNACIONAL<br \/>Mejor Pel\u00edcula: <strong>Wind, Talk to Me<\/strong>, de Stefan Djordjevic (Serbia, Eslovenia, Croacia)<br \/>Premio Especial del Jurado: <strong>La noche est\u00e1 march\u00e1ndose ya<\/strong>, de Ramiro Sonzini y Ezequiel Salinas (Argentina)<br \/>Menciones Especiales: <strong>La corazonada<\/strong>, de Diego Soto (Chile) \/ <strong>Bajo las banderas, el sol,<\/strong> de Juanjo Pereira (Paraguay, Argentina, Estados Unidos, Francia, Alemania)<\/p>\n<p>MEJOR PEL\u00cdCULA CHILENA: <strong>Matapanki<\/strong>, de Diego \u201cMapache\u201d Fuentes (Chile)<\/p>\n<p>PREMIO DEL P\u00daBLICO: <strong>La corazonada<\/strong>, de Diego Soto (Chile)<\/p>\n<p>COMPETENCIA LARGOMETRAJE JUVENIL<br \/>Mejor Pel\u00edcula: <strong>Matapanki<\/strong>, de Diego \u201cMapache\u201d Fuentes (Chile)<br \/>Premio Especial del Jurado: <strong>Those Days When All This Was Fantasy<\/strong>, de Mako Hayashi (Jap\u00f3n)<\/p>\n<p>COMPETENCIA CORTOMETRAJE LATINOAMERICANO<br \/>Mejor Cortometraje: <strong>El reinado de Antoine<\/strong>, de Jos\u00e9 Luis Jim\u00e9nez G\u00f3mez (Cuba, Rep\u00fablica Dominicana)<br \/>Premio Especial del Jurado: <strong>Memoria de un cuerpo desplazado<\/strong>, de Mariana Mendivil (M\u00e9xico)<br \/>Menci\u00f3n Especial: <strong>Apari\u00e7\u00e3o<\/strong>, de Camila Freitas (Brasil)<br \/>Mejor Cortometraje Juvenil: <strong>La Gran Haza\u00f1a<\/strong>, de Luber Yesid Z\u00fa\u00f1iga Ordo\u00f1ez (Colombia)<br \/>Menci\u00f3n Especial: <strong>El Jard\u00edn M\u00e1gico<\/strong>, de Naira Carneiro y &nbsp;Carlon Hardt (Brasil)<\/p>\n<p>COMPETENCIA CORTOMETRAJE CHILENO DE ESTUDIANTES DE CINE Y AUDIOVISUAL<br \/>Mejor Cortometraje: <strong>Agua Fr\u00eda<\/strong>, de Meme Cabello y Antonia Mart\u00ednez Valls (Chile)<br \/>Premio Especial del Jurado: <strong>Querido Panchito <\/strong>de Luis C. Espinoza y Joaqu\u00edn Ulloa (Chile)<\/p>\n<p>CINE CHILENO DEL FUTURO \u2013 PREMIOS DE INDUSTRIA<br \/>Premio de Internacionalizaci\u00f3n: <strong>Nunca ser\u00e9 polic\u00eda<\/strong>, de Carolina Moscoso<br \/>Premio Sonamos (Sonido): <strong>La causa<\/strong>, de Macarena Aguil\u00f3 Marchi<br \/>Premio At\u00f3mica (Postproducci\u00f3n): <strong>No Money No Honey<\/strong>, de Nicole Costa<br \/>Mejor Pel\u00edcula Chilena del Futuro \u2013 Primer Corte: <strong>Nunca ser\u00e9 polic\u00eda<\/strong>, de Carolina Moscoso&nbsp;<br \/>Mejor Pel\u00edcula Chilena del Futuro \u2013 Postproducci\u00f3n: <strong>No Money No Honey<\/strong>, de Nicole Costa&nbsp;<\/p>\n<p>COMPETENCIA MICROMETRAJE CINE Y CIENCIA&nbsp;<br \/>Mejor Micrometraje: <strong>NGEN-KO del Menoko de Mehu\u00edn<\/strong>, de Constanza Salinas Ja\u00f1a. (Mariquina, Chile)<\/p>\n","protected":false},"excerpt":{"rendered":"<p>El Festival Internacional de Cine de Valdivia (FICValdivia 2025) dio a conocer su palmar\u00e9s oficial. En la Competencia Internacional, el m\u00e1ximo galard\u00f3n fue para Wind, Talk to Me, dirigida por Stefan Djordjevic, una coproducci\u00f3n entre Serbia, Eslovenia y Croacia que explora las tensiones sociales de la Europa contempor\u00e1nea. El Premio Especial del Jurado fue para [&hellip;]<\/p>\n","protected":false},"author":1,"featured_media":171424,"comment_status":"open","ping_status":"closed","sticky":false,"template":"","format":"standard","meta":[],"categories":[21],"tags":[],"_links":{"self":[{"href":"http:\/\/cordobainforma.info\/index.php\/wp-json\/wp\/v2\/posts\/171423"}],"collection":[{"href":"http:\/\/cordobainforma.info\/index.php\/wp-json\/wp\/v2\/posts"}],"about":[{"href":"http:\/\/cordobainforma.info\/index.php\/wp-json\/wp\/v2\/types\/post"}],"author":[{"embeddable":true,"href":"http:\/\/cordobainforma.info\/index.php\/wp-json\/wp\/v2\/users\/1"}],"replies":[{"embeddable":true,"href":"http:\/\/cordobainforma.info\/index.php\/wp-json\/wp\/v2\/comments?post=171423"}],"version-history":[{"count":0,"href":"http:\/\/cordobainforma.info\/index.php\/wp-json\/wp\/v2\/posts\/171423\/revisions"}],"wp:featuredmedia":[{"embeddable":true,"href":"http:\/\/cordobainforma.info\/index.php\/wp-json\/wp\/v2\/media\/171424"}],"wp:attachment":[{"href":"http:\/\/cordobainforma.info\/index.php\/wp-json\/wp\/v2\/media?parent=171423"}],"wp:term":[{"taxonomy":"category","embeddable":true,"href":"http:\/\/cordobainforma.info\/index.php\/wp-json\/wp\/v2\/categories?post=171423"},{"taxonomy":"post_tag","embeddable":true,"href":"http:\/\/cordobainforma.info\/index.php\/wp-json\/wp\/v2\/tags?post=171423"}],"curies":[{"name":"wp","href":"https:\/\/api.w.org\/{rel}","templated":true}]}}