{"id":171401,"date":"2025-10-18T15:20:42","date_gmt":"2025-10-18T15:20:42","guid":{"rendered":"https:\/\/cordoba.gob.ar\/?p=82420"},"modified":"2025-10-18T15:20:42","modified_gmt":"2025-10-18T15:20:42","slug":"el-hospital-de-pronta-atencion-san-jorge-celebra-su-segundo-aniversario-con-una-jornada-integral-de-salud","status":"publish","type":"post","link":"http:\/\/cordobainforma.info\/index.php\/2025\/10\/18\/el-hospital-de-pronta-atencion-san-jorge-celebra-su-segundo-aniversario-con-una-jornada-integral-de-salud\/","title":{"rendered":"El Hospital de Pronta Atenci\u00f3n San Jorge celebra su segundo aniversario con una jornada integral de salud"},"content":{"rendered":"<div><img src=\"http:\/\/cordobainforma.info\/wp-content\/uploads\/2025\/10\/el-hospital-de-pronta-atencion-san-jorge-celebra-su-segundo-aniversario-con-una-jornada-integral-de-salud.jpg\" class=\"ff-og-image-inserted\"><\/div>\n<ul>\n<li><strong>Ser\u00e1 el lunes de 08:00 a 14:00 horas en Ram\u00f3n Bautista Mestre 5850. Se ofrecer\u00e1n controles, estudios, vacunaci\u00f3n y asesoramiento gratuito para promover h\u00e1bitos saludables y la detecci\u00f3n temprana de enfermedades.<\/strong><\/li>\n<\/ul>\n<hr>\n<p>En el marco del programa C\u00f3rdoba Rosa, el Hospital de Pronta Atenci\u00f3n San Jorge celebrar\u00e1 su segundo aniversario con una gran jornada de salud integral abierta a la comunidad. Ser\u00e1 este lunes, de 8:00 a 14:00 horas, en la sede de la instituci\u00f3n ubicada en Ram\u00f3n Bautista Mestre 5850.<\/p>\n<p>Bajo el lema \u201cCelebramos 2 a\u00f1os cuidando tu salud\u201d, la propuesta reunir\u00e1 a distintos equipos profesionales y servicios de la Secretar\u00eda de Salud municipal, que ofrecer\u00e1n controles, estudios, vacunaci\u00f3n y asesoramiento gratuito para promover h\u00e1bitos saludables y la detecci\u00f3n temprana de enfermedades.<\/p>\n<p>Participar\u00e1n la Subsecretar\u00eda de Odontolog\u00eda, con el M\u00f3vil Odontol\u00f3gico Municipal, brindando inspecci\u00f3n bucal, promoci\u00f3n y prevenci\u00f3n; nutricionistas del Hospital Infantil orientar\u00e1n sobre alimentaci\u00f3n equilibrada y bienestar e integrantes de la primera C\u00e1tedra de Ginecolog\u00eda de la UNC realizar\u00e1n papanicolaou y ex\u00e1menes mamarios, con la posibilidad de derivaci\u00f3n para mamograf\u00edas en el Hospital Pr\u00edncipe de Asturias en casos indicados.<\/p>\n<p>Adem\u00e1s, se ofrecer\u00e1n controles de tensi\u00f3n arterial, electrocardiogramas y laboratorios para evaluar factores de riesgo cardiovascular, testeos de infecciones de transmisi\u00f3n sexual, actualizaci\u00f3n del calendario de vacunaci\u00f3n y un espacio de evaluaci\u00f3n emocional y salud mental.<\/p>\n<p>La jornada incluir\u00e1 charlas educativas, asesoramiento personalizado, talleres de RCP y primeros auxilios, con el objetivo de fortalecer la prevenci\u00f3n y el autocuidado como ejes centrales de la salud p\u00fablica.<\/p>\n<p>De este modo, el HPA San Jorge reafirma su compromiso con una salud municipal cercana, integral y con perspectiva de g\u00e9nero, que prioriza el bienestar y la participaci\u00f3n de toda la comunidad.<\/p>\n","protected":false},"excerpt":{"rendered":"<p>Ser\u00e1 el lunes de 08:00 a 14:00 horas en Ram\u00f3n Bautista Mestre 5850. Se ofrecer\u00e1n controles, estudios, vacunaci\u00f3n y asesoramiento gratuito para promover h\u00e1bitos saludables y la detecci\u00f3n temprana de enfermedades. En el marco del programa C\u00f3rdoba Rosa, el Hospital de Pronta Atenci\u00f3n San Jorge celebrar\u00e1 su segundo aniversario con una gran jornada de salud [&hellip;]<\/p>\n","protected":false},"author":1,"featured_media":171402,"comment_status":"closed","ping_status":"closed","sticky":false,"template":"","format":"standard","meta":[],"categories":[2],"tags":[],"_links":{"self":[{"href":"http:\/\/cordobainforma.info\/index.php\/wp-json\/wp\/v2\/posts\/171401"}],"collection":[{"href":"http:\/\/cordobainforma.info\/index.php\/wp-json\/wp\/v2\/posts"}],"about":[{"href":"http:\/\/cordobainforma.info\/index.php\/wp-json\/wp\/v2\/types\/post"}],"author":[{"embeddable":true,"href":"http:\/\/cordobainforma.info\/index.php\/wp-json\/wp\/v2\/users\/1"}],"replies":[{"embeddable":true,"href":"http:\/\/cordobainforma.info\/index.php\/wp-json\/wp\/v2\/comments?post=171401"}],"version-history":[{"count":0,"href":"http:\/\/cordobainforma.info\/index.php\/wp-json\/wp\/v2\/posts\/171401\/revisions"}],"wp:featuredmedia":[{"embeddable":true,"href":"http:\/\/cordobainforma.info\/index.php\/wp-json\/wp\/v2\/media\/171402"}],"wp:attachment":[{"href":"http:\/\/cordobainforma.info\/index.php\/wp-json\/wp\/v2\/media?parent=171401"}],"wp:term":[{"taxonomy":"category","embeddable":true,"href":"http:\/\/cordobainforma.info\/index.php\/wp-json\/wp\/v2\/categories?post=171401"},{"taxonomy":"post_tag","embeddable":true,"href":"http:\/\/cordobainforma.info\/index.php\/wp-json\/wp\/v2\/tags?post=171401"}],"curies":[{"name":"wp","href":"https:\/\/api.w.org\/{rel}","templated":true}]}}