{"id":171387,"date":"2025-10-19T06:04:55","date_gmt":"2025-10-19T06:04:55","guid":{"rendered":"http:\/\/cordobainforma.info\/index.php\/2025\/10\/19\/bmw-presento-los-autos-del-plantel-del-real-madrid-y-franco-mastantuono-eligio-el-mas\/"},"modified":"2025-10-19T06:04:55","modified_gmt":"2025-10-19T06:04:55","slug":"bmw-presento-los-autos-del-plantel-del-real-madrid-y-franco-mastantuono-eligio-el-mas","status":"publish","type":"post","link":"http:\/\/cordobainforma.info\/index.php\/2025\/10\/19\/bmw-presento-los-autos-del-plantel-del-real-madrid-y-franco-mastantuono-eligio-el-mas\/","title":{"rendered":"BMW present\u00f3 los autos del plantel del Real Madrid y Franco Mastantuono eligi\u00f3 el m\u00e1s &#8230;"},"content":{"rendered":"<p>En total, la flota del club merengue ronda los 4 millones de euros. La \u201caustera\u201d elecci\u00f3n del argentino. <\/p>\n","protected":false},"excerpt":{"rendered":"<p>En total, la flota del club merengue ronda los 4 millones de euros. La \u201caustera\u201d elecci\u00f3n del argentino.<\/p>\n","protected":false},"author":1,"featured_media":0,"comment_status":"closed","ping_status":"closed","sticky":false,"template":"","format":"standard","meta":[],"categories":[23],"tags":[],"_links":{"self":[{"href":"http:\/\/cordobainforma.info\/index.php\/wp-json\/wp\/v2\/posts\/171387"}],"collection":[{"href":"http:\/\/cordobainforma.info\/index.php\/wp-json\/wp\/v2\/posts"}],"about":[{"href":"http:\/\/cordobainforma.info\/index.php\/wp-json\/wp\/v2\/types\/post"}],"author":[{"embeddable":true,"href":"http:\/\/cordobainforma.info\/index.php\/wp-json\/wp\/v2\/users\/1"}],"replies":[{"embeddable":true,"href":"http:\/\/cordobainforma.info\/index.php\/wp-json\/wp\/v2\/comments?post=171387"}],"version-history":[{"count":0,"href":"http:\/\/cordobainforma.info\/index.php\/wp-json\/wp\/v2\/posts\/171387\/revisions"}],"wp:attachment":[{"href":"http:\/\/cordobainforma.info\/index.php\/wp-json\/wp\/v2\/media?parent=171387"}],"wp:term":[{"taxonomy":"category","embeddable":true,"href":"http:\/\/cordobainforma.info\/index.php\/wp-json\/wp\/v2\/categories?post=171387"},{"taxonomy":"post_tag","embeddable":true,"href":"http:\/\/cordobainforma.info\/index.php\/wp-json\/wp\/v2\/tags?post=171387"}],"curies":[{"name":"wp","href":"https:\/\/api.w.org\/{rel}","templated":true}]}}