{"id":171306,"date":"2025-10-18T11:31:30","date_gmt":"2025-10-18T11:31:30","guid":{"rendered":"http:\/\/cordobainforma.info\/index.php\/2025\/10\/18\/polonia-libera-al-sospechoso-de-sabotear-los-nord-stream\/"},"modified":"2025-10-18T11:31:30","modified_gmt":"2025-10-18T11:31:30","slug":"polonia-libera-al-sospechoso-de-sabotear-los-nord-stream","status":"publish","type":"post","link":"http:\/\/cordobainforma.info\/index.php\/2025\/10\/18\/polonia-libera-al-sospechoso-de-sabotear-los-nord-stream\/","title":{"rendered":"Polonia libera al sospechoso de sabotear los Nord Stream"},"content":{"rendered":"<p><img src=\"http:\/\/cordobainforma.info\/wp-content\/uploads\/2025\/10\/polonia-libera-al-sospechoso-de-sabotear-los-nord-stream.jpg\"><\/p>\n<p>Una corte polaca bloque\u00f3 este viernes la extradici\u00f3n a Alemania de un ciudadano ucraniano sospechoso de estar involucrado en el&nbsp;atentado&nbsp;con explosivos contra los gasoductos&nbsp;Nord Stream.<\/p>\n<p>A finales de septiembre, Vlad\u00edmir Zhuravliov, que era buscado en virtud de&nbsp;una orden de detenci\u00f3n europea emitida por un tribunal alem\u00e1n, fue detenido cerca de Varsovia. De acuerdo con los fiscales alemanes,&nbsp;se trata de un buceador capacitado que formaba parte del grupo que coloc\u00f3 explosivos cerca de los gasoductos, <a href=\"https:\/\/apnews.com\/article\/poland-germany-nord-stream-pipeline-suspect-extradition-0cfada6fb69c30034806100681beb6c5\" target=\"_blank\" rel=\"noopener noreferrer\">recoge<\/a> AP.<\/p>\n<p>No obstante, el tribunal polaco dictamin\u00f3 la liberaci\u00f3n inmediata de&nbsp;Zhuravliov.&nbsp;La decisi\u00f3n puede ser apelada en un plazo de tres d\u00edas.<\/p>\n<h3>\u00abNo es sabotaje, sino una acci\u00f3n militar\u00bb<\/h3>\n<div class=\"ReadMore-root Section-root Section-is1to3-xs_is1to1\" data-widgets=\"ReadMore\">\n<div class=\"Section-container Section-isRow-isTop-isWrap\">\n<article class=\"Card-root Card-is1to1 Card-default \">\n<div class=\"Card-imageWrap\">\n<div class=\"Card-picture\"> <picture class=\"Picture-root Picture-default\"><!--[if IE 9]><video style=\"display: none;\"><![endif]--><source media=\"(-webkit-min-device-pixel-ratio: 2) and (min-resolution: 120dpi)\" srcset=\"http:\/\/cordobainforma.info\/wp-content\/uploads\/2025\/10\/polonia-libera-al-sospechoso-de-sabotear-los-nord-stream-2.jpg 850w, http:\/\/cordobainforma.info\/wp-content\/uploads\/2025\/10\/polonia-libera-al-sospechoso-de-sabotear-los-nord-stream-3.jpg 1960w\"><source srcset=\"http:\/\/cordobainforma.info\/wp-content\/uploads\/2025\/10\/polonia-libera-al-sospechoso-de-sabotear-los-nord-stream-2.jpg, https:\/\/actualidad.rt.com\/actualidad\/460, http:\/\/cordobainforma.info\/wp-content\/uploads\/2025\/10\/polonia-libera-al-sospechoso-de-sabotear-los-nord-stream-3.jpg 980w\"><!--[if IE 9]><\/video><![endif]--><img data-sizes=\"auto\" src=\"http:\/\/cordobainforma.info\/wp-content\/uploads\/2025\/10\/polonia-libera-al-sospechoso-de-sabotear-los-nord-stream-2.jpg\" class=\"Picture-root Picture-default lazyload\" alt=\"Tres a\u00f1os de estancamiento: el duro golpe a la econom\u00eda alemana tras explosiones del Nord Stream\"><\/picture><!-- noscript pattern --><noscript><img src=\"http:\/\/cordobainforma.info\/wp-content\/uploads\/2025\/10\/polonia-libera-al-sospechoso-de-sabotear-los-nord-stream-3.jpg\" alt=\"Tres a\u00f1os de estancamiento: el duro golpe a la econom\u00eda alemana tras explosiones del Nord Stream\"><\/noscript> <\/div><\/div>\n<\/article><\/div><\/div>\n<p>El juez en el caso, Dariusz Lubowski, sostuvo que \u00abla voladura de infraestructuras cr\u00edticas durante una guerra \u2014una guerra justa y defensiva\u2014 no es sabotaje, sino una acci\u00f3n militar\u00bb.&nbsp;\u00abEstas acciones no fueron ilegales. Al contrario, <strong>fueron justificadas, racionales y justas<\/strong>\u00ab, <a href=\"https:\/\/www.bloomberg.com\/news\/articles\/2025-10-17\/poland-denies-extradition-of-nord-stream-suspect-to-germany\" target=\"_blank\" rel=\"noopener noreferrer\">agreg\u00f3<\/a>, citado por Bloomberg.<\/p>\n<p>En opini\u00f3n de Lubowski, la acci\u00f3n no debe ser considerada como un acto terrorista, ya que tuvo lugar durante un conflicto armado. Adem\u00e1s, indic\u00f3 que la jurisdicci\u00f3n del tribunal alem\u00e1n es&nbsp;limitada porque el ataque se produjo en aguas internacionales.<\/p>\n<p>El abogado de&nbsp;Zhuravliov, Tymoteusz Paprocki, declar\u00f3 que su cliente no cometi\u00f3 ning\u00fan crimen contra Alemania y \u00abno entiende por qu\u00e9 estos cargos fueron presentados por la parte alemana\u00bb.&nbsp;<\/p>\n<h3>Reacci\u00f3n en Varsovia y Berl\u00edn<\/h3>\n<p>Al comentar el veredicto, el primer ministro de Polonia, Donald Tusk, <a href=\"https:\/\/x.com\/donaldtusk\/status\/1979158877691072697\" target=\"_blank\" rel=\"noopener noreferrer\">declar\u00f3<\/a> que la extradici\u00f3n fue denegada y el individuo fue liberado \u00abcon raz\u00f3n\u00bb. \u00abEl caso est\u00e1 cerrado\u00bb, concluy\u00f3.<\/p>\n<p>La semana pasada Tusk ya&nbsp;<a href=\"https:\/\/esrt.space\/actualidad\/567847-tusk-problema-detonar-nord-stream\" target=\"_blank\" rel=\"noopener noreferrer\">justific\u00f3<\/a>&nbsp;el acto de <a href=\"https:\/\/actualidad.rt.com\/actualidad\/563776-ministro-aleman-califica-acto-terror-nord-stream\" rel=\"up\">terrorismo<\/a>&nbsp;contra los Nord Stream y conden\u00f3 el hecho de que los gasoductos se hubieran construido.&nbsp;\u00abEl problema para Europa, Ucrania, Lituania y Polonia no es que el Nord Stream 2 haya sido detonado, sino&nbsp;<strong>que se construyera<\/strong>\u00ab, manifest\u00f3.<\/p>\n<p>Por su parte, el ministro de Relaciones Exteriores de Alemania,&nbsp;Johann Wadephul, <a href=\"https:\/\/nordot.app\/1351971397633688274\" target=\"_blank\" rel=\"noopener noreferrer\">dijo<\/a> que \u00abrespeta\u00bb el veredicto.&nbsp;\u00abSi se han tomado decisiones judiciales, especialmente en otros pa\u00edses, creo que no es competencia del Ejecutivo interferir\u00bb, afirm\u00f3.<\/p>\n<h3><strong>Sabotaje<\/strong><\/h3>\n<div class=\"ReadMore-root Section-root Section-is1to3-xs_is1to1\" data-widgets=\"ReadMore\">\n<div class=\"Section-container Section-isRow-isTop-isWrap\">\n<article class=\"Card-root Card-is1to1 Card-default \">\n<div class=\"Card-imageWrap\">\n<div class=\"Card-picture\"> <picture class=\"Picture-root Picture-default\"><!--[if IE 9]><video style=\"display: none;\"><![endif]--><source media=\"(-webkit-min-device-pixel-ratio: 2) and (min-resolution: 120dpi)\" srcset=\"http:\/\/cordobainforma.info\/wp-content\/uploads\/2025\/10\/polonia-libera-al-sospechoso-de-sabotear-los-nord-stream-4.jpg 850w, http:\/\/cordobainforma.info\/wp-content\/uploads\/2025\/10\/polonia-libera-al-sospechoso-de-sabotear-los-nord-stream-5.jpg 1960w\"><source srcset=\"http:\/\/cordobainforma.info\/wp-content\/uploads\/2025\/10\/polonia-libera-al-sospechoso-de-sabotear-los-nord-stream-4.jpg, https:\/\/actualidad.rt.com\/actualidad\/460, http:\/\/cordobainforma.info\/wp-content\/uploads\/2025\/10\/polonia-libera-al-sospechoso-de-sabotear-los-nord-stream-5.jpg 980w\"><!--[if IE 9]><\/video><![endif]--><img data-sizes=\"auto\" src=\"http:\/\/cordobainforma.info\/wp-content\/uploads\/2025\/10\/polonia-libera-al-sospechoso-de-sabotear-los-nord-stream-4.jpg\" class=\"Picture-root Picture-default lazyload\" alt=\"&quot;Alg\u00fan d\u00eda se sabr\u00e1&quot;: Lo que dijo Putin a lo largo de tres a\u00f1os sobre el sabotaje de los Nord Stream\"><\/picture><!-- noscript pattern --><noscript><img src=\"http:\/\/cordobainforma.info\/wp-content\/uploads\/2025\/10\/polonia-libera-al-sospechoso-de-sabotear-los-nord-stream-5.jpg\" alt=\"&quot;Alg\u00fan d\u00eda se sabr\u00e1&quot;: Lo que dijo Putin a lo largo de tres a\u00f1os sobre el sabotaje de los Nord Stream\"><\/noscript> <\/div><\/div>\n<\/article><\/div><\/div>\n<ul>\n<li>Las&nbsp;<a href=\"https:\/\/actualidad.rt.com\/actualidad\/446662-putin-revela-detalles-explosiones-nord-stream\" target=\"_blank\" rel=\"noopener noreferrer\">explosiones<\/a><strong>&nbsp;en los gasoductos Nord Stream 1 y 2<\/strong>&nbsp;ocurrieron el 26 de septiembre de 2022, desatando grandes fugas de gas en el mar B\u00e1ltico.&nbsp;Posteriormente, los Gobiernos de Dinamarca, Alemania y Suecia&nbsp;<a href=\"https:\/\/actualidad.rt.com\/actualidad\/446049-dinamarca-alemania-suecia-compartir-ataques-nord-stream\" target=\"_blank\" rel=\"noopener noreferrer\">se negaron<\/a>&nbsp;a divulgar los resultados de su investigaci\u00f3n sobre la acci\u00f3n y&nbsp;<strong>desoyeron las peticiones de Rusia<\/strong>, que solicit\u00f3 que se le permitiera participar en las investigaciones.<\/li>\n<\/ul>\n<ul>\n<li>En 2022 el presidente de Rusia, Vlad\u00edmir Putin,&nbsp;<a href=\"https:\/\/actualidad.rt.com\/actualidad\/444536-putin-energia-europa\" target=\"_blank\" rel=\"noopener noreferrer\">expres\u00f3<\/a>&nbsp;que detr\u00e1s de estos ataques se encontraba alguien<strong>&nbsp;<\/strong>\u00abcapaz de organizar las explosiones t\u00e9cnicamente y que ya recurri\u00f3 a ese tipo de sabotajes\u00bb,&nbsp;insinuando&nbsp;que detr\u00e1s estaba Estados Unidos bajo el mandato de Joe Biden.<\/li>\n<\/ul>\n<ul>\n<li>En 2023 el&nbsp;reconocido periodista estadounidense Seymour Hersh&nbsp;<a href=\"https:\/\/actualidad.rt.com\/actualidad\/457577-seymour-hersh-dice-buzos-eeuu-explotar-nord-stream\" target=\"_blank\" rel=\"noopener noreferrer\">concluy\u00f3<\/a>&nbsp;que<strong>&nbsp;la Casa Blanca estaba detr\u00e1s del atentado<\/strong>.<\/li>\n<\/ul>\n<ul>\n<li>Otros&nbsp;<a href=\"https:\/\/actualidad.rt.com\/actualidad\/477680-spiegel-publica-investigacion-sabotaje-nord\" target=\"_blank\" rel=\"noopener noreferrer\">reportes<\/a>&nbsp;de la prensa occidental&nbsp;responsabilizaron de la voladura a grupos de sabotaje ucranianos que habr\u00edan llegado al lugar del ataque en un yate llamado Andr\u00f3meda.<\/li>\n<\/ul>\n<figure class=\"RTImage-root\">\n<div class=\"RTImage-image RTImage-original\"><picture class=\"Picture-root Picture-original\"><!--[if IE 9]><video style=\"display: none;\"><![endif]--><source media=\"(-webkit-min-device-pixel-ratio: 2) and (min-resolution: 120dpi)\" srcset=\"http:\/\/cordobainforma.info\/wp-content\/uploads\/2025\/10\/polonia-libera-al-sospechoso-de-sabotear-los-nord-stream.png 850w, http:\/\/cordobainforma.info\/wp-content\/uploads\/2025\/10\/polonia-libera-al-sospechoso-de-sabotear-los-nord-stream.png 1960w\"><source srcset=\"http:\/\/cordobainforma.info\/wp-content\/uploads\/2025\/10\/polonia-libera-al-sospechoso-de-sabotear-los-nord-stream.png 460w, http:\/\/cordobainforma.info\/wp-content\/uploads\/2025\/10\/polonia-libera-al-sospechoso-de-sabotear-los-nord-stream.png 980w\"><!--[if IE 9]><\/video><![endif]--><img data-sizes=\"auto\" src=\"http:\/\/cordobainforma.info\/wp-content\/uploads\/2025\/10\/polonia-libera-al-sospechoso-de-sabotear-los-nord-stream.png\" class=\"Picture-root Picture-original lazyload\" alt><\/picture><!-- noscript pattern --><noscript><img src=\"http:\/\/cordobainforma.info\/wp-content\/uploads\/2025\/10\/polonia-libera-al-sospechoso-de-sabotear-los-nord-stream.png\" alt><\/noscript><\/div>\n<\/figure>\n<p><em><strong>Si quiere saber m\u00e1s sobre los gasoductos&nbsp;Nord Stream y su sabotaje, lea&nbsp;<a href=\"https:\/\/actualidad.rt.com\/a-fondo\/544251-nord-stream-sirve-donde-encuentra\" target=\"_blank\" rel=\"noopener noreferrer\">este art\u00edculo<\/a>&nbsp;&nbsp;<\/strong><\/em><\/p>\n","protected":false},"excerpt":{"rendered":"<p>Una corte polaca bloque\u00f3 este viernes la extradici\u00f3n a Alemania de un ciudadano ucraniano sospechoso de estar involucrado en el&nbsp;atentado&nbsp;con explosivos contra los gasoductos&nbsp;Nord Stream. A finales de septiembre, Vlad\u00edmir Zhuravliov, que era buscado en virtud de&nbsp;una orden de detenci\u00f3n europea emitida por un tribunal alem\u00e1n, fue detenido cerca de Varsovia. De acuerdo con los [&hellip;]<\/p>\n","protected":false},"author":1,"featured_media":171307,"comment_status":"closed","ping_status":"closed","sticky":false,"template":"","format":"standard","meta":[],"categories":[22],"tags":[],"_links":{"self":[{"href":"http:\/\/cordobainforma.info\/index.php\/wp-json\/wp\/v2\/posts\/171306"}],"collection":[{"href":"http:\/\/cordobainforma.info\/index.php\/wp-json\/wp\/v2\/posts"}],"about":[{"href":"http:\/\/cordobainforma.info\/index.php\/wp-json\/wp\/v2\/types\/post"}],"author":[{"embeddable":true,"href":"http:\/\/cordobainforma.info\/index.php\/wp-json\/wp\/v2\/users\/1"}],"replies":[{"embeddable":true,"href":"http:\/\/cordobainforma.info\/index.php\/wp-json\/wp\/v2\/comments?post=171306"}],"version-history":[{"count":0,"href":"http:\/\/cordobainforma.info\/index.php\/wp-json\/wp\/v2\/posts\/171306\/revisions"}],"wp:featuredmedia":[{"embeddable":true,"href":"http:\/\/cordobainforma.info\/index.php\/wp-json\/wp\/v2\/media\/171307"}],"wp:attachment":[{"href":"http:\/\/cordobainforma.info\/index.php\/wp-json\/wp\/v2\/media?parent=171306"}],"wp:term":[{"taxonomy":"category","embeddable":true,"href":"http:\/\/cordobainforma.info\/index.php\/wp-json\/wp\/v2\/categories?post=171306"},{"taxonomy":"post_tag","embeddable":true,"href":"http:\/\/cordobainforma.info\/index.php\/wp-json\/wp\/v2\/tags?post=171306"}],"curies":[{"name":"wp","href":"https:\/\/api.w.org\/{rel}","templated":true}]}}