{"id":171282,"date":"2025-10-18T11:46:01","date_gmt":"2025-10-18T11:46:01","guid":{"rendered":"https:\/\/www.modapunta.com\/noticia\/9973\/moda\/escandalo-en-el-mundo-de-la-moda-el-hijo-del-fundador-de-mango-acusado-de-homicidio.html"},"modified":"2025-10-18T11:46:01","modified_gmt":"2025-10-18T11:46:01","slug":"escandalo-en-el-mundo-de-la-moda-el-hijo-del-fundador-de-mango-acusado-de-homicidio","status":"publish","type":"post","link":"http:\/\/cordobainforma.info\/index.php\/2025\/10\/18\/escandalo-en-el-mundo-de-la-moda-el-hijo-del-fundador-de-mango-acusado-de-homicidio\/","title":{"rendered":"Esc\u00e1ndalo en el mundo de la moda: El hijo del fundador de Mango acusado de homicidio"},"content":{"rendered":"<div class=\"media_block\"><\/div>\n<div><img src=\"http:\/\/cordobainforma.info\/wp-content\/uploads\/2025\/10\/escandalo-en-el-mundo-de-la-moda-el-hijo-del-fundador-de-mango-acusado-de-homicidio.jpg\" class=\"ff-og-image-inserted\"><\/div>\n<p>La familia del fundador de la cadena de moda Mango, Isak Andic, ha emitido un comunicado oficial en el que defiende la inocencia de su hijo Jonathan, imputado por homicidio en relaci\u00f3n con la muerte del empresario ocurrida hace casi un a\u00f1o. El caso, que inicialmente se archiv\u00f3 como un accidente, ha sido reabierto por los Mossos d&#8217;Esquadra debido a contradicciones en el testimonio del hijo mayor de Andic, quien acompa\u00f1aba al fallecido durante una excursi\u00f3n de senderismo en la monta\u00f1a de Montserrat.<\/p>\n<div id=\"textoNoticia\" readability=\"122\">\n<p>Isak Andic, de 71 a\u00f1os y conocido por su trayectoria como emprendedor en el sector textil, falleci\u00f3 el 14 de diciembre de 2024 tras precipitarse por un barranco de unos 150 metros de altura en una ruta marcada entre las cuevas del Salnitre en Collbat\u00f3 y el monasterio de Montserrat. El empresario, un experimentado excursionista familiarizado con el terreno, realizaba la ruta junto a su hijo Jonathan cuando, seg\u00fan el relato inicial de este, un desprendimiento de rocas provoc\u00f3 la ca\u00edda de su padre en un terreno resbaladizo por las lluvias previas.<\/p>\n<p>Los servicios de emergencia, incluyendo Mossos d&#8217;Esquadra, Bombers de la Generalitat y el Sistema d\u2019Emerg\u00e8ncies M\u00e8diques (SEM), acudieron al lugar alrededor de la 13:00 horas y certificaron la muerte de Andic en el sitio. Su cuerpo fue recuperado por la Unidad de Intervenci\u00f3n en Monta\u00f1a y trasladado al Institut de Medicina Legal i Ci\u00e8ncies Forenses de Catalunya para la autopsia, que inicialmente respald\u00f3 la hip\u00f3tesis de un accidente fortuito.<\/p>\n<p>Sin embargo, el caso fue reabierto el 4 de marzo de 2025 por el Juzgado de Instrucci\u00f3n n\u00famero 5 de Martorell tras la revisi\u00f3n de testimonios de testigos, el an\u00e1lisis del tel\u00e9fono m\u00f3vil y pertenencias de Isak Andic, y el informe forense. Los investigadores detectaron inconsistencias en las declaraciones de Jonathan Andic, prestadas en un estado de shock inicial, lo que llev\u00f3 a una declaraci\u00f3n complementaria. El mes pasado, la jueza imput\u00f3 formalmente a Jonathan por homicidio, permitiendo el examen exhaustivo de su tel\u00e9fono m\u00f3vil para verificar datos de posicionamiento del d\u00eda de los hechos.<\/p>\n<p>Aunque la investigaci\u00f3n se encuentra bajo secreto de sumario y no se han hallado pruebas concluyentes de homicidio, la hip\u00f3tesis actual apunta a una posible muerte no accidental. El informe forense mantiene la tesis del accidente, pero las contradicciones testimoniales han impulsado las diligencias para reconstruir con precisi\u00f3n los eventos del 14 de diciembre de 2024.<\/p>\n<p>En un comunicado emitido este jueves, la familia Andic ha pedido respeto y discreci\u00f3n durante el proceso judicial. \u00abLa familia Andic no ha hecho ni har\u00e1 comentarios durante todos estos meses sobre el fallecimiento de Isak Andic. Sin embargo, desea mostrar su respeto por las diligencias que se han practicado al respecto y continuar\u00e1 colaborando, como hasta ahora, con las autoridades competentes. Adem\u00e1s, conf\u00eda en que este proceso concluir\u00e1 lo antes posible y que se demostrar\u00e1 la inocencia de Jonathan Andic\u00bb, reza el texto<\/p>\n<p>El caso ha generado un gran impacto en el mundo empresarial catal\u00e1n, donde Isak Andic era una figura emblem\u00e1tica. Mango, fundada por \u00e9l en 1984, se ha consolidado como una de las marcas de moda m\u00e1s exitosas de Espa\u00f1a, con presencia global. Jonathan Andic, como heredero, ha estado involucrado en la gesti\u00f3n familiar, y esta imputaci\u00f3n a\u00f1ade un cap\u00edtulo dram\u00e1tico a la sucesi\u00f3n en la compa\u00f1\u00eda.<\/p>\n<p>Las autoridades contin\u00faan las pesquisas bajo estricto secreto, y se espera que los pr\u00f3ximos avances en el an\u00e1lisis digital aporten claridad a este tr\u00e1gico suceso que ha conmocionado a la familia y al sector.<\/p>\n<\/div>\n","protected":false},"excerpt":{"rendered":"<p>La familia del fundador de la cadena de moda Mango, Isak Andic, ha emitido un comunicado oficial en el que defiende la inocencia de su hijo Jonathan, imputado por homicidio en relaci\u00f3n con la muerte del empresario ocurrida hace casi un a\u00f1o. El caso, que inicialmente se archiv\u00f3 como un accidente, ha sido reabierto por [&hellip;]<\/p>\n","protected":false},"author":1,"featured_media":171283,"comment_status":"open","ping_status":"closed","sticky":false,"template":"","format":"standard","meta":[],"categories":[24],"tags":[],"_links":{"self":[{"href":"http:\/\/cordobainforma.info\/index.php\/wp-json\/wp\/v2\/posts\/171282"}],"collection":[{"href":"http:\/\/cordobainforma.info\/index.php\/wp-json\/wp\/v2\/posts"}],"about":[{"href":"http:\/\/cordobainforma.info\/index.php\/wp-json\/wp\/v2\/types\/post"}],"author":[{"embeddable":true,"href":"http:\/\/cordobainforma.info\/index.php\/wp-json\/wp\/v2\/users\/1"}],"replies":[{"embeddable":true,"href":"http:\/\/cordobainforma.info\/index.php\/wp-json\/wp\/v2\/comments?post=171282"}],"version-history":[{"count":0,"href":"http:\/\/cordobainforma.info\/index.php\/wp-json\/wp\/v2\/posts\/171282\/revisions"}],"wp:featuredmedia":[{"embeddable":true,"href":"http:\/\/cordobainforma.info\/index.php\/wp-json\/wp\/v2\/media\/171283"}],"wp:attachment":[{"href":"http:\/\/cordobainforma.info\/index.php\/wp-json\/wp\/v2\/media?parent=171282"}],"wp:term":[{"taxonomy":"category","embeddable":true,"href":"http:\/\/cordobainforma.info\/index.php\/wp-json\/wp\/v2\/categories?post=171282"},{"taxonomy":"post_tag","embeddable":true,"href":"http:\/\/cordobainforma.info\/index.php\/wp-json\/wp\/v2\/tags?post=171282"}],"curies":[{"name":"wp","href":"https:\/\/api.w.org\/{rel}","templated":true}]}}