{"id":171271,"date":"2025-10-18T03:28:50","date_gmt":"2025-10-18T03:28:50","guid":{"rendered":"http:\/\/cordobainforma.info\/index.php\/2025\/10\/18\/un-juez-ordeno-restablecer-todas-las-pensiones-por-discapacidad-a-nivel-nacional\/"},"modified":"2025-10-18T03:28:50","modified_gmt":"2025-10-18T03:28:50","slug":"un-juez-ordeno-restablecer-todas-las-pensiones-por-discapacidad-a-nivel-nacional","status":"publish","type":"post","link":"http:\/\/cordobainforma.info\/index.php\/2025\/10\/18\/un-juez-ordeno-restablecer-todas-las-pensiones-por-discapacidad-a-nivel-nacional\/","title":{"rendered":"Un juez orden\u00f3 restablecer todas las pensiones por discapacidad a nivel nacional"},"content":{"rendered":"<p><b>Econom\u00eda<\/b> y finanzas. Ni Donald Trump ni Scott &#8230; Propietario: Diario La <b>Nueva<\/b> SRL | Director: Gustavo Fabi\u00e1n El\u00edas | Rodr\u00edguez 55, Bah\u00eda Blanca, <\/p>\n","protected":false},"excerpt":{"rendered":"<p>Econom\u00eda y finanzas. Ni Donald Trump ni Scott &#8230; Propietario: Diario La Nueva SRL | Director: Gustavo Fabi\u00e1n El\u00edas | Rodr\u00edguez 55, Bah\u00eda Blanca,<\/p>\n","protected":false},"author":1,"featured_media":0,"comment_status":"closed","ping_status":"closed","sticky":false,"template":"","format":"standard","meta":[],"categories":[23],"tags":[],"_links":{"self":[{"href":"http:\/\/cordobainforma.info\/index.php\/wp-json\/wp\/v2\/posts\/171271"}],"collection":[{"href":"http:\/\/cordobainforma.info\/index.php\/wp-json\/wp\/v2\/posts"}],"about":[{"href":"http:\/\/cordobainforma.info\/index.php\/wp-json\/wp\/v2\/types\/post"}],"author":[{"embeddable":true,"href":"http:\/\/cordobainforma.info\/index.php\/wp-json\/wp\/v2\/users\/1"}],"replies":[{"embeddable":true,"href":"http:\/\/cordobainforma.info\/index.php\/wp-json\/wp\/v2\/comments?post=171271"}],"version-history":[{"count":0,"href":"http:\/\/cordobainforma.info\/index.php\/wp-json\/wp\/v2\/posts\/171271\/revisions"}],"wp:attachment":[{"href":"http:\/\/cordobainforma.info\/index.php\/wp-json\/wp\/v2\/media?parent=171271"}],"wp:term":[{"taxonomy":"category","embeddable":true,"href":"http:\/\/cordobainforma.info\/index.php\/wp-json\/wp\/v2\/categories?post=171271"},{"taxonomy":"post_tag","embeddable":true,"href":"http:\/\/cordobainforma.info\/index.php\/wp-json\/wp\/v2\/tags?post=171271"}],"curies":[{"name":"wp","href":"https:\/\/api.w.org\/{rel}","templated":true}]}}