{"id":171227,"date":"2025-10-18T00:47:10","date_gmt":"2025-10-18T00:47:10","guid":{"rendered":"https:\/\/somoscordobeses.com\/2025\/10\/17\/cincuenta-familias-de-capilla-de-los-remedios-ya-son-legitimas-poseedoras-de-sus-viviendas\/"},"modified":"2025-10-18T00:47:10","modified_gmt":"2025-10-18T00:47:10","slug":"cincuenta-familias-de-capilla-de-los-remedios-ya-son-legitimas-poseedoras-de-sus-viviendas","status":"publish","type":"post","link":"http:\/\/cordobainforma.info\/index.php\/2025\/10\/18\/cincuenta-familias-de-capilla-de-los-remedios-ya-son-legitimas-poseedoras-de-sus-viviendas\/","title":{"rendered":"Cincuenta familias de Capilla de los Remedios ya son leg\u00edtimas poseedoras de sus viviendas"},"content":{"rendered":"<div><img src=\"http:\/\/cordobainforma.info\/wp-content\/uploads\/2025\/10\/cincuenta-familias-de-capilla-de-los-remedios-ya-son-legitimas-poseedoras-de-sus-viviendas.jpg\" class=\"ff-og-image-inserted\"><\/div>\n<p>Cincuenta familias de Capilla de los Remedios fueron reconocidas p\u00fablicamente como leg\u00edtimas poseedoras de sus terrenos o viviendas despu\u00e9s de Iniciar los tr\u00e1mites ante la Unidad Ejecutora para el Saneamiento de T\u00edtulos.<\/p>\n<p>El ministro de Justicia y Trabajo, Juli\u00e1n L\u00f3pez, viaj\u00f3 a la localidad del departamento R\u00edo Primero para entregar los t\u00edtulos de posesi\u00f3n.<\/p>\n<p>Acompa\u00f1aron el encuentro el secretario de Justicia Leandro Goria, la presidenta de la Unidad Ejecutora para el Saneamiento de T\u00edtulos Irene Gabutti, y el legislador Juan Jos\u00e9 Blangino.<\/p>\n<p>Tres a\u00f1os atr\u00e1s se inici\u00f3 un gran operativo territorial que desarroll\u00f3 el equipo t\u00e9cnico de la Unidad Ejecutora para el Saneamiento de T\u00edtulos y que permiti\u00f3 ahora regularizar la situaci\u00f3n de medio centenar de familias.<\/p>\n<p>En ese operativo se generaron cien expedientes y se estableci\u00f3 que el 10% de la poblaci\u00f3n necesitaba mayor seguridad jur\u00eddica sobre sus inmuebles pose\u00eddos de buena fe.<\/p>\n<p>L\u00f3pez comparti\u00f3 la satisfacci\u00f3n de culminar el tr\u00e1mite para gran parte de ellos y que tengan en mano su resoluci\u00f3n posesoria.&nbsp;\u201cNos da placer, orgullo, alegr\u00eda, venir a estos lugares y poder mirar a las familias a los ojos y saber que todo el trabajo que realiza la funci\u00f3n p\u00fablica tiene el objetivo de resolver los problemas que las familias no pueden resolver por s\u00ed mismas\u201d, dijo el ministro.<\/p>\n<p>Afirm\u00f3 tambi\u00e9n que reciben&nbsp;\u201cmayor tranquilidad, mayor dignidad, y un futuro prometedor para adelante porque quiere vivir en un lugar con miedo de que alguien venga, se lo reclame y se lo quite como s\u00ed lo hicieron con Ramona Bustamante, una campesina del noroeste cordob\u00e9s que inspir\u00f3 la creaci\u00f3n en el a\u00f1o 2005 de la Ley 9150 para el Saneamiento de T\u00edtulos\u201d.<\/p>\n<p>C\u00f3rdoba dispone de una ley que no existe en otras provincias y que permite que el Estado reconozca las posesiones y les de publicidad.&nbsp;\u201cPosesi\u00f3n que ustedes ten\u00edan de antes, incluso muchos de hace m\u00e1s de 20 a\u00f1os. Pero a veces no se tiene la posibilidad econ\u00f3mica, material de hacer un juicio de usucapci\u00f3n y as\u00ed llegar a la escritura definitiva\u201d, describi\u00f3 Irene Gabutti. <\/p>\n<p>En esos casos, como se\u00f1alaron los funcionarios, est\u00e1 presente el Estado provincial a trav\u00e9s de la pol\u00edtica de saneamiento de t\u00edtulos. <\/p>\n<p>\u201cSe acerca a ustedes y les facilita, no solo el expediente, sino la confecci\u00f3n de plano\u201d, resalt\u00f3 la presidente de la Unidad Ejecutora. De esta forma, las 50 familias no solo recibieron la carpeta con su t\u00edtulo de posesi\u00f3n sino tambi\u00e9n su plano con la determinaci\u00f3n precisa de los l\u00edmites de su terreno. Lo que significa posibilitar a familias que no pueden afrontar la inversi\u00f3n que implica la confecci\u00f3n de planos, a acceder al tr\u00e1mite para ser reconocidos como leg\u00edtimos poseedores. <\/p>\n<p>Para el jefe comunal C\u00e9sar Nicol\u00e1s \u00d1a\u00f1ez este d\u00eda no fue uno m\u00e1s.&nbsp;\u201cSon muchos los que hoy reciben una resoluci\u00f3n de posesi\u00f3n y con ella la certeza y la tranquilidad de que lo que construyeron con tanto sacrificio, esfuerzo y amor tiene un reconocimiento legal y un respaldo del Estado\u201d dijo. \u201cCada vecino puede mirar el futuro con esperanza y sabiendo que su hogar est\u00e1 protegido. Vecinos y vecinas, a partir de hoy ustedes tienen en sus manos un documento que los respalda\u201d, agreg\u00f3 Nicol\u00e1s \u00d1a\u00f1ez. <\/p>\n<p>Al tener la Resoluci\u00f3n, las viviendas y terrenos se integran al Registro Personal de Poseedores de manera p\u00fablica. Como explic\u00f3 Irene Gabutti:&nbsp;\u201cEsto quiere decir que cualquier persona que pida un informe en el Registro de la Provincia le va a aparecer su nombre y apellido y DNI anotado como poseedores. Nadie puede desconocer a partir de hoy que ustedes son los poseedores\u201d, asegur\u00f3. <\/p>\n","protected":false},"excerpt":{"rendered":"<p>Cincuenta familias de Capilla de los Remedios fueron reconocidas p\u00fablicamente como leg\u00edtimas poseedoras de sus terrenos o viviendas despu\u00e9s de Iniciar los tr\u00e1mites ante la Unidad Ejecutora para el Saneamiento de T\u00edtulos. El ministro de Justicia y Trabajo, Juli\u00e1n L\u00f3pez, viaj\u00f3 a la localidad del departamento R\u00edo Primero para entregar los t\u00edtulos de posesi\u00f3n. Acompa\u00f1aron [&hellip;]<\/p>\n","protected":false},"author":1,"featured_media":171228,"comment_status":"closed","ping_status":"closed","sticky":false,"template":"","format":"standard","meta":[],"categories":[2],"tags":[],"_links":{"self":[{"href":"http:\/\/cordobainforma.info\/index.php\/wp-json\/wp\/v2\/posts\/171227"}],"collection":[{"href":"http:\/\/cordobainforma.info\/index.php\/wp-json\/wp\/v2\/posts"}],"about":[{"href":"http:\/\/cordobainforma.info\/index.php\/wp-json\/wp\/v2\/types\/post"}],"author":[{"embeddable":true,"href":"http:\/\/cordobainforma.info\/index.php\/wp-json\/wp\/v2\/users\/1"}],"replies":[{"embeddable":true,"href":"http:\/\/cordobainforma.info\/index.php\/wp-json\/wp\/v2\/comments?post=171227"}],"version-history":[{"count":0,"href":"http:\/\/cordobainforma.info\/index.php\/wp-json\/wp\/v2\/posts\/171227\/revisions"}],"wp:featuredmedia":[{"embeddable":true,"href":"http:\/\/cordobainforma.info\/index.php\/wp-json\/wp\/v2\/media\/171228"}],"wp:attachment":[{"href":"http:\/\/cordobainforma.info\/index.php\/wp-json\/wp\/v2\/media?parent=171227"}],"wp:term":[{"taxonomy":"category","embeddable":true,"href":"http:\/\/cordobainforma.info\/index.php\/wp-json\/wp\/v2\/categories?post=171227"},{"taxonomy":"post_tag","embeddable":true,"href":"http:\/\/cordobainforma.info\/index.php\/wp-json\/wp\/v2\/tags?post=171227"}],"curies":[{"name":"wp","href":"https:\/\/api.w.org\/{rel}","templated":true}]}}