{"id":171193,"date":"2025-10-17T00:09:48","date_gmt":"2025-10-17T00:09:48","guid":{"rendered":"https:\/\/www.escribiendocine.com\/noticias\/2025\/10\/16\/20719-critica-de-telefono-negro-2-el-terror-siempre-llama-dos-veces"},"modified":"2025-10-17T00:09:48","modified_gmt":"2025-10-17T00:09:48","slug":"critica-de-telefono-negro-2-el-terror-siempre-llama-dos-veces","status":"publish","type":"post","link":"http:\/\/cordobainforma.info\/index.php\/2025\/10\/17\/critica-de-telefono-negro-2-el-terror-siempre-llama-dos-veces\/","title":{"rendered":"Cr\u00edtica de \u201cTel\u00e9fono negro 2\u201d: el terror siempre llama dos veces."},"content":{"rendered":"<div class=\"media_block\"><\/div>\n<div><img src=\"http:\/\/cordobainforma.info\/wp-content\/uploads\/2025\/10\/critica-de-telefono-negro-2-el-terror-siempre-llama-dos-veces.jpg\" class=\"ff-og-image-inserted\"><\/div>\n<p>Cuatro a\u00f1os despu\u00e9s de <strong>El tel\u00e9fono negro<\/strong> (The Black Phone, 2021) -film basado en el cuento hom\u00f3nimo de Joe Hill, hijo del reconocido escritor Stephen King- se estrena su segunda entrega <strong>Tel\u00e9fono negro 2<\/strong> (Black Phone 2, 2025), nuevamente dirigida por Scott Derrickson, quien una vez m\u00e1s escribi\u00f3 el gui\u00f3n junto a C. Robert Cargill. Tras el \u00e9xito comercial de la primera pel\u00edcula, seg\u00fan el cr\u00edtico Chris Killian, en &nbsp;2022 Scott Derrickson coment\u00f3 que, si bien Joe Hill proteg\u00eda su historia, le hab\u00eda propuesto una <em>\u00abidea maravillosa<\/em>\u00bb para una secuela. En consecuencia, el director de <strong>Sinister <\/strong>(2012), <strong>Deliver us from Evil<\/strong> (2014), <strong>The exorcism of Emily Rose<\/strong> (2005), <strong>Doctor Strange<\/strong> (2016) y la remake de <strong>The Day the Earth Stood Still<\/strong> (2008), nos presenta una segunda parte situada cuatro a\u00f1os despu\u00e9s de los acontecimientos ocurridos en 1978. Mientras que Finn (Mason Thames) -ahora con 17 a\u00f1os- lidia con los traumas que ha dejado haber sobrevivido al asesino de ni\u00f1os \u201cEl raptor\u201d (Ethan Hawke), los poderes sobrenaturales de su hermana menor Gwen (Madeleine McGraw) se acent\u00faan con visiones on\u00edricas provenientes del campamento del Lago Alpine.&nbsp;<\/p>\n<p class=\"noticia-relacionada noEditable\" data-id=\"14597\"><ampiframe src=\"https:\/\/www.escribiendocine.com\/api\/noticias\/14597\/relacionadas?amp=1\" layout=\"fixed-height\" sandbox=\"allow-top-navigation allow-top-navigation-by-user-activation allow-scripts \" height=\"100px\"> <b placeholder>Lee tambi\u00e9n: Cr\u00edtica de \u201cEl tel\u00e9fono negro\u201d, cine de terror a la antigua con Ethan Hawke<\/b> <\/ampiframe><\/p>\n<p>La narraci\u00f3n sigue situada en Colorado, pero en esta ocasi\u00f3n la acci\u00f3n se traslada de la ciudad a la naturaleza de un campamento cristiano cuyo escenario es un lago congelado en pleno invierno, con todos los alrededores nevados. Con valent\u00eda Gwen viaja hasta all\u00ed para descubrir porqu\u00e9 recibe mensajes de ni\u00f1os muertos en sue\u00f1os. Como es sabido sus dotes premonitorios han sido heredados de su difunta madre Hope (nombre que se traduce como Esperanza en espa\u00f1ol). De hecho, el relato inicia con un pr\u00f3logo ambientado en 1957 donde una Hope adolescente, utiliza el tel\u00e9fono negro en una casilla del Lago Alpine para comunicarse con seres de otros planos.<\/p>\n<p>En adici\u00f3n, esta secuela acent\u00faa lo fant\u00e1stico donde no solo crecen los poderes de Gwen y los llamados del m\u00e1s all\u00e1 que recibe Finn, sino que dos universos temporales, el de 1957 y el de 1982, se conectan, como as\u00ed tambi\u00e9n se entrelazan el mundo de los sue\u00f1os con el mundo de la vigilia en una forma de retroalimentaci\u00f3n. En dicho sentido la interacci\u00f3n que poseen los adolescentes con el asesino, sobre todo Gwen, se asemeja mucho al estilo de Frederick C. Krueger\/ Freddy Krueger, asesino de la saga de pel\u00edculas iniciada con<strong> Pesadilla en Elm Street<\/strong> (A Nightmare on Elm Street, 1984). Recordemos que en <strong>El tel\u00e9fono negro <\/strong>el director tambi\u00e9n homenajeaba pel\u00edculas como<strong> La masacre de Texas\/Masacre en cadena <\/strong>(The Texas Chain Saw Massacre, 1974) y <strong>Operaci\u00f3n drag\u00f3n<\/strong> (Enter the Dragon, 1973).&nbsp;<\/p>\n<p>Como resultado, este segundo relato resulta menos terrenal en comparaci\u00f3n a su predecesora y m\u00e1s sobrenatural. En esta ocasi\u00f3n el asesino serial quiere vengarse de Finn desde el m\u00e1s all\u00e1. Es por ello que quiz\u00e1s su propuesta resulte por momentos forzada o sea menos atrapante y veros\u00edmil que el primer largometraje. Otro desacierto, es que El Raptor, pierde protagonismo en esta entrega, los acontecimientos se dilatan tanto en el relato que el villano en cuesti\u00f3n, tarda en entrar en acci\u00f3n. Sin embargo, un aspecto original de esta propuesta, es que aqu\u00ed el infierno no es representado por el fuego como suele ser tradicionalmente, sino que en este relato el infierno es el hielo. Mientras que en la primera el infierno implicaba descender al s\u00f3tano, aqu\u00ed el infierno es sumergirse en un lago congelado. Ese lago, es el que congel\u00f3 los secretos del pasado, y que a trav\u00e9s de iniciales que funcionan como acertijo el pasado y el presente se conectar\u00e1n.&nbsp;<\/p>\n<p>En conclusi\u00f3n, en <strong>Tel\u00e9fono negro 2 <\/strong>se reduce el esquema actancial a menos personajes y a un universo m\u00e1s acotado en un paisaje m\u00e1s grandilocuente, que resulta m\u00e1s plano en algunos aspectos y por ende menos interesante. Algunas cuestiones resultan bastante forzadas y poco convincentes, sobre todo en cuanto a la idea de volver protagonista lo sobrenatural. Mientras que en la primera entrega Derrickson lograba inesperadamente que \u201csaltemos\u201d de la butaca en algunas ocasiones, esta secuela carece de este tipo de emociones.&nbsp;<\/p>\n<p>En adici\u00f3n, si bien continua la representaci\u00f3n de una sociedad donde los adultos son inoperantes, la potente cr\u00edtica a los mayores y la instituci\u00f3n familiar, que pose\u00eda el film anterior se encuentra aqu\u00ed algo desdibujada, aunque siguen siendo los adolescentes quienes poseen la valent\u00eda de afrontar sus miedos y atravesar los problemas. Juntos, los dos hermanos deber\u00e1n enfrentarse a un asesino a\u00fan m\u00e1s poderoso, lo que la convierte tambi\u00e9n en una pel\u00edcula sobre la hermandad y el amor fraternal. Por \u00faltimo, esta secuela reafirma la regla de que las segundas partes no son buenas.&nbsp;<\/p>\n<p><iframe src=\"https:\/\/www.youtube.com\/embed\/8H9w_RmsocE?embeds_referring_euri=https\" width=\"560\" height=\"314\" allowfullscreen=\"allowfullscreen\">[embedded content]<\/iframe><\/p>\n","protected":false},"excerpt":{"rendered":"<p>Cuatro a\u00f1os despu\u00e9s de El tel\u00e9fono negro (The Black Phone, 2021) -film basado en el cuento hom\u00f3nimo de Joe Hill, hijo del reconocido escritor Stephen King- se estrena su segunda entrega Tel\u00e9fono negro 2 (Black Phone 2, 2025), nuevamente dirigida por Scott Derrickson, quien una vez m\u00e1s escribi\u00f3 el gui\u00f3n junto a C. Robert Cargill. [&hellip;]<\/p>\n","protected":false},"author":1,"featured_media":171194,"comment_status":"open","ping_status":"closed","sticky":false,"template":"","format":"standard","meta":[],"categories":[21],"tags":[],"_links":{"self":[{"href":"http:\/\/cordobainforma.info\/index.php\/wp-json\/wp\/v2\/posts\/171193"}],"collection":[{"href":"http:\/\/cordobainforma.info\/index.php\/wp-json\/wp\/v2\/posts"}],"about":[{"href":"http:\/\/cordobainforma.info\/index.php\/wp-json\/wp\/v2\/types\/post"}],"author":[{"embeddable":true,"href":"http:\/\/cordobainforma.info\/index.php\/wp-json\/wp\/v2\/users\/1"}],"replies":[{"embeddable":true,"href":"http:\/\/cordobainforma.info\/index.php\/wp-json\/wp\/v2\/comments?post=171193"}],"version-history":[{"count":0,"href":"http:\/\/cordobainforma.info\/index.php\/wp-json\/wp\/v2\/posts\/171193\/revisions"}],"wp:featuredmedia":[{"embeddable":true,"href":"http:\/\/cordobainforma.info\/index.php\/wp-json\/wp\/v2\/media\/171194"}],"wp:attachment":[{"href":"http:\/\/cordobainforma.info\/index.php\/wp-json\/wp\/v2\/media?parent=171193"}],"wp:term":[{"taxonomy":"category","embeddable":true,"href":"http:\/\/cordobainforma.info\/index.php\/wp-json\/wp\/v2\/categories?post=171193"},{"taxonomy":"post_tag","embeddable":true,"href":"http:\/\/cordobainforma.info\/index.php\/wp-json\/wp\/v2\/tags?post=171193"}],"curies":[{"name":"wp","href":"https:\/\/api.w.org\/{rel}","templated":true}]}}