{"id":171191,"date":"2025-10-17T11:35:12","date_gmt":"2025-10-17T11:35:12","guid":{"rendered":"http:\/\/cordobainforma.info\/index.php\/2025\/10\/17\/musk-comenta-la-proxima-reunion-entre-putin-y-trump\/"},"modified":"2025-10-17T11:35:12","modified_gmt":"2025-10-17T11:35:12","slug":"musk-comenta-la-proxima-reunion-entre-putin-y-trump","status":"publish","type":"post","link":"http:\/\/cordobainforma.info\/index.php\/2025\/10\/17\/musk-comenta-la-proxima-reunion-entre-putin-y-trump\/","title":{"rendered":"Musk comenta la pr\u00f3xima reuni\u00f3n entre Putin y Trump"},"content":{"rendered":"<p><img src=\"http:\/\/cordobainforma.info\/wp-content\/uploads\/2025\/10\/musk-comenta-la-proxima-reunion-entre-putin-y-trump.jpg\"><\/p>\n<p>El magnate estadounidense Elon Musk reaccion\u00f3 a la noticia sobre la&nbsp;<strong>pr\u00f3xima reuni\u00f3n en Hungr\u00eda<\/strong> entre el presidente de Rusia, Vlad\u00edmir Putin, y su hom\u00f3logo estadounidense, Donald Trump.<\/p>\n<p>El secretario de Estado de EE.UU., Marco Rubio, hab\u00eda&nbsp;<a href=\"https:\/\/x.com\/SecRubio\/status\/1978879444358975881\" target=\"_blank\" rel=\"noopener noreferrer\">compartido<\/a>&nbsp;en X la <strong>publicaci\u00f3n hecha por Trump<\/strong> en la red social Truth Social, en la que el mandatario afirm\u00f3 que Washington y Mosc\u00fa comenzar\u00edan <strong>negociaciones de alto nivel<\/strong> para discutir las relaciones ruso-estadounidenses y el conflicto en Ucrania. Musk&nbsp;<a href=\"https:\/\/x.com\/elonmusk\/status\/1978888627703697536\" target=\"_blank\" rel=\"noopener noreferrer\">coment\u00f3<\/a>&nbsp;la publicaci\u00f3n escribiendo:&nbsp;<strong>\u00abAlentador\u00bb<\/strong>.<\/p>\n<div class=\"ReadMore-root Section-root Section-is1to3-xs_is1to1\" data-widgets=\"ReadMore\">\n<div class=\"Section-container Section-isRow-isTop-isWrap\">\n<article class=\"Card-root Card-is1to1 Card-default \">\n<div class=\"Card-imageWrap\">\n<div class=\"Card-picture\"> <picture class=\"Picture-root Picture-default\"><!--[if IE 9]><video style=\"display: none;\"><![endif]--><source media=\"(-webkit-min-device-pixel-ratio: 2) and (min-resolution: 120dpi)\" srcset=\"http:\/\/cordobainforma.info\/wp-content\/uploads\/2025\/10\/musk-comenta-la-proxima-reunion-entre-putin-y-trump-2.jpg 850w, http:\/\/cordobainforma.info\/wp-content\/uploads\/2025\/10\/musk-comenta-la-proxima-reunion-entre-putin-y-trump-3.jpg 1960w\"><source srcset=\"http:\/\/cordobainforma.info\/wp-content\/uploads\/2025\/10\/musk-comenta-la-proxima-reunion-entre-putin-y-trump-2.jpg, https:\/\/actualidad.rt.com\/actualidad\/460, http:\/\/cordobainforma.info\/wp-content\/uploads\/2025\/10\/musk-comenta-la-proxima-reunion-entre-putin-y-trump-3.jpg 980w\"><!--[if IE 9]><\/video><![endif]--><img data-sizes=\"auto\" src=\"http:\/\/cordobainforma.info\/wp-content\/uploads\/2025\/10\/musk-comenta-la-proxima-reunion-entre-putin-y-trump-2.jpg\" class=\"Picture-root Picture-default lazyload\" alt=\"La pr\u00f3xima cumbre entre Putin y Trump: \u00bfqu\u00e9 se sabe hasta ahora?\"><\/picture><!-- noscript pattern --><noscript><img src=\"http:\/\/cordobainforma.info\/wp-content\/uploads\/2025\/10\/musk-comenta-la-proxima-reunion-entre-putin-y-trump-3.jpg\" alt=\"La pr\u00f3xima cumbre entre Putin y Trump: \u00bfqu\u00e9 se sabe hasta ahora?\"><\/noscript> <\/div><\/div>\n<\/article><\/div><\/div>\n<p>Este jueves, los l\u00edderes de ambos pa\u00edses mantuvieron una <a href=\"https:\/\/esrt.space\/actualidad\/569098-putin-trump-mantienen-conversacion-telefonica\" target=\"_blank\" rel=\"noopener noreferrer\">conversaci\u00f3n telef\u00f3nica<\/a> de <strong>m\u00e1s de dos horas<\/strong> en la que hablaron sobre la posibilidad de celebrar pr\u00f3ximamente una reuni\u00f3n en Budapest, Hungr\u00eda.<\/p>\n<p>Desde el Kremlin <a href=\"https:\/\/actualidad.rt.com\/actualidad\/569153-proxima-cumbre-putin-trump-sabe-hasta-ahora\" target=\"_blank\" rel=\"noopener noreferrer\">se\u00f1alaron<\/a> que&nbsp;ambas partes se ocupar\u00e1n <strong>\u00absin demora\u00bb&nbsp;<\/strong>de los preparativos para el encuentro, labor que comenzar\u00e1 en los pr\u00f3ximos d\u00edas con&nbsp;una <strong>llamada telef\u00f3nica<\/strong> entre Marco Rubio&nbsp;y el canciller ruso,&nbsp;Sergu\u00e9i Lavrov.<\/p>\n","protected":false},"excerpt":{"rendered":"<p>El magnate estadounidense Elon Musk reaccion\u00f3 a la noticia sobre la&nbsp;pr\u00f3xima reuni\u00f3n en Hungr\u00eda entre el presidente de Rusia, Vlad\u00edmir Putin, y su hom\u00f3logo estadounidense, Donald Trump. El secretario de Estado de EE.UU., Marco Rubio, hab\u00eda&nbsp;compartido&nbsp;en X la publicaci\u00f3n hecha por Trump en la red social Truth Social, en la que el mandatario afirm\u00f3 que [&hellip;]<\/p>\n","protected":false},"author":1,"featured_media":171192,"comment_status":"closed","ping_status":"closed","sticky":false,"template":"","format":"standard","meta":[],"categories":[22],"tags":[],"_links":{"self":[{"href":"http:\/\/cordobainforma.info\/index.php\/wp-json\/wp\/v2\/posts\/171191"}],"collection":[{"href":"http:\/\/cordobainforma.info\/index.php\/wp-json\/wp\/v2\/posts"}],"about":[{"href":"http:\/\/cordobainforma.info\/index.php\/wp-json\/wp\/v2\/types\/post"}],"author":[{"embeddable":true,"href":"http:\/\/cordobainforma.info\/index.php\/wp-json\/wp\/v2\/users\/1"}],"replies":[{"embeddable":true,"href":"http:\/\/cordobainforma.info\/index.php\/wp-json\/wp\/v2\/comments?post=171191"}],"version-history":[{"count":0,"href":"http:\/\/cordobainforma.info\/index.php\/wp-json\/wp\/v2\/posts\/171191\/revisions"}],"wp:featuredmedia":[{"embeddable":true,"href":"http:\/\/cordobainforma.info\/index.php\/wp-json\/wp\/v2\/media\/171192"}],"wp:attachment":[{"href":"http:\/\/cordobainforma.info\/index.php\/wp-json\/wp\/v2\/media?parent=171191"}],"wp:term":[{"taxonomy":"category","embeddable":true,"href":"http:\/\/cordobainforma.info\/index.php\/wp-json\/wp\/v2\/categories?post=171191"},{"taxonomy":"post_tag","embeddable":true,"href":"http:\/\/cordobainforma.info\/index.php\/wp-json\/wp\/v2\/tags?post=171191"}],"curies":[{"name":"wp","href":"https:\/\/api.w.org\/{rel}","templated":true}]}}