{"id":171189,"date":"2025-10-17T11:41:12","date_gmt":"2025-10-17T11:41:12","guid":{"rendered":"http:\/\/cordobainforma.info\/index.php\/2025\/10\/17\/un-pais-de-la-ue-extendera-a-13-horas-la-jornada-laboral\/"},"modified":"2025-10-17T11:41:12","modified_gmt":"2025-10-17T11:41:12","slug":"un-pais-de-la-ue-extendera-a-13-horas-la-jornada-laboral","status":"publish","type":"post","link":"http:\/\/cordobainforma.info\/index.php\/2025\/10\/17\/un-pais-de-la-ue-extendera-a-13-horas-la-jornada-laboral\/","title":{"rendered":"Un pa\u00eds de la UE extender\u00e1 a 13 horas la jornada laboral"},"content":{"rendered":"<p><img src=\"http:\/\/cordobainforma.info\/wp-content\/uploads\/2025\/10\/un-pais-de-la-ue-extendera-a-13-horas-la-jornada-laboral.jpg\"><\/p>\n<p>El Parlamento de Grecia ha aprobado este jueves un proyecto de ley que permite a los empleadores del sector privado <strong>imponer jornadas laborales de hasta 13 horas<\/strong> a sus trabajadores, <a href=\"https:\/\/www.reuters.com\/business\/world-at-work\/greece-adopts-law-extending-working-hours-despite-protests-2025-10-16\/\" target=\"_blank\" rel=\"noopener noreferrer\">informa<\/a> Reuters.<\/p>\n<p>Con 40 horas semanales antes del nuevo proyecto de ley, Grecia ya era la naci\u00f3n de la Uni\u00f3n Europea&nbsp;donde&nbsp;<strong>m\u00e1s horas se trabajaba a la semana,<\/strong> superando las 39 horas de promedio de Bulgaria y las 38,9 de Polonia. Hasta ahora la jornada de trabajo regular en Grecia era de 8 horas.<\/p>\n<div class=\"ReadMore-root Section-root Section-is1to3-xs_is1to1\" data-widgets=\"ReadMore\">\n<div class=\"Section-container Section-isRow-isTop-isWrap\">\n<article class=\"Card-root Card-is1to1 Card-default \">\n<div class=\"Card-imageWrap\">\n<div class=\"Card-picture\"> <picture class=\"Picture-root Picture-default\"><!--[if IE 9]><video style=\"display: none;\"><![endif]--><source media=\"(-webkit-min-device-pixel-ratio: 2) and (min-resolution: 120dpi)\" srcset=\"http:\/\/cordobainforma.info\/wp-content\/uploads\/2025\/10\/un-pais-de-la-ue-extendera-a-13-horas-la-jornada-laboral-2.jpg 850w, http:\/\/cordobainforma.info\/wp-content\/uploads\/2025\/10\/un-pais-de-la-ue-extendera-a-13-horas-la-jornada-laboral-3.jpg 1960w\"><source srcset=\"http:\/\/cordobainforma.info\/wp-content\/uploads\/2025\/10\/un-pais-de-la-ue-extendera-a-13-horas-la-jornada-laboral-2.jpg, https:\/\/actualidad.rt.com\/actualidad\/460, http:\/\/cordobainforma.info\/wp-content\/uploads\/2025\/10\/un-pais-de-la-ue-extendera-a-13-horas-la-jornada-laboral-3.jpg 980w\"><!--[if IE 9]><\/video><![endif]--><img data-sizes=\"auto\" src=\"http:\/\/cordobainforma.info\/wp-content\/uploads\/2025\/10\/un-pais-de-la-ue-extendera-a-13-horas-la-jornada-laboral-2.jpg\" class=\"Picture-root Picture-default lazyload\" alt=\"La ciudad europea que antes era un modelo de calma es considerada m\u00e1s peligrosa que Bagdad\"><\/picture><!-- noscript pattern --><noscript><img src=\"http:\/\/cordobainforma.info\/wp-content\/uploads\/2025\/10\/un-pais-de-la-ue-extendera-a-13-horas-la-jornada-laboral-3.jpg\" alt=\"La ciudad europea que antes era un modelo de calma es considerada m\u00e1s peligrosa que Bagdad\"><\/noscript> <\/div><\/div>\n<\/article><\/div><\/div>\n<p>De acuerdo con el informe, esta ampliaci\u00f3n solo podr\u00e1 aplicarse&nbsp;tres veces a la semana y hasta un m\u00e1ximo de 37 d\u00edas al a\u00f1o. La propuesta tambi\u00e9n <strong>proteger\u00eda a los trabajadores<\/strong> de ser despedidos si rechazan extender la jornada laboral.<\/p>\n<p>Asimismo, la ley buscar\u00eda dar&nbsp;<strong>m\u00e1s flexibilidad<\/strong> en contratos de corto plazo, permitiendo a los empleados elegir trabajar solo&nbsp;cuatro d\u00edas a la semana durante todo el a\u00f1o bajo previo acuerdo.<\/p>\n<h3>Una Edad Media laboral<\/h3>\n<p>A pesar de lo anterior, los sindicatos griegos&nbsp;aseguran que la medida despoja a los trabajadores de poder de negociaci\u00f3n, pues en Grecia existe el trabajo <strong>&#8216;no declarado&#8217;<\/strong> y las remuneraciones de los empleados son bajas (aproximadamente 1.132 d\u00f3lares estadounidenses al mes, <strong>el salario m\u00ednimo m\u00e1s bajo&nbsp;de la UE<\/strong>).<\/p>\n<p>La reforma actual ha causado dos huelgas generales durante el mes de octubre, pues la clase trabajadora ve este cambio como una medida para&nbsp;<strong>socavar sus derechos<\/strong>&nbsp;en medio de una crisis econ\u00f3mica. &nbsp;<\/p>\n<p>Por su parte, la oposici\u00f3n calific\u00f3 la propuesta de ley como una medida que est\u00e1 \u00abempujando al pa\u00eds hacia una <strong>Edad Media laboral<\/strong>\u00ab.<\/p>\n<p>En 2024 Grecia ya <a href=\"https:\/\/actualidad.rt.com\/actualidad\/514738-grecia-semana-laboral-seis-dias\" target=\"_blank\" rel=\"noopener noreferrer\">implement\u00f3<\/a>&nbsp;una medida similar al introducir una semana de trabajo de&nbsp;seis d\u00edas para ciertas industrias.<\/p>\n","protected":false},"excerpt":{"rendered":"<p>El Parlamento de Grecia ha aprobado este jueves un proyecto de ley que permite a los empleadores del sector privado imponer jornadas laborales de hasta 13 horas a sus trabajadores, informa Reuters. Con 40 horas semanales antes del nuevo proyecto de ley, Grecia ya era la naci\u00f3n de la Uni\u00f3n Europea&nbsp;donde&nbsp;m\u00e1s horas se trabajaba a [&hellip;]<\/p>\n","protected":false},"author":1,"featured_media":171190,"comment_status":"closed","ping_status":"closed","sticky":false,"template":"","format":"standard","meta":[],"categories":[22],"tags":[],"_links":{"self":[{"href":"http:\/\/cordobainforma.info\/index.php\/wp-json\/wp\/v2\/posts\/171189"}],"collection":[{"href":"http:\/\/cordobainforma.info\/index.php\/wp-json\/wp\/v2\/posts"}],"about":[{"href":"http:\/\/cordobainforma.info\/index.php\/wp-json\/wp\/v2\/types\/post"}],"author":[{"embeddable":true,"href":"http:\/\/cordobainforma.info\/index.php\/wp-json\/wp\/v2\/users\/1"}],"replies":[{"embeddable":true,"href":"http:\/\/cordobainforma.info\/index.php\/wp-json\/wp\/v2\/comments?post=171189"}],"version-history":[{"count":0,"href":"http:\/\/cordobainforma.info\/index.php\/wp-json\/wp\/v2\/posts\/171189\/revisions"}],"wp:featuredmedia":[{"embeddable":true,"href":"http:\/\/cordobainforma.info\/index.php\/wp-json\/wp\/v2\/media\/171190"}],"wp:attachment":[{"href":"http:\/\/cordobainforma.info\/index.php\/wp-json\/wp\/v2\/media?parent=171189"}],"wp:term":[{"taxonomy":"category","embeddable":true,"href":"http:\/\/cordobainforma.info\/index.php\/wp-json\/wp\/v2\/categories?post=171189"},{"taxonomy":"post_tag","embeddable":true,"href":"http:\/\/cordobainforma.info\/index.php\/wp-json\/wp\/v2\/tags?post=171189"}],"curies":[{"name":"wp","href":"https:\/\/api.w.org\/{rel}","templated":true}]}}