{"id":171173,"date":"2025-10-17T11:02:00","date_gmt":"2025-10-17T11:02:00","guid":{"rendered":"http:\/\/cordobainforma.info\/index.php\/2025\/10\/17\/cuando-el-doble-femicida-laurta-fue-detenido-el-ano-pasado-la-pericia-arrojo-que-no-era-peligroso\/"},"modified":"2025-10-17T11:02:00","modified_gmt":"2025-10-17T11:02:00","slug":"cuando-el-doble-femicida-laurta-fue-detenido-el-ano-pasado-la-pericia-arrojo-que-no-era-peligroso","status":"publish","type":"post","link":"http:\/\/cordobainforma.info\/index.php\/2025\/10\/17\/cuando-el-doble-femicida-laurta-fue-detenido-el-ano-pasado-la-pericia-arrojo-que-no-era-peligroso\/","title":{"rendered":"Cuando el doble femicida Laurta fue detenido el a\u00f1o pasado, la pericia arroj\u00f3 que \u201cno era peligroso\u201d"},"content":{"rendered":"<div class=\"media_block\"><\/div>\n<div><img src=\"http:\/\/cordobainforma.info\/wp-content\/uploads\/2025\/10\/cuando-el-doble-femicida-laurta-fue-detenido-el-ano-pasado-la-pericia-arrojo-que-no-era-peligroso.jpg\" class=\"ff-og-image-inserted\"><\/div>\n<p>En las m\u00faltiples intervenciones judiciales en C\u00f3rdoba sobre el uruguayo Pablo Laurta, hay varios datos llamativos. Cuando estuvo detenido, el a\u00f1o pasado, por violar la orden de restricci\u00f3n de acercamiento a Luna Giardina, su expareja, la pericia psicol\u00f3gica y psiqui\u00e1trica que se le practic\u00f3 indic\u00f3 que \u201ccomprend\u00eda la criminalidad del hecho y <strong>no revest\u00eda peligrosidad ni factores de orden psicopatol\u00f3gicos o psiqui\u00e1tricos de gravedad<\/strong>\u201d. A la luz de un derrotero tr\u00e1gico, la afirmaci\u00f3n luce m\u00e1s que reducida.<\/p>\n<p>El dato fue confirmado a<strong> Perfil C\u00d3RDOBA<\/strong> por Iv\u00e1n Vocos, secretario de la Fiscal\u00eda de Instrucci\u00f3n del Distrito IV Turno 6, a cargo de <strong>Jorgelina Gutiez<\/strong>. El funcionario precis\u00f3 que Pablo Laurta fue imputado por <strong>desobediencia a la autoridad <\/strong>debido a que no cumpli\u00f3 la orden de restricci\u00f3n de acercamiento que le impuso un Juzgado de Violencia Familiar. Por ese hecho <strong>fue aprehendido el 9 de enero del a\u00f1o pasado<\/strong> y una semana m\u00e1s tarde se dict\u00f3 su detenci\u00f3n.<\/p>\n<p>El 25 del mismo mes fue indagado y finalmente, <strong>el 8 de febrero recuper\u00f3 la libertad<\/strong>. Estuvo preso durante un mes. Fue en ese marco, en el que se orden\u00f3 la <strong>pericia psicol\u00f3gica y psiqui\u00e1trica<\/strong> que revel\u00f3 que comprend\u00eda la criminalidad de sus actos, era imputable, pero al mismo tiempo que no ten\u00eda rasgos que permitiesen deducir que era una persona peligrosa y que podr\u00eda atacar brutalmente, como termin\u00f3 ocurriendo el s\u00e1bado pasado cuando<strong> mat\u00f3 a quemarropa a Luna, su expareja, y a su exsuegra, Mariel Zamudio<\/strong>, don dos disparos en la cabeza.<\/p>\n<p class=\"destacadoNota\"><a target=\"_blank\" href=\"https:\/\/www.perfil.com\/noticias\/cordoba\/la-madre-de-laurta-tras-el-doble-femicidio-es-un-asesino-y-va-a-estar-toda-la-vida-en-la-carcel.phtml\" rel=\"noopener noreferrer\">La madre de Laurta tras el doble femicidio: \u00abEs un asesino y va a estar toda la vida en la c\u00e1rcel\u00bb<\/a><\/p>\n<h2>Primera denuncia: qui\u00e9nes actuaron<\/h2>\n<p>Luna denunci\u00f3 a Laurta en <strong>octubre de 2023<\/strong>, cuando se interrumpi\u00f3 la convivencia que transcurri\u00f3 por unos meses en Uruguay y luego se fue alternando en el tiempo entre aquel pa\u00eds y la ciudad de C\u00f3rdoba. <\/p>\n<p>La joven ampli\u00f3 a los pocos d\u00edas su declaraci\u00f3n y all\u00ed plante\u00f3 su sospecha de que Laurta <strong>circulaba con armas de fuego<\/strong>.<\/p>\n<p>Desde el primer momento intervino la jueza de Violencia Familiar, <strong>Victoria Jalil,<\/strong> quien aplic\u00f3 la perimetral y otorg\u00f3 a la joven -hoy v\u00edctima de femicidio- un <strong>bot\u00f3n antip\u00e1nico<\/strong>. La magistrada tambi\u00e9n orden\u00f3 que le colocaran una tobillera electr\u00f3nica, apenas \u00e9l recuper\u00f3 la libertad en febrero del a\u00f1o pasado. <\/p>\n<p>El dispositivo es posible instalarlo mientras el agresor est\u00e1 en Argentina. Una medida de esa naturaleza no rige en otros pa\u00edses.<strong> Laurta se hab\u00eda ido a Uruguay<\/strong>. Por ese motivo, Jalil<strong> libr\u00f3 oficios a Migraciones en cinco oportunidades<\/strong>. Pidi\u00f3 que le informen, apenas ingrese a nuestro pa\u00eds <strong>para trasladarlo de inmediato al Polo de la Mujer, donde le colocar\u00edan la tobillera<\/strong>. En el mismo oficio, Jalil prohibi\u00f3 que Laurta ingresara<strong> con armas<\/strong> porque ya hab\u00eda sido detectado previamente en un control migratorio.<\/p>\n<p>Hay sospechas de que, por esa raz\u00f3n, <strong>evit\u00f3 el control migratorio ingresando a Argentina en avioneta o por canales ilegales<\/strong>. Por eso nunca le pudieron colocar la tobillera. Es otro dato llamativo que evidencia su <strong>personalidad fr\u00eda y calculadora<\/strong>.<\/p>\n<p>Desde octubre de 2023 hasta el s\u00e1bado en que Laurta perpetr\u00f3 el doble femicidio de Luna y Mariel, <strong>las medidas de restricci\u00f3n y el bot\u00f3n antip\u00e1nico estuvieron siempre vigentes<\/strong>. <\/p>\n<p>La jueza Jalil aclar\u00f3 a <strong>Perfil C\u00d3RDOBA,<\/strong> que cuando una medida de protecci\u00f3n se vence un d\u00eda inh\u00e1bil autom\u00e1ticamente se extiende hasta el d\u00eda h\u00e1bil posterior. Es decir que el viernes pasado, segu\u00eda vigente y de hecho, la Polic\u00eda recibi\u00f3 el alerta del bot\u00f3n desactivado por falta de bater\u00eda.<\/p>\n<p class=\"destacadoNota\"><a target=\"_blank\" href=\"https:\/\/www.perfil.com\/noticias\/cordoba\/ministro-de-seguridad-cordobes-admitio-que-la-violencia-intrafamiliar-es-imposible-de-prevenir-para-la-policia.phtml\" rel=\"noopener noreferrer\">Ministro de Seguridad cordob\u00e9s admiti\u00f3 que la violencia intrafamiliar es \u00abimposible de prevenir\u00bb para la polic\u00eda<\/a><\/p>\n<h2>Le quiso quitar la casa a Luna y Mariel<\/h2>\n<p>Mientras la relaci\u00f3n de pareja pasaba su mejor momento, Pablo Laurta ofreci\u00f3 <strong>comprarle la casa a Mariel Zamudio<\/strong>. A ra\u00edz de deudas contra\u00eddas, la vivienda estaba a punto de ser rematada. Para \u201csalvarla\u201d \u00e9l puso el dinero.<\/p>\n<p>Cuando el v\u00ednculo con Luna entr\u00f3 en crisis, Laurta fue al Juzgado de Familia de 1\u00b0 Nominaci\u00f3n, a cargo de Bel\u00e9n Mignon, para pedir la <strong>restituci\u00f3n de la vivienda<\/strong>. La jueza rechaz\u00f3 la solicitud porque esa vivienda era el <strong>centro de vida del hijo<\/strong>. En el mismo fallo, Mign\u00f3n le asign\u00f3 la casa a Luna hasta que P. cumpliera los 18 a\u00f1os.<\/p>\n<h2>Quiso llevar al hijo a Uruguay<\/h2>\n<p>De ah\u00ed en m\u00e1s, entabl\u00f3 otra batalla legal. Se present\u00f3 en el Juzgado de Familia 2, a cargo de Gabriel Tavip, para solicitar la <strong>\u201crestituci\u00f3n internacional<\/strong>\u201d del peque\u00f1o. <\/p>\n<p>El juez le deneg\u00f3 el pedido tras analizar una cuesti\u00f3n dirimente: <strong>el \u00e1mbito de vida del ni\u00f1o era la ciudad de C\u00f3rdoba<\/strong>. Ac\u00e1 ten\u00eda su pediatra, concurr\u00eda al jard\u00edn, ten\u00eda su psicopedagoga. Laurta apel\u00f3 el fallo y el Tribunal Superior de Justicia confirm\u00f3 la decisi\u00f3n de Tavip en junio de este a\u00f1o.<\/p>\n<p>Esas definiciones fueron traducidas por Laurta en sus perfiles y redes sociales como fallos de una \u201c<em>justicia machista<\/em>\u201d. En realidad, los argumentos que ofrecieron todos los jueces y fiscales que intervinieron fueron contundentes. El hombre<strong> no tuvo raz\u00f3n en ninguno de los planteos.<\/strong><\/p>\n<p class=\"destacadoNota\"><a target=\"_blank\" href=\"https:\/\/www.perfil.com\/noticias\/cordoba\/las-cinco-frases-que-definen-lo-que-pensaba-pablo-laurta-el-doble-femicida-detenido-cuando-intentaba-llevar-al-hijo-a-uruguay.phtml\" rel=\"noopener noreferrer\">Las cinco frases que definen lo que pensaba Pablo Laurta, el doble femicida detenido cuando intentaba llevar al hijo a Uruguay<\/a><\/p>\n<h2>El ni\u00f1o P. ya se encuentra en C\u00f3rdoba<\/h2>\n<p>La v\u00edctima central de este derrotero de violencia extrema es P. <strong>Hoy cumple seis a\u00f1os<\/strong>. Ayer fue trasladado por especialistas desde Gualeguaych\u00fa, donde detuvieron a Laurta, hasta San Francisco. All\u00ed se concret\u00f3 la entrega a personal de Senaf de C\u00f3rdoba, que lo traslad\u00f3 a nuestra ciudad.<\/p>\n<p>Hoy est\u00e1 a cargo de una familia provisoria, vecina y amiga de Mariel, la abuela asesinada por Laurta. Y tambi\u00e9n comparte espacios con su maestra. En ese \u00e1mbito <strong>le prepararon una fiesta de cumplea\u00f1os<\/strong>.<\/p>\n<p>Es una inc\u00f3gnita qu\u00e9 decodifica el ni\u00f1o de lo que ha vivido. Estuvo en el escenario donde asesin\u00f3 a su madre y su abuela; y presenci\u00f3 el momento en el que el padre fue detenido. Adem\u00e1s, est\u00e1 reencontr\u00e1ndose con su familia ampliada, una t\u00eda que vive en Chile y una t\u00eda abuela que reside en Buenos Aires.<\/p>\n<h2>\u00bfTambi\u00e9n asesin\u00f3 al chofer Mart\u00edn Palacio?<\/h2>\n<p>Una fiscal\u00eda de Entre R\u00edos procura identificar un <strong>cuerpo desmembrado<\/strong> que se encontr\u00f3 ayer en las afueras de Concordia. Todo parece indicar que se tratar\u00eda de <strong>Mart\u00edn Palacio<\/strong>, el chofer contratado por Pablo Laurta para traerlo desde desa provincia a C\u00f3rdoba la semana pasada.<\/p>\n<p><strong>La billetera del conductor apareci\u00f3 en el bolso que se secuestr\u00f3 a Laurta<\/strong> en la habitaci\u00f3n del hotel Berl\u00edn de Gualeguaych\u00fa donde fue detenido.<\/p>\n<p>La desaparici\u00f3n de Palacio fue denunciada por su familia el jueves \u00faltimo. Se estima que fue cuando viaj\u00f3 a Concordia a buscar al doble femicida. Si se comprueba que el cuerpo hallado pertenece a \u00e9l, la investigaci\u00f3n quedar\u00e1 radicada en la provincia litorale\u00f1a y podr\u00eda agravarse a\u00fan m\u00e1s la situaci\u00f3n de Laurta ante la posible imputaci\u00f3n de<strong> un tercer crimen<\/strong>.<\/p>\n<p>Es otro dato llamativo: la secuencia cronol\u00f3gica de las \u00faltimas horas dan cuenta del perfil psicop\u00e1gico del agresor \u00bfC\u00f3mo pudo Laurta asesinar a una persona, desmembrar su cuerpo y manejar m\u00e1s de 600 kil\u00f3metros hasta llegar a C\u00f3rdoba para concretar su objetivo: matar a su expareja y a su exsuegra e intentar huir con el hijo?<\/p>\n","protected":false},"excerpt":{"rendered":"<p>En las m\u00faltiples intervenciones judiciales en C\u00f3rdoba sobre el uruguayo Pablo Laurta, hay varios datos llamativos. Cuando estuvo detenido, el a\u00f1o pasado, por violar la orden de restricci\u00f3n de acercamiento a Luna Giardina, su expareja, la pericia psicol\u00f3gica y psiqui\u00e1trica que se le practic\u00f3 indic\u00f3 que \u201ccomprend\u00eda la criminalidad del hecho y no revest\u00eda peligrosidad [&hellip;]<\/p>\n","protected":false},"author":1,"featured_media":171174,"comment_status":"closed","ping_status":"closed","sticky":false,"template":"","format":"standard","meta":[],"categories":[2],"tags":[],"_links":{"self":[{"href":"http:\/\/cordobainforma.info\/index.php\/wp-json\/wp\/v2\/posts\/171173"}],"collection":[{"href":"http:\/\/cordobainforma.info\/index.php\/wp-json\/wp\/v2\/posts"}],"about":[{"href":"http:\/\/cordobainforma.info\/index.php\/wp-json\/wp\/v2\/types\/post"}],"author":[{"embeddable":true,"href":"http:\/\/cordobainforma.info\/index.php\/wp-json\/wp\/v2\/users\/1"}],"replies":[{"embeddable":true,"href":"http:\/\/cordobainforma.info\/index.php\/wp-json\/wp\/v2\/comments?post=171173"}],"version-history":[{"count":0,"href":"http:\/\/cordobainforma.info\/index.php\/wp-json\/wp\/v2\/posts\/171173\/revisions"}],"wp:featuredmedia":[{"embeddable":true,"href":"http:\/\/cordobainforma.info\/index.php\/wp-json\/wp\/v2\/media\/171174"}],"wp:attachment":[{"href":"http:\/\/cordobainforma.info\/index.php\/wp-json\/wp\/v2\/media?parent=171173"}],"wp:term":[{"taxonomy":"category","embeddable":true,"href":"http:\/\/cordobainforma.info\/index.php\/wp-json\/wp\/v2\/categories?post=171173"},{"taxonomy":"post_tag","embeddable":true,"href":"http:\/\/cordobainforma.info\/index.php\/wp-json\/wp\/v2\/tags?post=171173"}],"curies":[{"name":"wp","href":"https:\/\/api.w.org\/{rel}","templated":true}]}}