{"id":171167,"date":"2025-10-17T11:40:48","date_gmt":"2025-10-17T11:40:48","guid":{"rendered":"https:\/\/www.modapunta.com\/noticia\/9970\/moda\/adolfo-dominguez-establece-catedra-de-innovacion-textil-en-la-upc.html"},"modified":"2025-10-17T11:40:48","modified_gmt":"2025-10-17T11:40:48","slug":"adolfo-dominguez-establece-catedra-de-innovacion-textil-en-la-upc","status":"publish","type":"post","link":"http:\/\/cordobainforma.info\/index.php\/2025\/10\/17\/adolfo-dominguez-establece-catedra-de-innovacion-textil-en-la-upc\/","title":{"rendered":"Adolfo Dom\u00ednguez establece c\u00e1tedra de innovaci\u00f3n textil en la UPC"},"content":{"rendered":"<div class=\"media_block\"><\/div>\n<div><img src=\"http:\/\/cordobainforma.info\/wp-content\/uploads\/2025\/10\/adolfo-dominguez-establece-catedra-de-innovacion-textil-en-la-upc.jpg\" class=\"ff-og-image-inserted\"><\/div>\n<p><strong>Alianza con Legados y Oikos por la moda sostenible<\/strong><\/p>\n<p>Adolfo Dom\u00ednguez ha inaugurado la <strong>C\u00e1tedra I+AD en Calidad e Innovaci\u00f3n Textil<\/strong>, en colaboraci\u00f3n con el instituto Intexter, que forma parte de la Universitat Polit\u00e9cnica de Catalunya (UPC). Este nuevo proyecto tiene como finalidad investigar y desarrollar iniciativas que promuevan una moda de calidad y sostenible.<\/p>\n<p>La UPC se destaca como la universidad l\u00edder en ingenier\u00eda y tecnolog\u00eda en Espa\u00f1a, ocupando el primer puesto en el r\u00e1nking de Shanghai 2025 y el segundo en el r\u00e1nking QS 2025. Con nueve campus, esta instituci\u00f3n colabora con universidades tecnol\u00f3gicas a nivel global.<\/p>\n<h2>Investigaci\u00f3n conjunta y sostenibilidad<\/h2>\n<p>La C\u00e1tedra I+AD representa un hito al ser la primera de su tipo en Espa\u00f1a. A trav\u00e9s de esta alianza, Intexter y Adolfo Dom\u00ednguez han establecido l\u00edneas de investigaci\u00f3n conjunta, as\u00ed como acciones de consultor\u00eda enfocadas en procesos innovadores. Tambi\u00e9n se contempla la presentaci\u00f3n colaborativa de proyectos de investigaci\u00f3n y el an\u00e1lisis de problem\u00e1ticas ambientales.<\/p>\n<p>La formalizaci\u00f3n de esta c\u00e1tedra tuvo lugar en Terrassa, donde estuvieron presentes destacadas figuras del \u00e1mbito acad\u00e9mico y empresarial. Entre ellos se encontraban Adriana Dom\u00ednguez, presidenta ejecutiva de Adolfo Dom\u00ednguez; Jordi Berenguer, vicerrector de Transfer\u00e8ncia, Innovaci\u00f3 i Emprenedoria de la UPC; Diana Cayuela, directora del Intexter; junto a M\u00f2nica Ardanuy y Enric Carrera, directores acad\u00e9micos de la c\u00e1tedra; as\u00ed como Antonio Roade, director de Sostenibilidad de Adolfo Dom\u00ednguez.<\/p>\n<h2>Compromiso con la industria textil<\/h2>\n<p>Adriana Dom\u00ednguez enfatiz\u00f3 que \u201cla C\u00e1tedra I+AD con la UPC, una de las universidades m\u00e1s prestigiosas del pa\u00eds, es un impulso para innovar y fomentar la producci\u00f3n local de materias primas para el sector textil espa\u00f1ol\u201d.<\/p>\n<p>Diana Cayuela a\u00f1adi\u00f3 que \u201cla colaboraci\u00f3n entre un instituto con m\u00e1s de 60 a\u00f1os en el sector textil y una marca emblem\u00e1tica como Adolfo Dom\u00ednguez ser\u00e1 muy beneficiosa para toda la industria espa\u00f1ola. Nuestro objetivo es contribuir a transformar el sector mediante rigor cient\u00edfico, innovaci\u00f3n y un firme compromiso con la calidad y sostenibilidad\u201d.<\/p>\n<h2>Jornada \u2018Moda y territorio\u2019 en Madrid<\/h2>\n<p>Ma\u00f1ana, 15 de octubre, la Fundaci\u00f3n Adolfo Dom\u00ednguez llevar\u00e1 a cabo un debate titulado <em>Moda y territorio: nuevas alianzas para el desarrollo rural<\/em>, en colaboraci\u00f3n con las entidades Legados y Oikos Pol\u00edtica y Medio Ambiente.<\/p>\n<p>En este evento se explorar\u00e1 c\u00f3mo la moda puede impulsar el desarrollo rural e industrial. Participar\u00e1n expertos del sector como Oteyza, Ecoalf, Textil Santanderina e Intexter.<\/p>\n<h2>Compromiso social y cultural<\/h2>\n<p>En l\u00ednea con su enfoque hacia una moda consciente vinculada al territorio, la Fundaci\u00f3n Adolfo Dom\u00ednguez tambi\u00e9n ha decidido unirse a la Alianza por la Lana. Esta iniciativa busca recuperar la lana producida en Espa\u00f1a como material esencial para preservar nuestra cultura y patrimonio econ\u00f3mico.<\/p>\n<p>La misi\u00f3n de la Fundaci\u00f3n es difundir y promover cultura, arte y conocimiento mediante exposiciones, talleres y conferencias. Adem\u00e1s, impulsa proyectos que generen un impacto positivo tanto en el medio ambiente como en el desarrollo rural, especialmente aquellos relacionados con la industria textil.<\/p>\n<h2>La noticia en cifras<\/h2>\n<table>\n<tbody readability=\"3\">\n<tr>\n<th>Cifra<\/th>\n<th>Descripci\u00f3n<\/th>\n<\/tr>\n<tr>\n<td>14 de octubre 2025<\/td>\n<td>Fecha de la noticia<\/td>\n<\/tr>\n<tr readability=\"2\">\n<td>1\u00aa<\/td>\n<td>Ranking de Shanghai 2025 (UPC en Espa\u00f1a)<\/td>\n<\/tr>\n<tr readability=\"2\">\n<td>2\u00aa<\/td>\n<td>Ranking QS 2025 (UPC en Espa\u00f1a)<\/td>\n<\/tr>\n<tr readability=\"2\">\n<td>60+<\/td>\n<td>A\u00f1os de trayectoria del Intexter<\/td>\n<\/tr>\n<\/tbody>\n<\/table>\n<h2>Preguntas sobre la noticia<\/h2>\n<div class=\"faq\" readability=\"33\">\n<h3>\u00bfQu\u00e9 es la C\u00e1tedra I+AD en Calidad e Innovaci\u00f3n Textil?<\/h3>\n<p>Es una iniciativa creada por Adolfo Dom\u00ednguez en colaboraci\u00f3n con el instituto Intexter de la Universitat Polit\u00e9cnica de Catalunya, cuyo objetivo es investigar y desarrollar proyectos que fomenten una moda de calidad y sostenible.<\/p>\n<h3>\u00bfCu\u00e1l es el prop\u00f3sito de la alianza entre Adolfo Dom\u00ednguez y la UPC?<\/h3>\n<p>La alianza busca desarrollar l\u00edneas de investigaci\u00f3n conjunta, acciones de consultor\u00eda en procesos de innovaci\u00f3n, presentar proyectos de investigaci\u00f3n y estudiar problem\u00e1ticas ambientales relacionadas con la moda.<\/p>\n<h3>\u00bfD\u00f3nde se firm\u00f3 la creaci\u00f3n de la c\u00e1tedra?<\/h3>\n<p>La creaci\u00f3n de la c\u00e1tedra se firm\u00f3 en Terrassa, Espa\u00f1a, con la participaci\u00f3n de varios representantes de Adolfo Dom\u00ednguez y la UPC.<\/p>\n<h3>\u00bfQu\u00e9 evento organiza la Fundaci\u00f3n Adolfo Dom\u00ednguez el 15 de octubre?<\/h3>\n<p>La Fundaci\u00f3n celebra un debate sobre \u00abModa y territorio: nuevas alianzas para el desarrollo rural\u00bb, en colaboraci\u00f3n con las entidades Legados y Oikos Pol\u00edtica y Medio Ambiente.<\/p>\n<h3>\u00bfCu\u00e1l es la misi\u00f3n de la Fundaci\u00f3n Adolfo Dom\u00ednguez?<\/h3>\n<p>Su misi\u00f3n es difundir, promover y preservar la cultura, el arte y el conocimiento, as\u00ed como impulsar proyectos que generen un impacto positivo en la naturaleza y en el desarrollo rural, especialmente en relaci\u00f3n con la industria de la moda.<\/p>\n<\/div>\n","protected":false},"excerpt":{"rendered":"<p>Alianza con Legados y Oikos por la moda sostenible Adolfo Dom\u00ednguez ha inaugurado la C\u00e1tedra I+AD en Calidad e Innovaci\u00f3n Textil, en colaboraci\u00f3n con el instituto Intexter, que forma parte de la Universitat Polit\u00e9cnica de Catalunya (UPC). Este nuevo proyecto tiene como finalidad investigar y desarrollar iniciativas que promuevan una moda de calidad y sostenible. [&hellip;]<\/p>\n","protected":false},"author":1,"featured_media":171168,"comment_status":"open","ping_status":"closed","sticky":false,"template":"","format":"standard","meta":[],"categories":[24],"tags":[],"_links":{"self":[{"href":"http:\/\/cordobainforma.info\/index.php\/wp-json\/wp\/v2\/posts\/171167"}],"collection":[{"href":"http:\/\/cordobainforma.info\/index.php\/wp-json\/wp\/v2\/posts"}],"about":[{"href":"http:\/\/cordobainforma.info\/index.php\/wp-json\/wp\/v2\/types\/post"}],"author":[{"embeddable":true,"href":"http:\/\/cordobainforma.info\/index.php\/wp-json\/wp\/v2\/users\/1"}],"replies":[{"embeddable":true,"href":"http:\/\/cordobainforma.info\/index.php\/wp-json\/wp\/v2\/comments?post=171167"}],"version-history":[{"count":0,"href":"http:\/\/cordobainforma.info\/index.php\/wp-json\/wp\/v2\/posts\/171167\/revisions"}],"wp:featuredmedia":[{"embeddable":true,"href":"http:\/\/cordobainforma.info\/index.php\/wp-json\/wp\/v2\/media\/171168"}],"wp:attachment":[{"href":"http:\/\/cordobainforma.info\/index.php\/wp-json\/wp\/v2\/media?parent=171167"}],"wp:term":[{"taxonomy":"category","embeddable":true,"href":"http:\/\/cordobainforma.info\/index.php\/wp-json\/wp\/v2\/categories?post=171167"},{"taxonomy":"post_tag","embeddable":true,"href":"http:\/\/cordobainforma.info\/index.php\/wp-json\/wp\/v2\/tags?post=171167"}],"curies":[{"name":"wp","href":"https:\/\/api.w.org\/{rel}","templated":true}]}}