{"id":171125,"date":"2025-10-17T10:01:50","date_gmt":"2025-10-17T10:01:50","guid":{"rendered":"https:\/\/www.clarin.com\/deportes\/ufc-sabado-18-octubre-luchan-hora-ver_0_ogWJm1SrQ6.html"},"modified":"2025-10-17T10:01:50","modified_gmt":"2025-10-17T10:01:50","slug":"ufc-para-este-sabado-18-de-octubre-quienes-luchan-a-que-hora-y-donde-ver","status":"publish","type":"post","link":"http:\/\/cordobainforma.info\/index.php\/2025\/10\/17\/ufc-para-este-sabado-18-de-octubre-quienes-luchan-a-que-hora-y-donde-ver\/","title":{"rendered":"UFC para este s\u00e1bado 18 de octubre: qui\u00e9nes luchan, a qu\u00e9 hora y d\u00f3nde ver"},"content":{"rendered":"<p><img src=\"http:\/\/cordobainforma.info\/wp-content\/uploads\/2025\/10\/ufc-para-este-sabado-18-de-octubre-quienes-luchan-a-que-hora-y-donde-ver.jpg\"><\/p>\n<div><img src=\"http:\/\/cordobainforma.info\/wp-content\/uploads\/2025\/10\/ufc-para-este-sabado-18-de-octubre-quienes-luchan-a-que-hora-y-donde-ver-2.jpg\" class=\"ff-og-image-inserted\"><\/div>\n<div id=\"element-body-0\" readability=\"60\">\n<p>Este <strong>s\u00e1bado 18 de octubre<\/strong>, los fan\u00e1ticos tienen una cita obligada con una velada cargada de emociones. El evento UFC se llevar\u00e1 a cabo en el <strong>Rogers Arena de Vancouver, Canad\u00e1<\/strong>.<\/p>\n<\/div>\n<div id=\"element-body-1\" readability=\"61.218487394958\">\n<p>En esta ocasi\u00f3n participan <strong>Reinier de Ridder<\/strong>, ex campe\u00f3n fuera de <a href=\"https:\/\/www.clarin.com\/estados-unidos\/donald-trump-anuncio-celebrara-proximo-cumpleanos-pelea-ufc-casa-blanca_0_Sjhwp4qaue.html\" target=\"_blank\" title=\"UFC\" alt=\"UFC\" rel=\"noopener noreferrer\">UFC<\/a> y especialista en sumisiones, y <strong>Brendan Allen,<\/strong> quien entr\u00f3 como reemplazo de<strong> Anthony Hern\u00e1ndez.<\/strong> El que logre el triunfo <strong>se coronar\u00e1 como el campe\u00f3n de peso medio<\/strong>.<\/p>\n<\/div>\n<div id=\"element-body-3\" readability=\"58\">\n<p>El combate entre Reinier de Ridder y Brendan Allen <strong>se podr\u00e1 ver en Latinoam\u00e9rica a trav\u00e9s de Disney+.<\/strong><\/p>\n<\/div>\n<div id=\"element-body-10\" readability=\"57\">\n<p><strong>25 de octubre &#8211; Abu Dhabi (Emiratos \u00c1rabes Unidos) &#8211; UFC 321 <\/strong><\/p>\n<\/div>\n<div id=\"element-body-12\" readability=\"57\">\n<p><strong>1 de noviembre &#8211; Las Vegas (Estados Unidos)<\/strong><\/p>\n<\/div>\n<div id=\"element-body-14\" readability=\"57\">\n<p><strong>15 de noviembre &#8211; Nueva York (Estados Unidos) &#8211; UFC 322<\/strong><\/p>\n<\/div>\n","protected":false},"excerpt":{"rendered":"<p>Este s\u00e1bado 18 de octubre, los fan\u00e1ticos tienen una cita obligada con una velada cargada de emociones. El evento UFC se llevar\u00e1 a cabo en el Rogers Arena de Vancouver, Canad\u00e1. En esta ocasi\u00f3n participan Reinier de Ridder, ex campe\u00f3n fuera de UFC y especialista en sumisiones, y Brendan Allen, quien entr\u00f3 como reemplazo de [&hellip;]<\/p>\n","protected":false},"author":1,"featured_media":171126,"comment_status":"closed","ping_status":"closed","sticky":false,"template":"","format":"standard","meta":[],"categories":[20],"tags":[],"_links":{"self":[{"href":"http:\/\/cordobainforma.info\/index.php\/wp-json\/wp\/v2\/posts\/171125"}],"collection":[{"href":"http:\/\/cordobainforma.info\/index.php\/wp-json\/wp\/v2\/posts"}],"about":[{"href":"http:\/\/cordobainforma.info\/index.php\/wp-json\/wp\/v2\/types\/post"}],"author":[{"embeddable":true,"href":"http:\/\/cordobainforma.info\/index.php\/wp-json\/wp\/v2\/users\/1"}],"replies":[{"embeddable":true,"href":"http:\/\/cordobainforma.info\/index.php\/wp-json\/wp\/v2\/comments?post=171125"}],"version-history":[{"count":0,"href":"http:\/\/cordobainforma.info\/index.php\/wp-json\/wp\/v2\/posts\/171125\/revisions"}],"wp:featuredmedia":[{"embeddable":true,"href":"http:\/\/cordobainforma.info\/index.php\/wp-json\/wp\/v2\/media\/171126"}],"wp:attachment":[{"href":"http:\/\/cordobainforma.info\/index.php\/wp-json\/wp\/v2\/media?parent=171125"}],"wp:term":[{"taxonomy":"category","embeddable":true,"href":"http:\/\/cordobainforma.info\/index.php\/wp-json\/wp\/v2\/categories?post=171125"},{"taxonomy":"post_tag","embeddable":true,"href":"http:\/\/cordobainforma.info\/index.php\/wp-json\/wp\/v2\/tags?post=171125"}],"curies":[{"name":"wp","href":"https:\/\/api.w.org\/{rel}","templated":true}]}}