{"id":171117,"date":"2025-10-16T14:40:24","date_gmt":"2025-10-16T14:40:24","guid":{"rendered":"https:\/\/somoscordobeses.com\/2025\/10\/16\/habra-cortes-de-agua-y-baja-presion-en-los-barrios-de-carlos-paz\/"},"modified":"2025-10-16T14:40:24","modified_gmt":"2025-10-16T14:40:24","slug":"habra-cortes-de-agua-y-baja-presion-en-los-barrios-de-carlos-paz","status":"publish","type":"post","link":"http:\/\/cordobainforma.info\/index.php\/2025\/10\/16\/habra-cortes-de-agua-y-baja-presion-en-los-barrios-de-carlos-paz\/","title":{"rendered":"Habr\u00e1 cortes de agua y baja presi\u00f3n en los barrios de Carlos Paz"},"content":{"rendered":"<div><img src=\"http:\/\/cordobainforma.info\/wp-content\/uploads\/2025\/10\/habra-cortes-de-agua-y-baja-presion-en-los-barrios-de-carlos-paz.jpg\" class=\"ff-og-image-inserted\"><\/div>\n<p><strong>Debido a los trabajos que se realizan sobre el acueducto, habr\u00e1 restricciones y baja presi\u00f3n en los barrios de Villa Carlos Paz. Desde la&nbsp;<\/strong>Subsecretar\u00eda de Agua y Saneamiento tambi\u00e9n informaron que se mantiene el corte de tr\u00e1nsito en la Avenida C\u00e1rcano<b>.<\/b><\/p>\n<p>Seg\u00fan pudo conocerse, los sectores afectados son Altos de San Pedro, Miguel Mu\u00f1oz A, Miguel Mu\u00f1oz B, Los Algarrobos, Belgrano, Malvinas, Los Manantiales, Sarmiento, Centro, Becci\u00fa, El Cuc\u00fa, Jos\u00e9 Mu\u00f1oz, Villa Dom\u00ednguez, La Cuesta, Los Eucaliptus, Sol y Lago, Santa Rita, Altos de las Vertientes, Costa Azul Sur, Costa Azul Norte, Villa Suiza, Villa del Lago y&nbsp;Villa Parque San Miguel.<\/p>\n<p>Cabe recordar que, debido a estos trabajos, hay un corte total de tr\u00e1nsito en&nbsp;C\u00e1rcano (a la altura de calles San Juan y Garibaldi). Se realizar\u00e1n desv\u00edos por Jorge Newbery a quienes circulan de norte a sur. Y por Mazzini, Malvinas y Mendoza para quienes circulan de sur a norte. Se recomienda circular con precauci\u00f3n y acatar las disposiciones del personal de Seguridad Urbana ubicado en el sector.&nbsp;<\/p>\n<p>Se solicita a los vecinos hacer un uso responsable y racional del servicio y cuidar las reservas de agua en sus domicilios.<\/p>\n<p>Por consultas, pueden comunicarse v\u00eda Whatsapp al tel\u00e9fono (3541) 528314 de 7 a 21 h o (3541) 527062 durante las 24 horas.<\/p>\n","protected":false},"excerpt":{"rendered":"<p>Debido a los trabajos que se realizan sobre el acueducto, habr\u00e1 restricciones y baja presi\u00f3n en los barrios de Villa Carlos Paz. Desde la&nbsp;Subsecretar\u00eda de Agua y Saneamiento tambi\u00e9n informaron que se mantiene el corte de tr\u00e1nsito en la Avenida C\u00e1rcano. Seg\u00fan pudo conocerse, los sectores afectados son Altos de San Pedro, Miguel Mu\u00f1oz A, [&hellip;]<\/p>\n","protected":false},"author":1,"featured_media":171118,"comment_status":"closed","ping_status":"closed","sticky":false,"template":"","format":"standard","meta":[],"categories":[2],"tags":[],"_links":{"self":[{"href":"http:\/\/cordobainforma.info\/index.php\/wp-json\/wp\/v2\/posts\/171117"}],"collection":[{"href":"http:\/\/cordobainforma.info\/index.php\/wp-json\/wp\/v2\/posts"}],"about":[{"href":"http:\/\/cordobainforma.info\/index.php\/wp-json\/wp\/v2\/types\/post"}],"author":[{"embeddable":true,"href":"http:\/\/cordobainforma.info\/index.php\/wp-json\/wp\/v2\/users\/1"}],"replies":[{"embeddable":true,"href":"http:\/\/cordobainforma.info\/index.php\/wp-json\/wp\/v2\/comments?post=171117"}],"version-history":[{"count":0,"href":"http:\/\/cordobainforma.info\/index.php\/wp-json\/wp\/v2\/posts\/171117\/revisions"}],"wp:featuredmedia":[{"embeddable":true,"href":"http:\/\/cordobainforma.info\/index.php\/wp-json\/wp\/v2\/media\/171118"}],"wp:attachment":[{"href":"http:\/\/cordobainforma.info\/index.php\/wp-json\/wp\/v2\/media?parent=171117"}],"wp:term":[{"taxonomy":"category","embeddable":true,"href":"http:\/\/cordobainforma.info\/index.php\/wp-json\/wp\/v2\/categories?post=171117"},{"taxonomy":"post_tag","embeddable":true,"href":"http:\/\/cordobainforma.info\/index.php\/wp-json\/wp\/v2\/tags?post=171117"}],"curies":[{"name":"wp","href":"https:\/\/api.w.org\/{rel}","templated":true}]}}