{"id":171075,"date":"2025-10-16T09:51:49","date_gmt":"2025-10-16T09:51:49","guid":{"rendered":"https:\/\/www.mujerhoy.com\/vivir\/bienestar\/morante-puebla-que-es-trastorno-disociativo-explica-experta-psicologa-20251016105826-nt.html"},"modified":"2025-10-16T09:51:49","modified_gmt":"2025-10-16T09:51:49","slug":"el-trastorno-disociativo-que-padece-morante-de-la-puebla-explicado-por-una-experta-sensaciones-angustiosas-y-muy-dificiles-de-manejar","status":"publish","type":"post","link":"http:\/\/cordobainforma.info\/index.php\/2025\/10\/16\/el-trastorno-disociativo-que-padece-morante-de-la-puebla-explicado-por-una-experta-sensaciones-angustiosas-y-muy-dificiles-de-manejar\/","title":{"rendered":"El trastorno disociativo que padece Morante de la Puebla, explicado por una experta: \u00abSensaciones angustiosas y muy dif\u00edciles de manejar\u00bb"},"content":{"rendered":"<div class=\"media_block\"><\/div>\n<p><!-- AUTHOR --><\/p>\n<div class=\"voc-author-timesocial \">\n<!-- AUTHOR --><\/p>\n<div class=\"voc-author-timesocial__signature \">\n<!-- IMAGE AUTHOR -->\n<picture class=\"voc-image-signature\">\n<img class=\"voc-image-signature__img\" src=\"http:\/\/cordobainforma.info\/wp-content\/uploads\/2025\/10\/el-trastorno-disociativo-que-padece-morante-de-la-puebla-explicado-por-una-experta-sensaciones-angustiosas-y-muy-dificiles-de-manejar.jpg\" alt=\"Jorge C. Parcero\">\n<\/picture>\n<!-- INFO AUTHOR --> <\/div><\/div>\n<p><!-- COMPONENTS --><\/p>\n<p class=\"voc-paragraph\">Los aficionados taurinos siguen tratando de asimilar la inesperada noticia de <strong>la retirada de Morante de la Puebla<\/strong>, una de las m\u00e1s destacadas figuras de los ruedos en las tres \u00faltimas d\u00e9cadas. El pasado domingo, tras cortar dos orejas en Las Ventas en la corrida del <a href=\"https:\/\/www.mujerhoy.com\/celebrities\/realeza\/letizia-dia-hispanidad-complicidad-familia-real-criticas-sofia-luto-20251013023500-nt.html\" target=\"_self\" data-voc-vtm-id=\"in-text-traffic\" title=\"D\u00eda de la Hispanidad,\" data-mrf-link=\"www.mujerhoy.com\" rel=\"noopener noreferrer\">D\u00eda de la Hispanidad,<\/a> se cortaba la coleta, el gesto simb\u00f3lico que pon\u00eda fin a una carrera llena de \u00e9xitos pero tambi\u00e9n marcada por sus sucesivos y graves <strong>problemas de salud mental<\/strong>. Unos problemas que finalmente le han obligado a colgar el traje de luces.<\/p>\n<p class=\"voc-paragraph\">\u00ab<strong>He pensado en la muerte como alivio.<\/strong> Es una enfermedad compleja, triste y dolorosa\u00bb, llegaba a reconocer el diestro sevillano en una dura y muy sincera entrevista con el diario ABC, en la que confesaba sin tapujos que desde hace m\u00e1s de veinte a\u00f1os sufre <strong>un trastorno disociativo<\/strong> que desconecta su cuerpo de las emociones. Tras pasar tambi\u00e9n por un complejo cuadro depresivo, el torero se someti\u00f3 incluso a una agresiva terapia de electroshocks para poder volver a torear.<\/p>\n<div class=\"v-c-cmp v-c-cmp--t1 \">\n<div class=\"v-cmp-rld v-cmp-rld--2 \">\n<div class=\"v-cnt-m v-cnt-m--m\">\n<div class=\"v-cnt-m__c\">\n<div class=\"v-cnt-m__w v-cnt-m__w--1\">\n<p class=\"v-cnt-m__t\">\nTAMBI\u00c9N TE INTERESA\n<\/p>\n<\/div>\n<\/div>\n<\/div>\n<div class=\"v-g v-g--2-c v-g--bdr-min-xs\">\n<div class=\"v-g__c \">\n<article class=\"v-a v-a--cmp-rld v-a--cmp-rld-2 v-a--p-l\">\n<div class=\"v-a-img-c\">\n<figure class=\"v-a-fig\">\n<a href=\"https:\/\/www.mujerhoy.com\/celebrities\/morante-puebla-segunda-mujer-elisabeth-garrido-boda-hijos-20251015110107-nt.html#vtm_modulosEngag=mod-rel:vivir:noticia:1:cmp:2-not\" class=\"v-a-link\" title=\"El amor de Morante de la Puebla y Elisabeth Garrido: una boda discreta, dos hijos y 15 a\u00f1os juntos\"><br \/>\n<img loading=\"lazy\" class=\"v-a-img\" src=\"http:\/\/cordobainforma.info\/wp-content\/uploads\/2025\/10\/el-trastorno-disociativo-que-padece-morante-de-la-puebla-explicado-por-una-experta-sensaciones-angustiosas-y-muy-dificiles-de-manejar-1.jpg\" alt=\"El amor de Morante de la Puebla y Elisabeth Garrido: una boda discreta, dos hijos y 15 a\u00f1os juntos\"><br \/>\n<\/a><br \/>\n<\/figure>\n<\/div>\n<\/article>\n<\/div>\n<div class=\"v-g__c \">\n<article class=\"v-a v-a--cmp-rld v-a--cmp-rld-2 v-a--p-l\">\n<div class=\"v-a-img-c\">\n<figure class=\"v-a-fig\">\n<a href=\"https:\/\/www.mujerhoy.com\/celebrities\/morante-puebla-negocios-patrimonio-fortuna-chalet-martin-berrocal-20251014104541-nt.html#vtm_modulosEngag=mod-rel:vivir:noticia:2:cmp:2-not\" class=\"v-a-link\" title=\"El patrimonio de Morante de la Puebla: empresas, un cortijo y el chalet de Vicky Mart\u00edn Berrocal\"><br \/>\n<img loading=\"lazy\" class=\"v-a-img\" src=\"http:\/\/cordobainforma.info\/wp-content\/uploads\/2025\/10\/el-trastorno-disociativo-que-padece-morante-de-la-puebla-explicado-por-una-experta-sensaciones-angustiosas-y-muy-dificiles-de-manejar-2.jpg\" alt=\"El patrimonio de Morante de la Puebla: empresas, un cortijo y el chalet de Vicky Mart\u00edn Berrocal\"><br \/>\n<\/a><br \/>\n<\/figure>\n<\/div>\n<\/article>\n<\/div>\n<\/div>\n<\/div>\n<\/div>\n<p class=\"voc-paragraph\">Aunque Pedro Jorge Marqu\u00e9s, apoderado de Morante, dej\u00f3 una puerta abierta a la esperanza para los que se han quedado hu\u00e9rfanos de su arte, asegurando que <strong>\u00abno se sabe si es definitivo o es un hasta luego\u00bb,<\/strong> lo cierto es que es sus trastornos le han obligado a parar en varias ocasiones ya. En 2004 se retir\u00f3 a Miami a tratarse lo que se defini\u00f3 como \u00abuna depresi\u00f3n\u00bb y de nuevo en 2007 tras \u00abhaber perdido la ilusi\u00f3n\u00bb. Tras volver a las plazas, en 2017 anunciaba por tercera vez la retirada durante un tiempo indefinido, alegando desencanto y la cr\u00edtica hacia un sistema que no estaba a favor del toreo.<\/p>\n<p><h3 class=\"v-cmp-suh\">\nEl adi\u00f3s de Morante: qu\u00e9 es el trastorno disociativo<br \/>\n<\/h3>\n<\/p>\n<p class=\"voc-paragraph\">En sus momentos m\u00e1s bajos de salud mental, Morante de la Puebla lleg\u00f3 a decir que \u00abno pod\u00eda seguir as\u00ed. No ten\u00eda fuerzas ni para vestirme de torero y me pasaba los d\u00edas llorando\u00bb. Para saber m\u00e1s sobre el trastorno disociado hablamos con la <strong>psic\u00f3loga Ainhoa Duque<\/strong> del gabinete Con-ciencia, que conoce personalmente al torero y describe la causa de su retirada como \u00abuna condici\u00f3n mental muy compleja, donde la persona experimenta una desconexi\u00f3n entre sus pensamientos, recuerdos, identidad o percepci\u00f3n del entorno. Esto puede manifestarse en formas como la amnesia disociativa, la despersonalizaci\u00f3n o la desrealizaci\u00f3n, todas ellas sensaciones <strong>profundamente angustiosas y muy dif\u00edciles de manejar<\/strong>\u00bb.<\/p>\n<p class=\"voc-paragraph\">Sobre si este trastorno es especialmente grave en una persona con <strong>una profesi\u00f3n tan peligrosa como la de Morante<\/strong>, la experta afirma que \u00abser torero, ya en s\u00ed, exige unas condiciones f\u00edsicas y psicol\u00f3gicas extraordinarias. Un trastorno disociativo, entre otros, podr\u00eda afectar la capacidad de concentraci\u00f3n y de reacci\u00f3n, aspectos obviamente esenciales para ponerse delante de un toro\u00bb.<\/p>\n<div class=\"v-c-cmp v-c-cmp--s\">\n<div class=\"v-cmp-m \">\n<article class=\"v-a v-a--cmp-m v-c-cmp--m-z\">\n<div class=\"v-a-img-c \">\n<div class=\"v-a-fig\">\n<button class=\"v-a-link\" popovertarget=\"photo-784\"><br \/>\n<img loading=\"lazy\" src=\"http:\/\/cordobainforma.info\/wp-content\/uploads\/2025\/10\/el-trastorno-disociativo-que-padece-morante-de-la-puebla-explicado-por-una-experta-sensaciones-angustiosas-y-muy-dificiles-de-manejar-3.jpg\" class=\"v-a-img\" width=\"650\" height=\"650\" alt=\"El torero Morante de la Puebla se toma un descanso en la plaza.\" data-voc-vtm-id=\"in-text-traffic\"> <\/button><figcaption class=\"v-fc\">\n<span class=\"v-fc__t\"><br \/>\nEl torero Morante de la Puebla se toma un descanso en la plaza.<br \/>\n<\/span><br \/>\n<span class=\"v-fc__p\"><br \/>\nARCHIVO ABC<br \/>\n<\/span><br \/>\n<\/figcaption><\/div>\n<\/div>\n<div id=\"photo-784\" popover class=\"v-mdl v-mdl--fw\">\n<button class=\"v-x\" popovertarget=\"photo-784\" popovertargetaction=\"hide\"><br \/>\n<span class=\"v-i\"><br \/>\n<svg width=\"24\" height=\"23.996\" viewBox=\"0 0 24 23.996\">\n<path data-name=\"Uni\u00f3n 29\" d=\"M12,14.03,2.031,24,0,21.963,9.968,12,0,2.033,2.031,0,12,9.966,21.969,0,24,2.033,14.032,12,24,21.963,21.969,24Z\" \/>\n<\/svg><br \/>\n<\/span><br \/>\n<\/button><\/p>\n<div class=\"v-mdl__c\">\n<div class=\"v-mdl__w\">\n<img loading=\"lazy\" src=\"http:\/\/cordobainforma.info\/wp-content\/uploads\/2025\/10\/el-trastorno-disociativo-que-padece-morante-de-la-puebla-explicado-por-una-experta-sensaciones-angustiosas-y-muy-dificiles-de-manejar-3.jpg\" class=\"v-mdl__img-z\" width=\"650\" height=\"650\" alt>\n<\/div>\n<\/div>\n<\/div>\n<p><span class=\"v-bdp\"><\/span><br \/>\n<\/article>\n<\/div>\n<\/div>\n<p class=\"voc-paragraph\">Sobre la terapia de electroshocks a la que se ha sometido, Ainhoa Duque reconoce que este no es el tratamiento m\u00e1s habitual en estos casos. \u00abLo primero suele ser un tratamiento psicofarmacol\u00f3gico, y psicoterapia, con t\u00e9cnicas espec\u00edficas de manejo de s\u00edntomas y acompa\u00f1amiento emocional\u00bb, nos explica. Pero luego a\u00f1ade que \u00abde no resultar suficiente, un siguiente paso es recurrir al <strong>abordaje con terapia electroconvulsiva<\/strong>, efectivamente\u00bb.<\/p>\n<p><h3 class=\"v-cmp-suh\">\nLa importancia de cuidar la salud mental<br \/>\n<\/h3>\n<\/p>\n<p class=\"voc-paragraph\">\u00bfC\u00f3mo surge este trastorno y qu\u00e9 se puede hacer para evitarlo? No parece haber una respuesta f\u00e1cil a esa cuesti\u00f3n, seg\u00fan la psic\u00f3loga. \u00abEn nuestro campo, dirimir el origen de la enfermedad es complicado, puesto que pueden unirse factores biol\u00f3gicos, del propio sistema nervioso, as\u00ed como aquellos derivados de <strong>posibles experiencias traum\u00e1ticas o de estr\u00e9s extremo,<\/strong> algo frecuente en este tipo de dolencia\u00bb, asegura Ainhoa Duque que a\u00f1ade \u00ablo esencial es acudir cuanto antes a un profesional\u00bb.<\/p>\n<p class=\"voc-paragraph\">En este sentido, el propio Morante de la Puebla destacaba en su entrevista con el ABC la importancia de <a href=\"https:\/\/www.mujerhoy.com\/celebrities\/realeza\/maxima-holanda-recuerdo-hermana-ines-zorreguieta-muerte-20251010120409-nt.html\" target=\"_self\" data-voc-vtm-id=\"in-text-traffic\" title=\"cuidar la salud mental\" data-mrf-link=\"www.mujerhoy.com\" rel=\"noopener noreferrer\">cuidar la salud mental<\/a>. Para \u00e9l, \u00ab<strong>la visita al psiquiatra se debe normalizar,<\/strong> como el que va a un fisio o a un m\u00e9dico general. Le cuentas tu problema, c\u00f3mo es el d\u00eda, la noche y te manda un tratamiento\u00ab.<\/p>\n<p class=\"voc-paragraph\">Unas palabras que celebra la psic\u00f3loga. \u00abYo le agradezco personalmente a Jos\u00e9 Antonio que haya <strong>compartido con tanta honestidad su gran sufrimiento<\/strong>, es muy valiente mostrar la vulnerabilidad, y por supuesto, una forma de dar visibilidad a los problemas de salud mental de los que afortunadamente ahora se habla m\u00e1s\u00bb, afirma Ainhoa Duque. \u00abY por supuesto, normalizar y fomentar cuando sea necesario ponerse en un adecuado tratamiento. Somos un cuerpo, una mente, y un alma, y todo ello necesita atenci\u00f3n\u00bb.<\/p>\n<div class=\"v-c-cmp v-c-cmp--t1 \">\n<div class=\"v-cmp-rld v-cmp-rld--2 \">\n<div class=\"v-cnt-m v-cnt-m--m\">\n<div class=\"v-cnt-m__c\">\n<div class=\"v-cnt-m__w v-cnt-m__w--1\">\n<p class=\"v-cnt-m__t\">\nTAMBI\u00c9N TE INTERESA\n<\/p>\n<\/div>\n<\/div>\n<\/div>\n<div class=\"v-g v-g--2-c v-g--bdr-min-xs\">\n<div class=\"v-g__c \">\n<article class=\"v-a v-a--cmp-rld v-a--cmp-rld-2 v-a--p-l\">\n<div class=\"v-a-img-c\">\n<figure class=\"v-a-fig\">\n<a href=\"https:\/\/www.mujerhoy.com\/celebrities\/realeza\/infanta-elena-victoria-federica-hispanidad-corrida-toros-las-ventas-20251013120757-nt.html#vtm_modulosEngag=mod-rel:vivir:noticia:1:cmp:2-not\" class=\"v-a-link\" title=\"Sabemos qu\u00e9 hicieron la infanta Elena y Victoria Federica mientras la familia real celebraba el D\u00eda de la Hispanidad\"><br \/>\n<img loading=\"lazy\" class=\"v-a-img\" src=\"http:\/\/cordobainforma.info\/wp-content\/uploads\/2025\/10\/el-trastorno-disociativo-que-padece-morante-de-la-puebla-explicado-por-una-experta-sensaciones-angustiosas-y-muy-dificiles-de-manejar-4.jpg\" alt=\"Sabemos qu\u00e9 hicieron la infanta Elena y Victoria Federica mientras la familia real celebraba el D\u00eda de la Hispanidad\"><br \/>\n<\/a><br \/>\n<\/figure>\n<\/div>\n<\/article>\n<\/div>\n<div class=\"v-g__c \">\n<article class=\"v-a v-a--cmp-rld v-a--cmp-rld-2 v-a--p-l\">\n<div class=\"v-a-img-c\">\n<figure class=\"v-a-fig\">\n<a href=\"https:\/\/www.mujerhoy.com\/celebrities\/victoria-federica-tana-rivera-polemica-guerra-toreros-roca-rey-morante-20250813162305-nt.html#vtm_modulosEngag=mod-rel:vivir:noticia:2:cmp:2-not\" class=\"v-a-link\" title=\"La guerra de toreros entre Roca Rey y Morante de la Puebla que compromete a Victoria Federica y Tana Rivera\"><br \/>\n<img loading=\"lazy\" class=\"v-a-img\" src=\"http:\/\/cordobainforma.info\/wp-content\/uploads\/2025\/10\/el-trastorno-disociativo-que-padece-morante-de-la-puebla-explicado-por-una-experta-sensaciones-angustiosas-y-muy-dificiles-de-manejar-5.jpg\" alt=\"La guerra de toreros entre Roca Rey y Morante de la Puebla que compromete a Victoria Federica y Tana Rivera\"><br \/>\n<\/a><br \/>\n<\/figure>\n<\/div>\n<\/article>\n<\/div>\n<\/div>\n<\/div>\n<\/div>\n","protected":false},"excerpt":{"rendered":"<p>Los aficionados taurinos siguen tratando de asimilar la inesperada noticia de la retirada de Morante de la Puebla, una de las m\u00e1s destacadas figuras de los ruedos en las tres \u00faltimas d\u00e9cadas. El pasado domingo, tras cortar dos orejas en Las Ventas en la corrida del D\u00eda de la Hispanidad, se cortaba la coleta, el [&hellip;]<\/p>\n","protected":false},"author":1,"featured_media":171076,"comment_status":"open","ping_status":"closed","sticky":false,"template":"","format":"standard","meta":[],"categories":[18],"tags":[],"_links":{"self":[{"href":"http:\/\/cordobainforma.info\/index.php\/wp-json\/wp\/v2\/posts\/171075"}],"collection":[{"href":"http:\/\/cordobainforma.info\/index.php\/wp-json\/wp\/v2\/posts"}],"about":[{"href":"http:\/\/cordobainforma.info\/index.php\/wp-json\/wp\/v2\/types\/post"}],"author":[{"embeddable":true,"href":"http:\/\/cordobainforma.info\/index.php\/wp-json\/wp\/v2\/users\/1"}],"replies":[{"embeddable":true,"href":"http:\/\/cordobainforma.info\/index.php\/wp-json\/wp\/v2\/comments?post=171075"}],"version-history":[{"count":0,"href":"http:\/\/cordobainforma.info\/index.php\/wp-json\/wp\/v2\/posts\/171075\/revisions"}],"wp:featuredmedia":[{"embeddable":true,"href":"http:\/\/cordobainforma.info\/index.php\/wp-json\/wp\/v2\/media\/171076"}],"wp:attachment":[{"href":"http:\/\/cordobainforma.info\/index.php\/wp-json\/wp\/v2\/media?parent=171075"}],"wp:term":[{"taxonomy":"category","embeddable":true,"href":"http:\/\/cordobainforma.info\/index.php\/wp-json\/wp\/v2\/categories?post=171075"},{"taxonomy":"post_tag","embeddable":true,"href":"http:\/\/cordobainforma.info\/index.php\/wp-json\/wp\/v2\/tags?post=171075"}],"curies":[{"name":"wp","href":"https:\/\/api.w.org\/{rel}","templated":true}]}}