{"id":171048,"date":"2025-10-16T05:21:32","date_gmt":"2025-10-16T05:21:32","guid":{"rendered":"https:\/\/cordobainforma.info\/index.php\/2025\/10\/16\/un-bombero-termino-herido-por-la-brutal-descarga-de-un-avion-hidrante-en-pleno-incendio\/"},"modified":"2025-10-16T05:21:32","modified_gmt":"2025-10-16T05:21:32","slug":"un-bombero-termino-herido-por-la-brutal-descarga-de-un-avion-hidrante-en-pleno-incendio","status":"publish","type":"post","link":"http:\/\/cordobainforma.info\/index.php\/2025\/10\/16\/un-bombero-termino-herido-por-la-brutal-descarga-de-un-avion-hidrante-en-pleno-incendio\/","title":{"rendered":"Un bombero termin\u00f3 herido por la brutal descarga de un avi\u00f3n hidrante en pleno incendio &#8230;"},"content":{"rendered":"<p>El incendio que desde hace seis d\u00edas arrasa con la Quebrada del Condorito, en las Altas Cumbres de <b>C\u00f3rdoba<\/b>, sum\u00f3 un <b>nuevo<\/b> episodio de preocupaci\u00f3n: un&nbsp;&#8230; <\/p>\n","protected":false},"excerpt":{"rendered":"<p>El incendio que desde hace seis d\u00edas arrasa con la Quebrada del Condorito, en las Altas Cumbres de C\u00f3rdoba, sum\u00f3 un nuevo episodio de preocupaci\u00f3n: un&nbsp;&#8230;<\/p>\n","protected":false},"author":1,"featured_media":0,"comment_status":"closed","ping_status":"closed","sticky":false,"template":"","format":"standard","meta":[],"categories":[23],"tags":[],"_links":{"self":[{"href":"http:\/\/cordobainforma.info\/index.php\/wp-json\/wp\/v2\/posts\/171048"}],"collection":[{"href":"http:\/\/cordobainforma.info\/index.php\/wp-json\/wp\/v2\/posts"}],"about":[{"href":"http:\/\/cordobainforma.info\/index.php\/wp-json\/wp\/v2\/types\/post"}],"author":[{"embeddable":true,"href":"http:\/\/cordobainforma.info\/index.php\/wp-json\/wp\/v2\/users\/1"}],"replies":[{"embeddable":true,"href":"http:\/\/cordobainforma.info\/index.php\/wp-json\/wp\/v2\/comments?post=171048"}],"version-history":[{"count":0,"href":"http:\/\/cordobainforma.info\/index.php\/wp-json\/wp\/v2\/posts\/171048\/revisions"}],"wp:attachment":[{"href":"http:\/\/cordobainforma.info\/index.php\/wp-json\/wp\/v2\/media?parent=171048"}],"wp:term":[{"taxonomy":"category","embeddable":true,"href":"http:\/\/cordobainforma.info\/index.php\/wp-json\/wp\/v2\/categories?post=171048"},{"taxonomy":"post_tag","embeddable":true,"href":"http:\/\/cordobainforma.info\/index.php\/wp-json\/wp\/v2\/tags?post=171048"}],"curies":[{"name":"wp","href":"https:\/\/api.w.org\/{rel}","templated":true}]}}