{"id":171009,"date":"2025-10-16T09:01:43","date_gmt":"2025-10-16T09:01:43","guid":{"rendered":"https:\/\/www.clarin.com\/deportes\/increibles-24-horas-flaco-lopez-debuto-seleccion-argentina-volo-miami-brasil-hacer-gol-triunfo-palmeiras_0_dshRpnvTXj.html"},"modified":"2025-10-16T09:01:43","modified_gmt":"2025-10-16T09:01:43","slug":"las-increibles-24-horas-del-flaco-lopez-debuto-con-la-seleccion-argentina-y-volo-de-miami-a-brasil-para-hacer-el-gol-del-triunfo-de-palmeiras","status":"publish","type":"post","link":"http:\/\/cordobainforma.info\/index.php\/2025\/10\/16\/las-increibles-24-horas-del-flaco-lopez-debuto-con-la-seleccion-argentina-y-volo-de-miami-a-brasil-para-hacer-el-gol-del-triunfo-de-palmeiras\/","title":{"rendered":"Las incre\u00edbles 24 horas del &#8216;Flaco&#8217; Lopez: debut\u00f3 con la Selecci\u00f3n Argentina y vol\u00f3 de Miami a Brasil para hacer el gol del triunfo de Palmeiras"},"content":{"rendered":"<p><img src=\"http:\/\/cordobainforma.info\/wp-content\/uploads\/2025\/10\/las-increibles-24-horas-del-flaco-lopez-debuto-con-la-seleccion-argentina-y-volo-de-miami-a-brasil-para-hacer-el-gol-del-triunfo-de-palmeiras.jpg\"><\/p>\n<div><img src=\"http:\/\/cordobainforma.info\/wp-content\/uploads\/2025\/10\/las-increibles-24-horas-del-flaco-lopez-debuto-con-la-seleccion-argentina-y-volo-de-miami-a-brasil-para-hacer-el-gol-del-triunfo-de-palmeiras-2.jpg\" class=\"ff-og-image-inserted\"><\/div>\n<div id=\"element-body-0\" readability=\"61\">\n<p>Horas despu\u00e9s de debutar con la <strong>Selecci\u00f3n Argentina<\/strong> en el amistoso disputado en Miami ante Puerto Rico, <strong>Jos\u00e9 Manuel L\u00f3pez<\/strong> convirti\u00f3 un nuevo gol para <strong>Palmeiras <\/strong>en el Allianz Parque de San Pablo. Fue victoria 5-1 para el Verdao ante Red Bull Bragantino para mantenerse como l\u00edder del Brasileirao.<\/p>\n<\/div>\n<div id=\"element-body-1\" readability=\"62\">\n<p>El delantero de 24 a\u00f1os, figura en el equipo de Abel Ferreira que enfrentar\u00e1 a LDU de Quito en semifinales de la Copa Libertadores, tom\u00f3 un vuelo ch\u00e1rter por pedido expreso de su club y fue suplente tras su viaje a Estados Unidos. <strong>Ingres\u00f3 a 33 minutos del segundo tiempo y a los 39&#8242; marc\u00f3 el 4-1.<\/strong><\/p>\n<\/div>\n<div id=\"element-body-2\" readability=\"29.191919191919\">\n<blockquote class=\"twitter-tweet\" readability=\"9.4444444444444\">\n<p lang=\"es\" dir=\"ltr\">\ud83d\udd25\ud83c\udde6\ud83c\uddf7\ud83c\udde7\ud83c\uddf7 HAY NUEVO GOL DEL FLACO L\u00d3PEZ.<\/p>\n<p>\u2708\ufe0f Hace menos de 24 horas jug\u00f3 con la Selecci\u00f3n Argentina, pero Palmeiras puso un AVI\u00d3N PRIVADO para que llegue a jugar hoy.<\/p>\n<p>Y sigue pagando con goles. \ud83d\ude2e\u200d\ud83d\udca8<a href=\"https:\/\/t.co\/yZk52Cyc80\">pic.twitter.com\/yZk52Cyc80<\/a><\/p>\n<p>\u2014 Sudanalytics (@sudanalytics_) <a href=\"https:\/\/twitter.com\/sudanalytics_\/status\/1978610996873658640?ref_src=twsrc%5Etfw\">October 15, 2025<\/a><\/p><\/blockquote><\/div>\n<div id=\"element-body-3\" readability=\"62\">\n<p>Cuando Bragantino buscaba descontar, una r\u00e1pida acci\u00f3n de contraataque deriv\u00f3 en un remate de <strong>V\u00edtor Roque, <\/strong>otras de las figuras del equipo, y en el rebote apareci\u00f3 el &#8216;Flaco&#8217; para definir con el arco vac\u00edo.<\/p>\n<\/div>\n<div id=\"element-body-4\" readability=\"62\">\n<p>De esta manera, se pudo sacar las ganas de convertir luego no poder hacerlo con la Selecci\u00f3n, aunque en el Chase Stadium de Miami se luci\u00f3 con una asistencia para Alexis Mac Allister y cerr\u00f3 un buen partido, ilusionado con ganarse un lugar en la lista del Mundial.<\/p>\n<\/div>\n","protected":false},"excerpt":{"rendered":"<p>Horas despu\u00e9s de debutar con la Selecci\u00f3n Argentina en el amistoso disputado en Miami ante Puerto Rico, Jos\u00e9 Manuel L\u00f3pez convirti\u00f3 un nuevo gol para Palmeiras en el Allianz Parque de San Pablo. Fue victoria 5-1 para el Verdao ante Red Bull Bragantino para mantenerse como l\u00edder del Brasileirao. El delantero de 24 a\u00f1os, figura [&hellip;]<\/p>\n","protected":false},"author":1,"featured_media":171010,"comment_status":"closed","ping_status":"closed","sticky":false,"template":"","format":"standard","meta":[],"categories":[20],"tags":[],"_links":{"self":[{"href":"http:\/\/cordobainforma.info\/index.php\/wp-json\/wp\/v2\/posts\/171009"}],"collection":[{"href":"http:\/\/cordobainforma.info\/index.php\/wp-json\/wp\/v2\/posts"}],"about":[{"href":"http:\/\/cordobainforma.info\/index.php\/wp-json\/wp\/v2\/types\/post"}],"author":[{"embeddable":true,"href":"http:\/\/cordobainforma.info\/index.php\/wp-json\/wp\/v2\/users\/1"}],"replies":[{"embeddable":true,"href":"http:\/\/cordobainforma.info\/index.php\/wp-json\/wp\/v2\/comments?post=171009"}],"version-history":[{"count":0,"href":"http:\/\/cordobainforma.info\/index.php\/wp-json\/wp\/v2\/posts\/171009\/revisions"}],"wp:featuredmedia":[{"embeddable":true,"href":"http:\/\/cordobainforma.info\/index.php\/wp-json\/wp\/v2\/media\/171010"}],"wp:attachment":[{"href":"http:\/\/cordobainforma.info\/index.php\/wp-json\/wp\/v2\/media?parent=171009"}],"wp:term":[{"taxonomy":"category","embeddable":true,"href":"http:\/\/cordobainforma.info\/index.php\/wp-json\/wp\/v2\/categories?post=171009"},{"taxonomy":"post_tag","embeddable":true,"href":"http:\/\/cordobainforma.info\/index.php\/wp-json\/wp\/v2\/tags?post=171009"}],"curies":[{"name":"wp","href":"https:\/\/api.w.org\/{rel}","templated":true}]}}