{"id":171002,"date":"2025-10-15T19:39:33","date_gmt":"2025-10-15T19:39:33","guid":{"rendered":"https:\/\/somoscordobeses.com\/2025\/10\/15\/murio-tras-caer-del-techo-de-un-supermercado-ocurrio-en-villa-allende\/"},"modified":"2025-10-15T19:39:33","modified_gmt":"2025-10-15T19:39:33","slug":"murio-tras-caer-del-techo-de-un-supermercado-ocurrio-en-villa-allende","status":"publish","type":"post","link":"http:\/\/cordobainforma.info\/index.php\/2025\/10\/15\/murio-tras-caer-del-techo-de-un-supermercado-ocurrio-en-villa-allende\/","title":{"rendered":"Muri\u00f3 tras caer del techo de un supermercado, ocurri\u00f3 en Villa Allende"},"content":{"rendered":"<div><img src=\"http:\/\/cordobainforma.info\/wp-content\/uploads\/2025\/10\/murio-tras-caer-del-techo-de-un-supermercado-ocurrio-en-villa-allende.jpg\" class=\"ff-og-image-inserted\"><\/div>\n<p><strong>Un trabajador de 32 a\u00f1os perdi\u00f3 la vida luego de haber ca\u00eddo desde el techo de un supermercado en Villa Allende. El operario se encontraba realizando tareas de mantenimiento cuando cedi\u00f3 parte de la estructura y se desplom\u00f3 desde una altura de seis metros.<\/strong><\/p>\n<p>Un tr\u00e1gico accidente laboral ocurri\u00f3 este mi\u00e9rcoles en horas de la ma\u00f1ana en un comercio ubicado en&nbsp;la calle Alsina al 400.<\/p>\n<p>El fallecido integraba una cuadrilla contratada por una empresa para hacer reparaciones en&nbsp;distintas sucursales&nbsp;y su cuerpo sin vida fue hallado en la zona del dep\u00f3sito.<\/p>\n<p>Se dio intervenci\u00f3n a la&nbsp;Polic\u00eda Judicial y se busca determinar si se cumplieron con las normas de seguridad correspondientes.<\/p>\n","protected":false},"excerpt":{"rendered":"<p>Un trabajador de 32 a\u00f1os perdi\u00f3 la vida luego de haber ca\u00eddo desde el techo de un supermercado en Villa Allende. El operario se encontraba realizando tareas de mantenimiento cuando cedi\u00f3 parte de la estructura y se desplom\u00f3 desde una altura de seis metros. Un tr\u00e1gico accidente laboral ocurri\u00f3 este mi\u00e9rcoles en horas de la [&hellip;]<\/p>\n","protected":false},"author":1,"featured_media":171003,"comment_status":"closed","ping_status":"closed","sticky":false,"template":"","format":"standard","meta":[],"categories":[2],"tags":[],"_links":{"self":[{"href":"http:\/\/cordobainforma.info\/index.php\/wp-json\/wp\/v2\/posts\/171002"}],"collection":[{"href":"http:\/\/cordobainforma.info\/index.php\/wp-json\/wp\/v2\/posts"}],"about":[{"href":"http:\/\/cordobainforma.info\/index.php\/wp-json\/wp\/v2\/types\/post"}],"author":[{"embeddable":true,"href":"http:\/\/cordobainforma.info\/index.php\/wp-json\/wp\/v2\/users\/1"}],"replies":[{"embeddable":true,"href":"http:\/\/cordobainforma.info\/index.php\/wp-json\/wp\/v2\/comments?post=171002"}],"version-history":[{"count":0,"href":"http:\/\/cordobainforma.info\/index.php\/wp-json\/wp\/v2\/posts\/171002\/revisions"}],"wp:featuredmedia":[{"embeddable":true,"href":"http:\/\/cordobainforma.info\/index.php\/wp-json\/wp\/v2\/media\/171003"}],"wp:attachment":[{"href":"http:\/\/cordobainforma.info\/index.php\/wp-json\/wp\/v2\/media?parent=171002"}],"wp:term":[{"taxonomy":"category","embeddable":true,"href":"http:\/\/cordobainforma.info\/index.php\/wp-json\/wp\/v2\/categories?post=171002"},{"taxonomy":"post_tag","embeddable":true,"href":"http:\/\/cordobainforma.info\/index.php\/wp-json\/wp\/v2\/tags?post=171002"}],"curies":[{"name":"wp","href":"https:\/\/api.w.org\/{rel}","templated":true}]}}