{"id":171000,"date":"2025-10-15T19:40:09","date_gmt":"2025-10-15T19:40:09","guid":{"rendered":"https:\/\/somoscordobeses.com\/2025\/10\/15\/incendio-en-la-quebrada-del-condorito-cortaron-el-camino-de-las-altas-cumbres\/"},"modified":"2025-10-15T19:40:09","modified_gmt":"2025-10-15T19:40:09","slug":"incendio-en-la-quebrada-del-condorito-cortaron-el-camino-de-las-altas-cumbres","status":"publish","type":"post","link":"http:\/\/cordobainforma.info\/index.php\/2025\/10\/15\/incendio-en-la-quebrada-del-condorito-cortaron-el-camino-de-las-altas-cumbres\/","title":{"rendered":"Incendio en la Quebrada del Condorito: cortaron el camino de las Altas Cumbres"},"content":{"rendered":"<div><img src=\"http:\/\/cordobainforma.info\/wp-content\/uploads\/2025\/10\/incendio-en-la-quebrada-del-condorito-cortaron-el-camino-de-las-altas-cumbres.jpg\" class=\"ff-og-image-inserted\"><\/div>\n<p>Contin\u00faan los trabajos para contener el incendio que afecta a la zona de la Quebrada del Condorito. Bomberos realizan sus tareas hace cinco d\u00edas pero las condiciones clim\u00e1ticas son contraproducentes.<\/p>\n<p>Por esto, y debido a la intensidad del fuego y a la densa columna de humo, las autoridades dispusieron el corte total del camino de las Altas Cumbres, a la altura del kil\u00f3metro 45.<\/p>\n<p>Hasta el momento, el incendio ya consumi\u00f3 m\u00e1s de 4.500 hect\u00e1reas de monte nativo y pastizales serranos. En el operativo trabajan m\u00e1s de 200 bomberos voluntarios, junto al Plan Provincial de Manejo del Fuego, personal del Parque Nacional y aeronaves hidrantes.<\/p>\n<p>Desde la Provincia informaron que se mantiene vigilancia sobre las instalaciones escolares y viviendas cercanas, ya que las llamas est\u00e1n cerca de la escuela Ceferino Namuncur\u00e1.<\/p>\n<h3>Un bombero herido<\/h3>\n<p>En la tarde de este mi\u00e9rcoles, un bombero result\u00f3 herido al ser alcanzado por la descarga de agua de un avi\u00f3n hidrante que realizaba maniobras sobre la zona afectada.<\/p>\n<p>El golpe del chorro impact\u00f3 con fuerza sobre su cabeza, lo que le provoc\u00f3 un traumatismo de cr\u00e1neo y varios cortes. El bombero, identificado como Agust\u00edn Olmedo, de la base Yacanto, fue aeroevacuado desde el sector serrano y trasladado al Hospital Sayago de Villa Carlos Paz.<\/p>\n<p>Fuentes sanitarias informaron que el efectivo se encuentra consciente, acompa\u00f1ado por su familia y en observaci\u00f3n, mientras se le realizan estudios complementarios para evaluar la evoluci\u00f3n de sus lesiones.<\/p>\n","protected":false},"excerpt":{"rendered":"<p>Contin\u00faan los trabajos para contener el incendio que afecta a la zona de la Quebrada del Condorito. Bomberos realizan sus tareas hace cinco d\u00edas pero las condiciones clim\u00e1ticas son contraproducentes. Por esto, y debido a la intensidad del fuego y a la densa columna de humo, las autoridades dispusieron el corte total del camino de [&hellip;]<\/p>\n","protected":false},"author":1,"featured_media":171001,"comment_status":"closed","ping_status":"closed","sticky":false,"template":"","format":"standard","meta":[],"categories":[2],"tags":[],"_links":{"self":[{"href":"http:\/\/cordobainforma.info\/index.php\/wp-json\/wp\/v2\/posts\/171000"}],"collection":[{"href":"http:\/\/cordobainforma.info\/index.php\/wp-json\/wp\/v2\/posts"}],"about":[{"href":"http:\/\/cordobainforma.info\/index.php\/wp-json\/wp\/v2\/types\/post"}],"author":[{"embeddable":true,"href":"http:\/\/cordobainforma.info\/index.php\/wp-json\/wp\/v2\/users\/1"}],"replies":[{"embeddable":true,"href":"http:\/\/cordobainforma.info\/index.php\/wp-json\/wp\/v2\/comments?post=171000"}],"version-history":[{"count":0,"href":"http:\/\/cordobainforma.info\/index.php\/wp-json\/wp\/v2\/posts\/171000\/revisions"}],"wp:featuredmedia":[{"embeddable":true,"href":"http:\/\/cordobainforma.info\/index.php\/wp-json\/wp\/v2\/media\/171001"}],"wp:attachment":[{"href":"http:\/\/cordobainforma.info\/index.php\/wp-json\/wp\/v2\/media?parent=171000"}],"wp:term":[{"taxonomy":"category","embeddable":true,"href":"http:\/\/cordobainforma.info\/index.php\/wp-json\/wp\/v2\/categories?post=171000"},{"taxonomy":"post_tag","embeddable":true,"href":"http:\/\/cordobainforma.info\/index.php\/wp-json\/wp\/v2\/tags?post=171000"}],"curies":[{"name":"wp","href":"https:\/\/api.w.org\/{rel}","templated":true}]}}