{"id":170964,"date":"2025-10-15T11:16:26","date_gmt":"2025-10-15T11:16:26","guid":{"rendered":"http:\/\/cordobainforma.info\/index.php\/2025\/10\/15\/vladimir-putin-se-reune-con-el-lider-de-siria\/"},"modified":"2025-10-15T11:16:26","modified_gmt":"2025-10-15T11:16:26","slug":"vladimir-putin-se-reune-con-el-lider-de-siria","status":"publish","type":"post","link":"http:\/\/cordobainforma.info\/index.php\/2025\/10\/15\/vladimir-putin-se-reune-con-el-lider-de-siria\/","title":{"rendered":"Vlad\u00edmir Putin se re\u00fane con el l\u00edder de Siria"},"content":{"rendered":"<p><img src=\"http:\/\/cordobainforma.info\/wp-content\/uploads\/2025\/10\/vladimir-putin-se-reune-con-el-lider-de-siria.jpg\"><\/p>\n<div><img src=\"http:\/\/cordobainforma.info\/wp-content\/uploads\/2025\/10\/vladimir-putin-se-reune-con-el-lider-de-siria-2.jpg\" class=\"ff-og-image-inserted\"><\/div>\n<div class=\"Text-root Text-type_5 ArticleView-text ViewText-root \">\n<p>El presidente de Rusia se re\u00fane este mi\u00e9rcoles con el gobernante interino de Siria, Ahmed al Sharaa, que se encuentra en territorio ruso en una visita de trabajo.<\/p>\n<p>En v\u00edsperas del encuentro, el Kremlin <a href=\"https:\/\/t.me\/news_kremlin\/6507\" target=\"_blank\" rel=\"noopener noreferrer\">inform\u00f3<\/a> que los dos l\u00edderes abordar\u00e1n&nbsp;\u00ab<strong>la situaci\u00f3n actual y las perspectivas de desarrollo de las relaciones ruso-sirias<\/strong> en los \u00e1mbitos pol\u00edtico, comercial y econ\u00f3mico, as\u00ed como humanitario, y tambi\u00e9n la evoluci\u00f3n reciente de los acontecimientos en Oriente Medio\u00bb.<\/p>\n<p>Previamente, la agencia SANA <a href=\"https:\/\/sana.sy\/en\/politics\/2272447\/\" target=\"_blank\" rel=\"noopener noreferrer\">inform\u00f3<\/a> que&nbsp;Al Sharaa llegar\u00e1 a Rusia&nbsp;como parte de los esfuerzos por reordenar las relaciones bilaterales y explorar las perspectivas de cooperaci\u00f3n pol\u00edtica y econ\u00f3mica entre&nbsp;Mosc\u00fa y Damasco.<\/p>\n<p>El <strong>destino de las bases militares rusas en Siria<\/strong> ser\u00e1 uno de los temas de las conversaciones entre Putin y el mandatario sirio, comunic\u00f3 el portavoz del Kremlin, Dmitri Peskov.<\/p>\n<h3>Contactos previos<\/h3>\n<p>A mediados de febrero,&nbsp;Putin <a href=\"https:\/\/esrt.space\/actualidad\/540012-putin-hablar-presidente-interino-siria\" target=\"_blank\" rel=\"noopener noreferrer\">mantuvo<\/a> una conversaci\u00f3n telef\u00f3nica con Ahmed al Sharaa. La parte rusa subray\u00f3 su posici\u00f3n en <strong>apoyo a la unidad, la soberan\u00eda y la integridad territorial del Estado sirio<\/strong>, y&nbsp;tambi\u00e9n destac\u00f3 la importancia de implementar medidas para una normalizaci\u00f3n sostenible en el pa\u00eds.<\/p>\n<p>Un mes despu\u00e9s, el presidente ruso&nbsp;<a href=\"https:\/\/esrt.space\/actualidad\/543600-putin-enviar-mensaje-lider-siria\" target=\"_blank\" rel=\"noopener noreferrer\">envi\u00f3<\/a>&nbsp;un mensaje a Al Sharaa en el que expres\u00f3 su apoyo a los esfuerzos del nuevo Gobierno para estabilizar la situaci\u00f3n en el pa\u00eds lo antes posible.<\/p>\n<p><strong><em>M\u00e1s informaci\u00f3n, en breve.<\/em><\/strong><\/p>\n<\/div>\n","protected":false},"excerpt":{"rendered":"<p>El presidente de Rusia se re\u00fane este mi\u00e9rcoles con el gobernante interino de Siria, Ahmed al Sharaa, que se encuentra en territorio ruso en una visita de trabajo. En v\u00edsperas del encuentro, el Kremlin inform\u00f3 que los dos l\u00edderes abordar\u00e1n&nbsp;\u00abla situaci\u00f3n actual y las perspectivas de desarrollo de las relaciones ruso-sirias en los \u00e1mbitos pol\u00edtico, [&hellip;]<\/p>\n","protected":false},"author":1,"featured_media":170965,"comment_status":"closed","ping_status":"closed","sticky":false,"template":"","format":"standard","meta":[],"categories":[22],"tags":[],"_links":{"self":[{"href":"http:\/\/cordobainforma.info\/index.php\/wp-json\/wp\/v2\/posts\/170964"}],"collection":[{"href":"http:\/\/cordobainforma.info\/index.php\/wp-json\/wp\/v2\/posts"}],"about":[{"href":"http:\/\/cordobainforma.info\/index.php\/wp-json\/wp\/v2\/types\/post"}],"author":[{"embeddable":true,"href":"http:\/\/cordobainforma.info\/index.php\/wp-json\/wp\/v2\/users\/1"}],"replies":[{"embeddable":true,"href":"http:\/\/cordobainforma.info\/index.php\/wp-json\/wp\/v2\/comments?post=170964"}],"version-history":[{"count":0,"href":"http:\/\/cordobainforma.info\/index.php\/wp-json\/wp\/v2\/posts\/170964\/revisions"}],"wp:featuredmedia":[{"embeddable":true,"href":"http:\/\/cordobainforma.info\/index.php\/wp-json\/wp\/v2\/media\/170965"}],"wp:attachment":[{"href":"http:\/\/cordobainforma.info\/index.php\/wp-json\/wp\/v2\/media?parent=170964"}],"wp:term":[{"taxonomy":"category","embeddable":true,"href":"http:\/\/cordobainforma.info\/index.php\/wp-json\/wp\/v2\/categories?post=170964"},{"taxonomy":"post_tag","embeddable":true,"href":"http:\/\/cordobainforma.info\/index.php\/wp-json\/wp\/v2\/tags?post=170964"}],"curies":[{"name":"wp","href":"https:\/\/api.w.org\/{rel}","templated":true}]}}