{"id":170960,"date":"2025-10-15T06:10:03","date_gmt":"2025-10-15T06:10:03","guid":{"rendered":"https:\/\/www.mujerhoy.com\/vivir\/ocio\/muerte-familia-murdaugh-miniserie-disney-plus-crimen-hechos-reales-20251015175435-nt.html"},"modified":"2025-10-15T06:10:03","modified_gmt":"2025-10-15T06:10:03","slug":"muerte-en-la-familia-murdaugh-la-miniserie-de-disney-sobre-el-crimen-real-que-provoco-la-caida-de-una-poderosa-dinastia","status":"publish","type":"post","link":"http:\/\/cordobainforma.info\/index.php\/2025\/10\/15\/muerte-en-la-familia-murdaugh-la-miniserie-de-disney-sobre-el-crimen-real-que-provoco-la-caida-de-una-poderosa-dinastia\/","title":{"rendered":"Muerte en la familia Murdaugh: la miniserie de Disney+ sobre el crimen real que provoc\u00f3 la ca\u00edda de una poderosa dinast\u00eda"},"content":{"rendered":"<div class=\"media_block\"><\/div>\n<p><!-- AUTHOR --><\/p>\n<div class=\"voc-author-timesocial \">\n<!-- AUTHOR --><\/p>\n<div class=\"voc-author-timesocial__signature \">\n<!-- IMAGE AUTHOR -->\n<picture class=\"voc-image-signature\">\n<img class=\"voc-image-signature__img\" src=\"http:\/\/cordobainforma.info\/wp-content\/uploads\/2025\/10\/muerte-en-la-familia-murdaugh-la-miniserie-de-disney-sobre-el-crimen-real-que-provoco-la-caida-de-una-poderosa-dinastia.jpg\" alt=\"Alo\u00f1a Fdez. Larrechi\">\n<\/picture>\n<!-- INFO AUTHOR --> <\/div><\/div>\n<p><!-- COMPONENTS --><\/p>\n<p class=\"voc-paragraph\">Tal vez sea porque Halloween est\u00e1 a la vuelta de la esquina, o quiz\u00e1 porque el oto\u00f1o nos invita m\u00e1s a quedarnos en casa y disfrutar de una buena serie en el sof\u00e1. Lo cierto es que el oto\u00f1o de series viene especialmente criminal y prueba de ello <a href=\"https:\/\/www.mujerhoy.com\/vivir\/ocio\/incontrolables-netflix-serie-misterio-adolescentes-problematicos-toni-collette-20250927130212-nt.html\" title=\"www.mujerhoy.com\" data-voc-vtm-id=\"in-text-traffic\" data-mrf-link=\"www.mujerhoy.com\">es que Netflix<\/a> ya ha estrenado una nueva entrega de <a href=\"https:\/\/www.mujerhoy.com\/vivir\/ocio\/monstruo-historia-ed-gein-estreno-miniserie-asesino-psicosis-ryan-murphy-netflix-20251003124420-nt.html\" title=\"www.mujerhoy.com\" data-voc-vtm-id=\"in-text-traffic\" data-mrf-link=\"www.mujerhoy.com\">su terror\u00edfica antolog\u00eda, Monstruo<\/a>, y en unos d\u00edas llegar\u00e1 a SkyShowtime la historia del psic\u00f3pata John Wayne Gacy. <a href=\"https:\/\/www.mujerhoy.com\/vivir\/ocio\/estrenos-series-octubre-netflix-hbo-max-diplomatica-crimenes-reales-respira-20250929203106-nt.html\" title=\"www.mujerhoy.com\" data-voc-vtm-id=\"in-text-traffic\" data-mrf-link=\"www.mujerhoy.com\">Estrenos de series de octubre<\/a> a las que hay que sumar la miniserie de Disney+ sobre <strong>el crimen real que provoc\u00f3 la ca\u00edda de una poderosa dinast\u00eda<\/strong>: Muerte en la familia Murdaugh.<\/p>\n<p class=\"voc-paragraph\">Patricia Arquette, a la que hemos visto recientemente en Separaci\u00f3n, y Jason Clarke, que acaba de estrenar The Last Frontier: conspiraci\u00f3n en Alaska, encarnan al matrimonio protagonista, Maggie y Alex Murdaugh. Un matrimonio conocido en Carolina del Sur, estado en el que \u00e9l ten\u00eda un bufete de abogados con larga tradici\u00f3n familiar que durante d\u00e9cadas ejerci\u00f3 un enorme poder judicial y pol\u00edtico. El prestigio necesario para procurarse <strong>una vida llena de comodidades<\/strong> pero tambi\u00e9n para situarles en un escaparate social que se les fue de las manos.<\/p>\n<div class=\"v-c-cmp v-c-cmp--t1 \">\n<div class=\"v-cmp-rld v-cmp-rld--2 \">\n<div class=\"v-cnt-m v-cnt-m--m\">\n<div class=\"v-cnt-m__c\">\n<div class=\"v-cnt-m__w v-cnt-m__w--1\">\n<p class=\"v-cnt-m__t\">\nTAMBI\u00c9N TE INTERESA\n<\/p>\n<\/div>\n<\/div>\n<\/div>\n<div class=\"v-g v-g--2-c v-g--bdr-min-xs\">\n<div class=\"v-g__c \">\n<article class=\"v-a v-a--cmp-rld v-a--cmp-rld-2 v-a--p-l\">\n<div class=\"v-a-img-c\">\n<figure class=\"v-a-fig\">\n<a href=\"https:\/\/www.mujerhoy.com\/vivir\/ocio\/el-centro-serie-espias-espanola-botto-movistar-plus-cni-20251009142028-nt.html#vtm_modulosEngag=mod-rel:vivir:noticia:1:cmp:2-not\" class=\"v-a-link\" title=\"El centro: la serie de esp\u00edas espa\u00f1ola que llega a Movistar Plus+ para descubrir los secretos del CNI\"><br \/>\n<img loading=\"lazy\" class=\"v-a-img\" src=\"http:\/\/cordobainforma.info\/wp-content\/uploads\/2025\/10\/muerte-en-la-familia-murdaugh-la-miniserie-de-disney-sobre-el-crimen-real-que-provoco-la-caida-de-una-poderosa-dinastia-1.jpg\" alt=\"El centro: la serie de esp\u00edas espa\u00f1ola que llega a Movistar Plus+ para descubrir los secretos del CNI\"><br \/>\n<\/a><br \/>\n<\/figure>\n<\/div>\n<\/article>\n<\/div>\n<div class=\"v-g__c \">\n<article class=\"v-a v-a--cmp-rld v-a--cmp-rld-2 v-a--p-l\">\n<div class=\"v-a-img-c\">\n<figure class=\"v-a-fig\">\n<a href=\"https:\/\/www.mujerhoy.com\/vivir\/ocio\/la-suerte-serie-disney-taxis-toros-comedia-espanola-oscar-jaenada-ricardo-gomez-20251008135056-nt.html#vtm_modulosEngag=mod-rel:vivir:noticia:2:cmp:2-not\" class=\"v-a-link\" title=\"La Suerte: taxis, toros y una comedia espa\u00f1ola at\u00edpica con \u00d3scar Jaenada y Ricardo G\u00f3mez\"><br \/>\n<img loading=\"lazy\" class=\"v-a-img\" src=\"http:\/\/cordobainforma.info\/wp-content\/uploads\/2025\/10\/muerte-en-la-familia-murdaugh-la-miniserie-de-disney-sobre-el-crimen-real-que-provoco-la-caida-de-una-poderosa-dinastia-2.jpg\" alt=\"La Suerte: taxis, toros y una comedia espa\u00f1ola at\u00edpica con \u00d3scar Jaenada y Ricardo G\u00f3mez\"><br \/>\n<\/a><br \/>\n<\/figure>\n<\/div>\n<\/article>\n<\/div>\n<\/div>\n<\/div>\n<\/div>\n<p class=\"voc-paragraph\">Los tr\u00e1gicos sucesos que rodearon a esta familia dieron lugar a una docuserie de Netflix estrenada en 2023 que llev\u00f3 a Buster Murdaugh, hijo mayor de ambos, a demandar a la plataforma de streaming. Pero el caso es tan jugoso y sorprendente que la ficci\u00f3n no ha podido resistirse a trasladar a la peque\u00f1a pantalla la historia de <strong>la familia Murdaugh<\/strong>. Esto es lo que nos cuenta la miniserie de Disney+.<\/p>\n<p><h3 class=\"v-cmp-suh\">\nLa noche en la que se torci\u00f3 una dinast\u00eda<br \/>\n<\/h3>\n<\/p>\n<p class=\"voc-paragraph\">Basada en el <strong>podcast de la periodista de investigaci\u00f3n<\/strong> Mandy Matney, que pas\u00f3 a\u00f1os investigando los esc\u00e1ndalos que rodeaban a la dinast\u00eda de Carolina del Sur, Muerte en la familia Murdaugh ha sido creada por Michael D. Fuller y Erin Lee Carr, experta en cr\u00edmenes reales que ha trabajado en producciones como Te quiero, mu\u00e9rete, Dirty Money o The Girl from Plainville.<\/p>\n<div class=\"v-c-cmp v-c-cmp--s\">\n<div class=\"v-cmp-m \">\n<article class=\"v-a v-a--cmp-m v-c-cmp--m-z\">\n<div class=\"v-a-img-c \">\n<div class=\"v-a-fig\">\n<button class=\"v-a-link\" popovertarget=\"photo-527\"><br \/>\n<img loading=\"lazy\" src=\"http:\/\/cordobainforma.info\/wp-content\/uploads\/2025\/10\/muerte-en-la-familia-murdaugh-la-miniserie-de-disney-sobre-el-crimen-real-que-provoco-la-caida-de-una-poderosa-dinastia-3.jpg\" class=\"v-a-img\" width=\"650\" height=\"650\" alt=\"Patricia Arquette como Maggie Murdaugh en una imagen de la miniserie de Disney+, Muerte en la familia Murdaugh.\" data-voc-vtm-id=\"in-text-traffic\"> <\/button><figcaption class=\"v-fc\">\n<span class=\"v-fc__t\"><br \/>\nPatricia Arquette como Maggie Murdaugh en una imagen de la miniserie de Disney+, Muerte en la familia Murdaugh.<br \/>\n<\/span><br \/>\n<\/figcaption><\/div>\n<\/div>\n<div id=\"photo-527\" popover class=\"v-mdl v-mdl--fw\">\n<button class=\"v-x\" popovertarget=\"photo-527\" popovertargetaction=\"hide\"><br \/>\n<span class=\"v-i\"><br \/>\n<svg width=\"24\" height=\"23.996\" viewBox=\"0 0 24 23.996\">\n<path data-name=\"Uni\u00f3n 29\" d=\"M12,14.03,2.031,24,0,21.963,9.968,12,0,2.033,2.031,0,12,9.966,21.969,0,24,2.033,14.032,12,24,21.963,21.969,24Z\" \/>\n<\/svg><br \/>\n<\/span><br \/>\n<\/button><\/p>\n<div class=\"v-mdl__c\">\n<div class=\"v-mdl__w\">\n<img loading=\"lazy\" src=\"http:\/\/cordobainforma.info\/wp-content\/uploads\/2025\/10\/muerte-en-la-familia-murdaugh-la-miniserie-de-disney-sobre-el-crimen-real-que-provoco-la-caida-de-una-poderosa-dinastia-3.jpg\" class=\"v-mdl__img-z\" width=\"650\" height=\"650\" alt>\n<\/div>\n<\/div>\n<\/div>\n<p><span class=\"v-bdp\"><\/span><br \/>\n<\/article>\n<\/div>\n<\/div>\n<p class=\"voc-paragraph\">La producci\u00f3n arranca con Maggie y Alex disfrutando de una vida privilegiada en Carolina del Sur, son miembros de una de las familias m\u00e1s poderosas y tienen todo lo que desean al alcance de la mano. Sin embargo, una noche de febrero de 2019 las cosas empezaron a ir mal cuando Paul, el menor de sus dos hijos, tuvo un <strong>accidente navegando con una embarcaci\u00f3n familiar<\/strong> en la que iba con varios amigos, una de las cuales, Mallory Beach, falleci\u00f3. <\/p>\n<p class=\"voc-paragraph\">Desde ese momento hasta pocos d\u00edas antes de que se le juzgase, en junio de 2021, la familia vivir\u00e1 sus peores momentos. A medida que salen a la luz nuevos detalles del caso, la conexi\u00f3n de los Murdaugh con <strong>otras muertes misteriosas<\/strong> amenaza con destruir todo lo que Maggie y Alex han protegido con tanto empe\u00f1o. Una situaci\u00f3n l\u00edmite que llevar\u00e1 al patriarca a tomar una decisi\u00f3n que marcar\u00e1 el destino de la familia para siempre. <\/p>\n<p><h3 class=\"v-cmp-suh\">\nEl sospechoso reguero de muertes y otros delitos<br \/>\n<\/h3>\n<\/p>\n<p class=\"voc-paragraph\">El 25 de enero de 2023 Alex Murdaugh fue llevado a juicio, acusado de dos cr\u00edmenes, en un proceso que la prensa local calific\u00f3 como \u00abuno de los casos m\u00e1s destacados en la historia legal de Carolina del Sur\u00bb. Hasta ese momento, la prensa y las <strong>fuerzas de seguridad se dedicaron en cuerpo y alma a rastrear el pasado de la familia<\/strong>. Y dieron con un reguero de muertes tan sospechoso como alarmante. <\/p>\n<div class=\"v-c-cmp v-c-cmp--s\">\n<div class=\"v-cmp-m \">\n<article class=\"v-a v-a--cmp-m v-c-cmp--m-z\">\n<div class=\"v-a-img-c \">\n<div class=\"v-a-fig\">\n<button class=\"v-a-link\" popovertarget=\"photo-437\"><br \/>\n<img loading=\"lazy\" src=\"http:\/\/cordobainforma.info\/wp-content\/uploads\/2025\/10\/muerte-en-la-familia-murdaugh-la-miniserie-de-disney-sobre-el-crimen-real-que-provoco-la-caida-de-una-poderosa-dinastia-4.jpg\" class=\"v-a-img\" width=\"650\" height=\"650\" alt=\"Jason Clarke y Johnny Berchtold como Alex y Paul Murdaugh en la miniserie Muerte en la familia Murdaugh.\" data-voc-vtm-id=\"in-text-traffic\"> <\/button><figcaption class=\"v-fc\">\n<span class=\"v-fc__t\"><br \/>\nJason Clarke y Johnny Berchtold como Alex y Paul Murdaugh en la miniserie Muerte en la familia Murdaugh.<br \/>\n<\/span><br \/>\n<span class=\"v-fc__p\"><br \/>\ndisney+<br \/>\n<\/span><br \/>\n<\/figcaption><\/div>\n<\/div>\n<div id=\"photo-437\" popover class=\"v-mdl v-mdl--fw\">\n<button class=\"v-x\" popovertarget=\"photo-437\" popovertargetaction=\"hide\"><br \/>\n<span class=\"v-i\"><br \/>\n<svg width=\"24\" height=\"23.996\" viewBox=\"0 0 24 23.996\">\n<path data-name=\"Uni\u00f3n 29\" d=\"M12,14.03,2.031,24,0,21.963,9.968,12,0,2.033,2.031,0,12,9.966,21.969,0,24,2.033,14.032,12,24,21.963,21.969,24Z\" \/>\n<\/svg><br \/>\n<\/span><br \/>\n<\/button><\/p>\n<div class=\"v-mdl__c\">\n<div class=\"v-mdl__w\">\n<img loading=\"lazy\" src=\"http:\/\/cordobainforma.info\/wp-content\/uploads\/2025\/10\/muerte-en-la-familia-murdaugh-la-miniserie-de-disney-sobre-el-crimen-real-que-provoco-la-caida-de-una-poderosa-dinastia-4.jpg\" class=\"v-mdl__img-z\" width=\"650\" height=\"650\" alt>\n<\/div>\n<\/div>\n<\/div>\n<p><span class=\"v-bdp\"><\/span><br \/>\n<\/article>\n<\/div>\n<\/div>\n<p class=\"voc-paragraph\">En 2015 Stephen Smith, amigo y compa\u00f1ero de clase de Paul, apareci\u00f3 muerto en un camino rural. Tres a\u00f1os despu\u00e9s, el ama de llaves de toda la vida de los Murdaugh, Gloria Satterfield, sufri\u00f3 <strong>una grave lesi\u00f3n en la cabeza<\/strong> que acab\u00f3 con su vida. En 2021, Alex present\u00f3 su dimisi\u00f3n del bufete familiar despu\u00e9s de que lo acusaran de malversaci\u00f3n de fondos y posteriormente ingres\u00f3 en un centro de rehabilitaci\u00f3n para tratar sus adicciones. <\/p>\n<p class=\"voc-paragraph\">Lavado de dinero, tr\u00e1fico de narc\u00f3ticos, evasi\u00f3n fiscal y fraude bancario fueron algunas de las acusaciones que se acumularon contra Alex Murdaugh, que pas\u00f3 de ser un hombre poderoso a ver c\u00f3mo <strong>los excesos que hab\u00eda llevado a cabo en su intento de mantener sus privilegios salieron a la luz<\/strong>. Una historia de codicia y ambici\u00f3n que desde hoy podemos ver en Disney+.<\/p>\n<div class=\"v-c-cmp v-c-cmp--t1 \">\n<div class=\"v-cmp-rld v-cmp-rld--2 \">\n<div class=\"v-cnt-m v-cnt-m--m\">\n<div class=\"v-cnt-m__c\">\n<div class=\"v-cnt-m__w v-cnt-m__w--1\">\n<p class=\"v-cnt-m__t\">\nTAMBI\u00c9N TE INTERESA\n<\/p>\n<\/div>\n<\/div>\n<\/div>\n<div class=\"v-g v-g--2-c v-g--bdr-min-xs\">\n<div class=\"v-g__c \">\n<article class=\"v-a v-a--cmp-rld v-a--cmp-rld-2 v-a--p-l\">\n<div class=\"v-a-img-c\">\n<figure class=\"v-a-fig\">\n<a href=\"https:\/\/www.mujerhoy.com\/vivir\/ocio\/los-abandonados-western-netflix-mujeres-yellowstone-gillian-anderson-20251006133753-nt.html#vtm_modulosEngag=mod-rel:vivir:noticia:1:cmp:2-not\" class=\"v-a-link\" title=\"Los abandonados: el western de Netflix protagonizado por mujeres que quiere ser el Yellowstone de este oto\u00f1o\"><br \/>\n<img loading=\"lazy\" class=\"v-a-img\" src=\"http:\/\/cordobainforma.info\/wp-content\/uploads\/2025\/10\/muerte-en-la-familia-murdaugh-la-miniserie-de-disney-sobre-el-crimen-real-que-provoco-la-caida-de-una-poderosa-dinastia-5.jpg\" alt=\"Los abandonados: el western de Netflix protagonizado por mujeres que quiere ser el Yellowstone de este oto\u00f1o\"><br \/>\n<\/a><br \/>\n<\/figure>\n<\/div>\n<\/article>\n<\/div>\n<div class=\"v-g__c \">\n<article class=\"v-a v-a--cmp-rld v-a--cmp-rld-2 v-a--p-l\">\n<div class=\"v-a-img-c\">\n<figure class=\"v-a-fig\">\n<a href=\"https:\/\/www.mujerhoy.com\/vivir\/ocio\/chad-powers-glen-powell-estreno-disney-serie-comedia-deportes-ted-lasso-20250930104237-nt.html#vtm_modulosEngag=mod-rel:vivir:noticia:2:cmp:2-not\" class=\"v-a-link\" title=\"Chad Powers: Glen Powell protagoniza la nueva comedia deportiva de Disney+ que te recordar\u00e1 a Ted Lasso\"><br \/>\n<img loading=\"lazy\" class=\"v-a-img\" src=\"http:\/\/cordobainforma.info\/wp-content\/uploads\/2025\/10\/muerte-en-la-familia-murdaugh-la-miniserie-de-disney-sobre-el-crimen-real-que-provoco-la-caida-de-una-poderosa-dinastia-6.jpg\" alt=\"Chad Powers: Glen Powell protagoniza la nueva comedia deportiva de Disney+ que te recordar\u00e1 a Ted Lasso\"><br \/>\n<\/a><br \/>\n<\/figure>\n<\/div>\n<\/article>\n<\/div>\n<\/div>\n<\/div>\n<\/div>\n","protected":false},"excerpt":{"rendered":"<p>Tal vez sea porque Halloween est\u00e1 a la vuelta de la esquina, o quiz\u00e1 porque el oto\u00f1o nos invita m\u00e1s a quedarnos en casa y disfrutar de una buena serie en el sof\u00e1. Lo cierto es que el oto\u00f1o de series viene especialmente criminal y prueba de ello es que Netflix ya ha estrenado una [&hellip;]<\/p>\n","protected":false},"author":1,"featured_media":170961,"comment_status":"open","ping_status":"closed","sticky":false,"template":"","format":"standard","meta":[],"categories":[18],"tags":[],"_links":{"self":[{"href":"http:\/\/cordobainforma.info\/index.php\/wp-json\/wp\/v2\/posts\/170960"}],"collection":[{"href":"http:\/\/cordobainforma.info\/index.php\/wp-json\/wp\/v2\/posts"}],"about":[{"href":"http:\/\/cordobainforma.info\/index.php\/wp-json\/wp\/v2\/types\/post"}],"author":[{"embeddable":true,"href":"http:\/\/cordobainforma.info\/index.php\/wp-json\/wp\/v2\/users\/1"}],"replies":[{"embeddable":true,"href":"http:\/\/cordobainforma.info\/index.php\/wp-json\/wp\/v2\/comments?post=170960"}],"version-history":[{"count":0,"href":"http:\/\/cordobainforma.info\/index.php\/wp-json\/wp\/v2\/posts\/170960\/revisions"}],"wp:featuredmedia":[{"embeddable":true,"href":"http:\/\/cordobainforma.info\/index.php\/wp-json\/wp\/v2\/media\/170961"}],"wp:attachment":[{"href":"http:\/\/cordobainforma.info\/index.php\/wp-json\/wp\/v2\/media?parent=170960"}],"wp:term":[{"taxonomy":"category","embeddable":true,"href":"http:\/\/cordobainforma.info\/index.php\/wp-json\/wp\/v2\/categories?post=170960"},{"taxonomy":"post_tag","embeddable":true,"href":"http:\/\/cordobainforma.info\/index.php\/wp-json\/wp\/v2\/tags?post=170960"}],"curies":[{"name":"wp","href":"https:\/\/api.w.org\/{rel}","templated":true}]}}