{"id":170954,"date":"2025-10-14T12:16:26","date_gmt":"2025-10-14T12:16:26","guid":{"rendered":"https:\/\/playfmradio.com\/?p=12497"},"modified":"2025-10-14T12:16:26","modified_gmt":"2025-10-14T12:16:26","slug":"ciro-y-los-persas-vuelven-a-cordoba-viernes-10-de-octubre-en-plaza-de-la-musica","status":"publish","type":"post","link":"http:\/\/cordobainforma.info\/index.php\/2025\/10\/14\/ciro-y-los-persas-vuelven-a-cordoba-viernes-10-de-octubre-en-plaza-de-la-musica\/","title":{"rendered":"Ciro y Los Persas vuelven a C\u00f3rdoba: viernes 10 de octubre en Plaza de la M\u00fasica"},"content":{"rendered":"<p>Ciro y Los Persas, la banda liderada por Andr\u00e9s Ciro Mart\u00ednez tras la separaci\u00f3n de Los Piojos, regresan a C\u00f3rdoba para presentarse este viernes 10 de octubre en Plaza de la M\u00fasica. Este show se produce cinco meses despu\u00e9s del \u00fanico \u201critual piojoso\u201d que Los Piojos realizaron en la ciudad.<\/p>\n<p>La banda se form\u00f3 en 2009, despu\u00e9s de que Andr\u00e9s Ciro Mart\u00ednez decidiera continuar su carrera musical tras la disoluci\u00f3n de Los Piojos. Desde entonces, Ciro y Los Persas han mantenido una actividad constante, present\u00e1ndose en diferentes ciudades del pa\u00eds y consolidando un proyecto estable con integrantes que lo acompa\u00f1an desde los comienzos del grupo.<br \/><img loading=\"lazy\" decoding=\"async\" src=\"http:\/\/cordobainforma.info\/wp-content\/uploads\/2025\/10\/ciro-y-los-persas-vuelven-a-cordoba-viernes-10-de-octubre-en-plaza-de-la-musica.jpg\" alt width=\"300\" height=\"113\" class=\"alignnone size-medium wp-image-12500\" srcset=\"http:\/\/cordobainforma.info\/wp-content\/uploads\/2025\/10\/ciro-y-los-persas-vuelven-a-cordoba-viernes-10-de-octubre-en-plaza-de-la-musica.jpg 300w, http:\/\/cordobainforma.info\/wp-content\/uploads\/2025\/10\/ciro-y-los-persas-vuelven-a-cordoba-viernes-10-de-octubre-en-plaza-de-la-musica-1.jpg 1024w, http:\/\/cordobainforma.info\/wp-content\/uploads\/2025\/10\/ciro-y-los-persas-vuelven-a-cordoba-viernes-10-de-octubre-en-plaza-de-la-musica-2.jpg 768w, http:\/\/cordobainforma.info\/wp-content\/uploads\/2025\/10\/ciro-y-los-persas-vuelven-a-cordoba-viernes-10-de-octubre-en-plaza-de-la-musica-3.jpg 1536w, http:\/\/cordobainforma.info\/wp-content\/uploads\/2025\/10\/ciro-y-los-persas-vuelven-a-cordoba-viernes-10-de-octubre-en-plaza-de-la-musica-4.jpg 1920w\" sizes=\"(max-width: 300px) 100vw, 300px\"><br \/>Las entradas est\u00e1n disponibles a trav\u00e9s de EDEN Entradas, y se recomienda adquirirlas \u00fanicamente por canales oficiales para evitar estafas. Se ofrece la posibilidad de pago en cuotas seg\u00fan las condiciones de la plataforma.<\/p>\n<p> <!-- AUTHOR PART ========================= --> <!-- AUTHOR PART END ========================= --> <\/p>\n","protected":false},"excerpt":{"rendered":"<p>Ciro y Los Persas, la banda liderada por Andr\u00e9s Ciro Mart\u00ednez tras la separaci\u00f3n de Los Piojos, regresan a C\u00f3rdoba para presentarse este viernes 10 de octubre en Plaza de la M\u00fasica. Este show se produce cinco meses despu\u00e9s del \u00fanico \u201critual piojoso\u201d que Los Piojos realizaron en la ciudad. La banda se form\u00f3 en [&hellip;]<\/p>\n","protected":false},"author":1,"featured_media":170955,"comment_status":"closed","ping_status":"closed","sticky":false,"template":"","format":"standard","meta":[],"categories":[23,2],"tags":[],"_links":{"self":[{"href":"http:\/\/cordobainforma.info\/index.php\/wp-json\/wp\/v2\/posts\/170954"}],"collection":[{"href":"http:\/\/cordobainforma.info\/index.php\/wp-json\/wp\/v2\/posts"}],"about":[{"href":"http:\/\/cordobainforma.info\/index.php\/wp-json\/wp\/v2\/types\/post"}],"author":[{"embeddable":true,"href":"http:\/\/cordobainforma.info\/index.php\/wp-json\/wp\/v2\/users\/1"}],"replies":[{"embeddable":true,"href":"http:\/\/cordobainforma.info\/index.php\/wp-json\/wp\/v2\/comments?post=170954"}],"version-history":[{"count":0,"href":"http:\/\/cordobainforma.info\/index.php\/wp-json\/wp\/v2\/posts\/170954\/revisions"}],"wp:featuredmedia":[{"embeddable":true,"href":"http:\/\/cordobainforma.info\/index.php\/wp-json\/wp\/v2\/media\/170955"}],"wp:attachment":[{"href":"http:\/\/cordobainforma.info\/index.php\/wp-json\/wp\/v2\/media?parent=170954"}],"wp:term":[{"taxonomy":"category","embeddable":true,"href":"http:\/\/cordobainforma.info\/index.php\/wp-json\/wp\/v2\/categories?post=170954"},{"taxonomy":"post_tag","embeddable":true,"href":"http:\/\/cordobainforma.info\/index.php\/wp-json\/wp\/v2\/tags?post=170954"}],"curies":[{"name":"wp","href":"https:\/\/api.w.org\/{rel}","templated":true}]}}