{"id":170946,"date":"2025-10-14T20:49:06","date_gmt":"2025-10-14T20:49:06","guid":{"rendered":"https:\/\/cordoba.gob.ar\/?p=82249"},"modified":"2025-10-14T20:49:06","modified_gmt":"2025-10-14T20:49:06","slug":"miercoles-en-la-feria-del-libro-liliana-viola-y-hernan-brienza-seran-los-referentes-que-cerraran-el-dia-12","status":"publish","type":"post","link":"http:\/\/cordobainforma.info\/index.php\/2025\/10\/14\/miercoles-en-la-feria-del-libro-liliana-viola-y-hernan-brienza-seran-los-referentes-que-cerraran-el-dia-12\/","title":{"rendered":"Mi\u00e9rcoles en la Feria del Libro: Liliana Viola y Hern\u00e1n Brienza ser\u00e1n los referentes que cerrar\u00e1n el d\u00eda 12"},"content":{"rendered":"<div><img src=\"http:\/\/cordobainforma.info\/wp-content\/uploads\/2025\/10\/miercoles-en-la-feria-del-libro-liliana-viola-y-hernan-brienza-seran-los-referentes-que-cerraran-el-dia-12.jpg\" class=\"ff-og-image-inserted\"><\/div>\n<ul>\n<li data-prosemirror-content-type=\"node\" data-prosemirror-node-name=\"paragraph\" data-prosemirror-node-block=\"true\"><strong>Ambos periodistas se presentar\u00e1n a las 19:00 y 20:00, respectivamente.<\/strong><\/li>\n<li data-prosemirror-content-type=\"node\" data-prosemirror-node-name=\"paragraph\" data-prosemirror-node-block=\"true\"><strong><strong>Habr\u00e1 actividades que abordar\u00e1n la filosof\u00eda, el humanismo y el racismo.<\/strong><\/strong><br \/>\n<hr>\n<\/li>\n<\/ul>\n<p data-prosemirror-content-type=\"node\" data-prosemirror-node-name=\"paragraph\" data-prosemirror-node-block=\"true\">La decimosegunda jornada de la Feria del Libro C\u00f3rdoba trae nuevas propuestas para disfrutar, conocer y aprender en familia. Todas las carpas abrir\u00e1n a las 11:00, como es habitual, y recibir\u00e1n a vecinos y vecinas hasta las 21:00.<\/p>\n<p data-prosemirror-content-type=\"node\" data-prosemirror-node-name=\"paragraph\" data-prosemirror-node-block=\"true\">Los primeros destacados de la jornada aparecen a las 16:00, con la presentaci\u00f3n de los libros \u201cLa Mochila\u201d de la autora venezolana Marycruz L\u00e1rez en la carpa Julio Carri P\u00e9rez y \u201cConstrucci\u00f3n y sostenimiento de los v\u00ednculos pedag\u00f3gico-did\u00e1cticos entre pares docentes\u201d de Marisel B\u00e1ez, Silvana Lasso y Cintia Quiroga en la carpa Susana Cabuchi.<\/p>\n<p data-prosemirror-content-type=\"node\" data-prosemirror-node-name=\"paragraph\" data-prosemirror-node-block=\"true\">A las 17:00, la UNC llegar\u00e1 con su propuesta taller \u201cFilosofar con ni\u00f1xs\u201d de la Facultad de Filosof\u00eda y Humanidades, que acerca la filosof\u00eda a infancias de 6 a 10 a\u00f1os, en la carpa Edith Vera. En este mismo lugar, de 11:00 a 20:00 se podr\u00e1 visitar el Espacio de encuentro destinado a infancias.<\/p>\n<p data-prosemirror-content-type=\"node\" data-prosemirror-node-name=\"paragraph\" data-prosemirror-node-block=\"true\">Las propuestas vinculadas al humanismo incluyen la charla \u201cConstruyendo una educaci\u00f3n Humanista y con Sensibilidad Social\u201d en la carpa Susana Cabuchi a las 17:00 y \u201cParadojas del Humanismo hoy\u201d en el mismo lugar a las 20:00.<\/p>\n<p data-prosemirror-content-type=\"node\" data-prosemirror-node-name=\"paragraph\" data-prosemirror-node-block=\"true\">Desde las 18:00, Alejandro Seselovski presentar\u00e1 \u201cNegro argentino\u201d, una cr\u00f3nica sobre la negritud en Argentina, en la carpa Leonor Allende.<\/p>\n<p data-prosemirror-content-type=\"node\" data-prosemirror-node-name=\"paragraph\" data-prosemirror-node-block=\"true\">Ser\u00e1 justamente en este espacio donde se presentar\u00e1n las dos personalidades destacadas de la jornada, periodistas de larga trayectoria en Argentina: Liliana Viola, quien presentar\u00e1 \u201cEsta no soy yo\u201d, una biograf\u00eda de Aurora Venturini, desde las 19:00; y Hern\u00e1n Brienza, presentando \u201cElogio de la amistad\u201d a las 20:00, una gu\u00eda para leer El Eternauta, a pocos meses del estreno de su adaptaci\u00f3n en Netflix.<\/p>\n<p data-prosemirror-content-type=\"node\" data-prosemirror-node-name=\"paragraph\" data-prosemirror-node-block=\"true\">La participaci\u00f3n en todas las actividades es libre y gratuita. La programaci\u00f3n completa se puede consultar en el sitio<a href=\"https:\/\/feriadellibro.cordoba.gob.ar\/programacion\/\"> web<\/a>.<\/p>\n","protected":false},"excerpt":{"rendered":"<p>Ambos periodistas se presentar\u00e1n a las 19:00 y 20:00, respectivamente. Habr\u00e1 actividades que abordar\u00e1n la filosof\u00eda, el humanismo y el racismo. La decimosegunda jornada de la Feria del Libro C\u00f3rdoba trae nuevas propuestas para disfrutar, conocer y aprender en familia. Todas las carpas abrir\u00e1n a las 11:00, como es habitual, y recibir\u00e1n a vecinos y [&hellip;]<\/p>\n","protected":false},"author":1,"featured_media":170947,"comment_status":"closed","ping_status":"closed","sticky":false,"template":"","format":"standard","meta":[],"categories":[2],"tags":[],"_links":{"self":[{"href":"http:\/\/cordobainforma.info\/index.php\/wp-json\/wp\/v2\/posts\/170946"}],"collection":[{"href":"http:\/\/cordobainforma.info\/index.php\/wp-json\/wp\/v2\/posts"}],"about":[{"href":"http:\/\/cordobainforma.info\/index.php\/wp-json\/wp\/v2\/types\/post"}],"author":[{"embeddable":true,"href":"http:\/\/cordobainforma.info\/index.php\/wp-json\/wp\/v2\/users\/1"}],"replies":[{"embeddable":true,"href":"http:\/\/cordobainforma.info\/index.php\/wp-json\/wp\/v2\/comments?post=170946"}],"version-history":[{"count":0,"href":"http:\/\/cordobainforma.info\/index.php\/wp-json\/wp\/v2\/posts\/170946\/revisions"}],"wp:featuredmedia":[{"embeddable":true,"href":"http:\/\/cordobainforma.info\/index.php\/wp-json\/wp\/v2\/media\/170947"}],"wp:attachment":[{"href":"http:\/\/cordobainforma.info\/index.php\/wp-json\/wp\/v2\/media?parent=170946"}],"wp:term":[{"taxonomy":"category","embeddable":true,"href":"http:\/\/cordobainforma.info\/index.php\/wp-json\/wp\/v2\/categories?post=170946"},{"taxonomy":"post_tag","embeddable":true,"href":"http:\/\/cordobainforma.info\/index.php\/wp-json\/wp\/v2\/tags?post=170946"}],"curies":[{"name":"wp","href":"https:\/\/api.w.org\/{rel}","templated":true}]}}