{"id":170900,"date":"2025-10-14T21:44:06","date_gmt":"2025-10-14T21:44:06","guid":{"rendered":"https:\/\/cordobabeat.com\/?p=13215"},"modified":"2025-10-14T21:44:06","modified_gmt":"2025-10-14T21:44:06","slug":"carlos-alfonsin-pionero-y-artista","status":"publish","type":"post","link":"http:\/\/cordobainforma.info\/index.php\/2025\/10\/14\/carlos-alfonsin-pionero-y-artista\/","title":{"rendered":"Carlos Alfons\u00edn: Pionero y Artista"},"content":{"rendered":"<div><img src=\"http:\/\/cordobainforma.info\/wp-content\/uploads\/2025\/10\/carlos-alfonsin-pionero-y-artista.png\" class=\"ff-og-image-inserted\"><\/div>\n<p>\u2013 E: \u00bfEn qu\u00e9 momento decidiste dedicarte a ser DJ?<\/p>\n<p>\u2013 CA: Nunca quise ser DJ en el sentido comercial. Ser DJ antes era laburar en un boliche poniendo m\u00fasica comercial. Y lo m\u00edo estaba muy lejos de eso, entonces no me imaginaba jam\u00e1s siendo DJ. Lo m\u00edo era el cine y lo creativo. Pero cuando encontr\u00e9 un lugar donde hacer lo que me gustaba musicalmente, lo disfrut\u00e9. Mi primer gran espacio fue El Dorado, donde me fue b\u00e1rbaro desde el primer d\u00eda. No soy t\u00e9cnico, nunca lo fui, lo m\u00edo siempre fue la m\u00fasica y la selecci\u00f3n. Para m\u00ed lo m\u00e1s importante es la m\u00fasica, no yo.&nbsp;<\/p>\n<p>\u2013 E: \u00bfTe consider\u00e1s un pionero en la m\u00fasica electr\u00f3nica o en la m\u00fasica en general?<\/p>\n<p>\u2013 CA: S\u00ed, en muchos estilos, incluso antes de la electr\u00f3nica. Siempre me toc\u00f3 remar con m\u00fasica que nadie conoc\u00eda. A Buenos Aires me fui a vivir en el 79 fui a la facultad y ten\u00eda un compa\u00f1ero que trabajaba en una compa\u00f1\u00eda discogr\u00e1fica me hice amigo de unos chicos que les gustaba la m\u00fasica Gustavo Cerati, Zeta y ten\u00eda un compa\u00f1ero que trabajaba en una discogr\u00e1fica y todas las semanas llegaban muchos promos y las cosas raras que nadie de ellos, o sea mi amigo, su jefe, que era el director art\u00edstico del sello era el que decid\u00eda lo que se editaba en Argentina y todas esas cosas raras que llegaban nuevas y ligaba yo muchos promos que nadie quer\u00eda entonces me toc\u00f3 ser pionero del punk, el dark, la new wave, el reggae\u2026 Despu\u00e9s con la electr\u00f3nica, igual. En los 90 traje discos de Europa que mis amigos miraban raro, pero al poco tiempo se editaban ac\u00e1. Siempre fui de meterme en estilos alternativos.&nbsp;<\/p>\n<p>Siempre me pas\u00f3 un poco eso para nosotros que estamos muy actualizados con la m\u00fasica, yo estoy descubriendo cosas nuevas todos los d\u00edas entonces, parte de mi trabajo es llevar eso al p\u00fablico en general me han interesado muchos estilos que por ah\u00ed no son los los main son un poco los alternativos experimentar y a partir de ah\u00ed tener la oportunidad de encontrar el momento donde lo pueda usar. No me puedo encasillar en un estilo siempre. Me gusta variar y me gustan muchas cosas. Aunque ahora la industria y la escena es como que te exigen eso. Los managers, las discogr\u00e1ficas si sos un DJ de techno digamos que ten\u00e9s que ponerte a producir tecno tocar techno siempre uno cree que el tipo se levanta, est\u00e1 en su casa y prende techno. Y creo yo que para m\u00ed tambi\u00e9n me gusta el techno, pero creo que no es lo que me gusta para todo el tiempo hay momentos, hay situaciones, hay un mont\u00f3n de m\u00fasica para diferentes situaciones creo yo, entonces antes \u00e9ramos pocos DJs y no todos ten\u00edan la habilidad de poder manejar diferentes situaciones musicales yo al contrario, era como que era lo que m\u00e1s me gustaba manejar diferentes situaciones musicales<\/p>\n<p>Si le encontr\u00e1s el momento, siempre hay oportunidad de hacer escuchar cosas nuevas pero bueno, la pista requiere que sea algo contundente, ten\u00e9s que encontrar y saber bien c\u00f3mo manejar esa situaci\u00f3n porque no pod\u00e9s poner cualquier cosa en cualquier lado<\/p>\n<p>\u2013 E: Nombraste a Soda Stereo. \u00bfEn ese momento eras consciente de lo que se estaba formando?<\/p>\n<p>\u2013 CA: Era parte de la movida, pero no fan de Soda o Virus. Yo estaba en otra, escuchando cosas m\u00e1s avanzadas para la \u00e9poca.<\/p>\n<p>Al principio, imaginate, yo me hice amigo de ellos en el 79. Y ellos escuchaban Police como lo m\u00e1s raro. En esa \u00e9poca Police era algo nuevo tambi\u00e9n. Y yo ten\u00eda los primeros promos de Cure, Siouxie, a\u00f1os 79 esa m\u00fasica reci\u00e9n se populariz\u00f3 y se hizo m\u00e1s conocida en el 83, 84 entonces lo que escuchaba en el 79 la mayor\u00eda de la gente no era lo que yo escuchaba entonces no est\u00e1bamos en la misma sinton\u00eda pero s\u00ed desde la parte de comunicaci\u00f3n art\u00edstica me gustaba ayudarlos con los videos con la puesta en escena, la direcci\u00f3n de arte, todo eso pero no era que particularmente yo era fan ni de soda, ni de virus. Con Gustavo, en esa \u00e9poca yo le grababa cosas en cassette, como grab\u00e1bamos de amigos, viste, te grabo mi m\u00fasica, me pasabas vos tu disco, era el planazo que hac\u00edamos de chicos. Y bueno, \u00e9l dec\u00eda que yo era como en los comienzos como un gur\u00f9 musical de la banda porque le hac\u00eda descubrir un mont\u00f3n de cosas que influenciaron a la banda en sus futuras producciones.&nbsp;<\/p>\n<p>\u2013 E: y eso te da orgullo o no?<\/p>\n<p>\u2013 CA:&nbsp; Yo lo veo como mis amigos no es que digo uy trabaj\u00e9 con soda. Entiendo de toda esa etapa. Porque tambi\u00e9n a ellos les cost\u00f3 un mont\u00f3n, viste? No es que\u2026 La escena no los acept\u00f3 r\u00e1pidamente, los bardeaban por todos lados Y bueno, no era f\u00e1cil tampoco, para ninguna banda que reci\u00e9n empieza a ganarse un lugar y respeto no es f\u00e1cil, ten\u00e9s que ser bueno de verdad.&nbsp;<\/p>\n<p>\u2013 E : \u00bfC\u00f3mo es tu relaci\u00f3n con C\u00f3rdoba en estos casi 40 a\u00f1os de carrera?<\/p>\n<p>\u2013 CA: En C\u00f3rdoba tengo casi 32 a\u00f1os de carrera. Arranqu\u00e9 en el \u201893 a viajar y nunca par\u00e9. En el \u201894 vine a un par de fiestas, me acuerdo de Factory. Tambi\u00e9n pas\u00e9 por un bar en Nueva C\u00f3rdoba, aunque no recuerdo el nombre.<\/p>\n<p>&nbsp;En el \u201894 yo era residente en El Cielo en Buenos Aires, pero cuando muri\u00f3 el due\u00f1o me qued\u00e9 solo los viernes. Entonces empec\u00e9 a venir a C\u00f3rdoba todos los s\u00e1bados. Ah\u00ed tuve residencia en La Morocha y desde entonces no par\u00e9.<\/p>\n<p>&nbsp;Ya m\u00e1s cerca del 2000 ten\u00eda cuatro residencias, una vez por mes: los mi\u00e9rcoles en La Luna, jueves en Pikaboo, viernes en Loquitas y s\u00e1bados en El Infierno. Imag\u00ednate: ven\u00eda cuatro veces al mes. Despu\u00e9s de Buenos Aires, es la ciudad donde m\u00e1s trabaj\u00e9.<\/p>\n<p>\u2013 E: \u00bfMuchos amigos ac\u00e1?<\/p>\n<p>\u2013 CA: S\u00ed, muchos. De hecho, conoc\u00ed a mi pareja en C\u00f3rdoba. Tengo un lugar especial en el coraz\u00f3n con esta ciudad.&nbsp;<\/p>\n<p>\u2013 E: \u00bfTocaste mucho en el interior tambi\u00e9n?<\/p>\n<p>\u2013 CA: S\u00ed, por todos lados: La Cumbre, Villa General Belgrano, R\u00edo Cuarto, R\u00edo Tercero, San Francisco, Carlos Paz. En traslasiera En un momento incluso tuve un campito en la sierra. C\u00f3rdoba siempre fue muy especial para m\u00ed.<\/p>\n<p>\u2013 E: \u00bfC\u00f3mo es, despu\u00e9s de tanto tiempo, seguir llevando la vida de DJ? Viajar, poner m\u00fasica, los fines de semana en ruta.<\/p>\n<p>\u2013&nbsp; CA: Estoy muy acostumbrado. Es parte de mi rutina, de a\u00f1os. Estoy acostumbrado en los fines de semana, viajar de un lado para el otro, poco tiempo. Disfruto viajar, encontrarme con amigos y conocer lugares. Me Gusta Mucho lo que hago. Me gusta quedarme m\u00e1s de lo que dura el show, no soy de los que se encierran en el hotel. La parte social del trabajo me encanta.<\/p>\n<p>\u2013 E: \u00bfY la energ\u00eda? \u00bfTen\u00e9s rutinas para enfocarte o todo fluye?<\/p>\n<p>\u2013 CA: Generalmente fluye. Cuando toco con vinilos estoy un poco l\u00ecmitado por lo que tengo, llevo un bolso armado con discos que s\u00e9 que me van a funcionar. El p\u00fablico sigue respondiendo y eso es fundamental. Muchos me preguntan si no estoy grande para seguir. Yo creo que no hay edad, especifica para dedicarme a esto: los Rolling Stones siguen de gira con 90 a\u00f1os. La noche tiene su lado d\u00ecficil, pero lo llevo bien porque lo disfruto. Adem\u00e1s, tengo mi disquer\u00eda, pero tocar es una necesidad: compartir m\u00fasica, disfrutarla junto a la gente. Al mismo tiempo que sos DJ tambi\u00e8n sos parte del publico y podes disfrutar de la m\u00f9sica.&nbsp;&nbsp;<\/p>\n<p>\u2013 E: Hablaste del vinilo. Ten\u00e9s una tienda, trabaj\u00e1s mucho con ese formato. \u00bfQu\u00e9 tiene de especial para vos?<\/p>\n<p>\u2013 CA: Para m\u00ed es el formato que m\u00e1s me gusta. No reniego de lo digital: es m\u00e1s pr\u00e1ctico, liviano y pod\u00e9s llevar m\u00e1s m\u00fasica en un pendrive. Pero el vinilo es mi herramienta de toda la vida, un fetiche. Tiene un sonido distinto, m\u00e1s cuerpo, m\u00e1s profundidad, aunque con el uso se gasta y aparecen ruidos. Aun as\u00ed, ese desgaste tambi\u00e9n tiene su encanto.&nbsp;<\/p>\n<p>\u2013 E: \u00bfY c\u00f3mo era la din\u00e1mica de DJ en los 90?<\/p>\n<p>\u2013 CA: Antes toc\u00e1bamos toda la noche, siete horas. La gente sab\u00eda que iba a un lugar por el estilo del DJ residente. No era todo house: hab\u00eda diferentes momentos de la noche. Hoy cambi\u00f3, todos tienen acceso a la m\u00fasica gracias a internet. La diferencia la hace c\u00f3mo manej\u00e1s esa m\u00fasica, tu selecci\u00f3n y tu personalidad como DJ.<\/p>\n<p>Ibas pasando por diferentes momentos de la noche como digo exponiendo un poco de todo pero y se buscaba el momento y en esa \u00e9poca como te digo como estaba toda la noche pasando m\u00fasica, no ve\u00edas mucho lo que hac\u00edan en otros boliches, otros DJs que hac\u00edan otra cosa diferente a vos y que tambi\u00e9n estaban siendo pioneros y por ah\u00ed de otros estilos diferentes pero s\u00ed, ahora cambi\u00f3 bastante, es dif\u00edcil, est\u00e1 todo muy al alcance de todos o sea que lo que yo encuentre tambi\u00e9n lo puede encontrar cualquiera que se dedique a investigar un poco y ah\u00ed lo que marca la diferencia entonces no es el acceso que vos tengas a la m\u00fasica sino ese manejo de esa m\u00fasica que vos logr\u00e1s. Es tu gusto personal, tu manera de seleccionar m\u00fasica para cada momento, c\u00f3mo leer la pista.&nbsp;<\/p>\n","protected":false},"excerpt":{"rendered":"<p>\u2013 E: \u00bfEn qu\u00e9 momento decidiste dedicarte a ser DJ? \u2013 CA: Nunca quise ser DJ en el sentido comercial. Ser DJ antes era laburar en un boliche poniendo m\u00fasica comercial. Y lo m\u00edo estaba muy lejos de eso, entonces no me imaginaba jam\u00e1s siendo DJ. Lo m\u00edo era el cine y lo creativo. Pero [&hellip;]<\/p>\n","protected":false},"author":1,"featured_media":170901,"comment_status":"closed","ping_status":"closed","sticky":false,"template":"","format":"standard","meta":[],"categories":[24],"tags":[],"_links":{"self":[{"href":"http:\/\/cordobainforma.info\/index.php\/wp-json\/wp\/v2\/posts\/170900"}],"collection":[{"href":"http:\/\/cordobainforma.info\/index.php\/wp-json\/wp\/v2\/posts"}],"about":[{"href":"http:\/\/cordobainforma.info\/index.php\/wp-json\/wp\/v2\/types\/post"}],"author":[{"embeddable":true,"href":"http:\/\/cordobainforma.info\/index.php\/wp-json\/wp\/v2\/users\/1"}],"replies":[{"embeddable":true,"href":"http:\/\/cordobainforma.info\/index.php\/wp-json\/wp\/v2\/comments?post=170900"}],"version-history":[{"count":0,"href":"http:\/\/cordobainforma.info\/index.php\/wp-json\/wp\/v2\/posts\/170900\/revisions"}],"wp:featuredmedia":[{"embeddable":true,"href":"http:\/\/cordobainforma.info\/index.php\/wp-json\/wp\/v2\/media\/170901"}],"wp:attachment":[{"href":"http:\/\/cordobainforma.info\/index.php\/wp-json\/wp\/v2\/media?parent=170900"}],"wp:term":[{"taxonomy":"category","embeddable":true,"href":"http:\/\/cordobainforma.info\/index.php\/wp-json\/wp\/v2\/categories?post=170900"},{"taxonomy":"post_tag","embeddable":true,"href":"http:\/\/cordobainforma.info\/index.php\/wp-json\/wp\/v2\/tags?post=170900"}],"curies":[{"name":"wp","href":"https:\/\/api.w.org\/{rel}","templated":true}]}}