{"id":170894,"date":"2025-10-15T02:57:45","date_gmt":"2025-10-15T02:57:45","guid":{"rendered":"https:\/\/somoscordobeses.com\/2025\/10\/14\/puente-genil-lanza-un-taller-formativo-sobre-el-arte-del-rostrillo-2\/"},"modified":"2025-10-15T02:57:45","modified_gmt":"2025-10-15T02:57:45","slug":"puente-genil-lanza-un-taller-formativo-sobre-el-arte-del-rostrillo","status":"publish","type":"post","link":"http:\/\/cordobainforma.info\/index.php\/2025\/10\/15\/puente-genil-lanza-un-taller-formativo-sobre-el-arte-del-rostrillo\/","title":{"rendered":"Puente Genil lanza un taller formativo sobre el arte del rostrillo"},"content":{"rendered":"<div><img src=\"http:\/\/cordobainforma.info\/wp-content\/uploads\/2025\/10\/puente-genil-lanza-un-taller-formativo-sobre-el-arte-del-rostrillo.jpg\" class=\"ff-og-image-inserted\"><\/div>\n<p>La concejal delegada de Educaci\u00f3n, Cultura y Turismo del Ayuntamiento de Puente Genil, <strong>Mar\u00eda Delgado<\/strong>, junto al imaginero pontan\u00e9s <strong>Jes\u00fas G\u00e1lvez<\/strong>, han presentado este martes el cartel del <strong>taller de rostrillos tradicionales de <\/strong><strong>Semana Santa<\/strong><strong>. <\/strong>La iniciativa, que se celebrar\u00e1 desde el pr\u00f3ximo <strong>22 de octubre<\/strong>, busca preservar y potenciar una de las manifestaciones culturales m\u00e1s representativas de la identidad pontana.<\/p>\n<p>El taller se desarrollar\u00e1 <strong>todos los mi\u00e9rcoles de 18.00 a 21.00 horas<\/strong>, con un m\u00e1ximo de 20 plazas disponibles. Las inscripciones podr\u00e1n realizarse a partir del 15 de octubre en la Casa Ciudadana.<\/p>\n<p>Durante la presentaci\u00f3n, Jes\u00fas G\u00e1lvez explic\u00f3 que el curso <strong>combinar\u00e1 formaci\u00f3n te\u00f3rica y pr\u00e1ctica,<\/strong> ofreciendo una <strong>introducci\u00f3n a la historia y evoluci\u00f3n del rostrillo y desarrollando posteriormente el proceso de modelado<\/strong> en barro, escayola y cart\u00f3n piedra, as\u00ed como su policrom\u00eda final.<\/p>\n<p>La actividad est\u00e1 impulsada por la Delegaci\u00f3n de Cultura del Ayuntamiento de Puente Genil y cuenta con el respaldo econ\u00f3mico de la Fundaci\u00f3n Bot\u00ed de la Diputaci\u00f3n de C\u00f3rdoba, que ha <strong>aportado 4.100 euros<\/strong> al proyecto. Por su parte el Ayuntamiento aporta algo <strong>m\u00e1s de 7.900 euros<\/strong>.<\/p>\n<p>Seg\u00fan destac\u00f3 Mar\u00eda Delgado, este taller \u201cpretende <strong>mantener viva una tradici\u00f3n \u00fanica de nuestra Semana Santa<\/strong>, fomentando el aprendizaje y la creatividad en torno a una se\u00f1a de identidad de Puente Genil\u201d.<\/p>\n","protected":false},"excerpt":{"rendered":"<p>La concejal delegada de Educaci\u00f3n, Cultura y Turismo del Ayuntamiento de Puente Genil, Mar\u00eda Delgado, junto al imaginero pontan\u00e9s Jes\u00fas G\u00e1lvez, han presentado este martes el cartel del taller de rostrillos tradicionales de Semana Santa. La iniciativa, que se celebrar\u00e1 desde el pr\u00f3ximo 22 de octubre, busca preservar y potenciar una de las manifestaciones culturales [&hellip;]<\/p>\n","protected":false},"author":1,"featured_media":170895,"comment_status":"closed","ping_status":"closed","sticky":false,"template":"","format":"standard","meta":[],"categories":[2],"tags":[],"_links":{"self":[{"href":"http:\/\/cordobainforma.info\/index.php\/wp-json\/wp\/v2\/posts\/170894"}],"collection":[{"href":"http:\/\/cordobainforma.info\/index.php\/wp-json\/wp\/v2\/posts"}],"about":[{"href":"http:\/\/cordobainforma.info\/index.php\/wp-json\/wp\/v2\/types\/post"}],"author":[{"embeddable":true,"href":"http:\/\/cordobainforma.info\/index.php\/wp-json\/wp\/v2\/users\/1"}],"replies":[{"embeddable":true,"href":"http:\/\/cordobainforma.info\/index.php\/wp-json\/wp\/v2\/comments?post=170894"}],"version-history":[{"count":0,"href":"http:\/\/cordobainforma.info\/index.php\/wp-json\/wp\/v2\/posts\/170894\/revisions"}],"wp:featuredmedia":[{"embeddable":true,"href":"http:\/\/cordobainforma.info\/index.php\/wp-json\/wp\/v2\/media\/170895"}],"wp:attachment":[{"href":"http:\/\/cordobainforma.info\/index.php\/wp-json\/wp\/v2\/media?parent=170894"}],"wp:term":[{"taxonomy":"category","embeddable":true,"href":"http:\/\/cordobainforma.info\/index.php\/wp-json\/wp\/v2\/categories?post=170894"},{"taxonomy":"post_tag","embeddable":true,"href":"http:\/\/cordobainforma.info\/index.php\/wp-json\/wp\/v2\/tags?post=170894"}],"curies":[{"name":"wp","href":"https:\/\/api.w.org\/{rel}","templated":true}]}}