{"id":170892,"date":"2025-10-15T02:58:47","date_gmt":"2025-10-15T02:58:47","guid":{"rendered":"https:\/\/somoscordobeses.com\/2025\/10\/14\/fallecio-nicolas-alessio-el-excura-expulsado-por-apoyar-el-matrimonio-igualitario-2\/"},"modified":"2025-10-15T02:58:47","modified_gmt":"2025-10-15T02:58:47","slug":"fallecio-nicolas-alessio-el-excura-expulsado-por-apoyar-el-matrimonio-igualitario","status":"publish","type":"post","link":"http:\/\/cordobainforma.info\/index.php\/2025\/10\/15\/fallecio-nicolas-alessio-el-excura-expulsado-por-apoyar-el-matrimonio-igualitario\/","title":{"rendered":"Falleci\u00f3 Nicol\u00e1s Alessio, el excura expulsado por apoyar el matrimonio igualitario"},"content":{"rendered":"<div><img src=\"http:\/\/cordobainforma.info\/wp-content\/uploads\/2025\/10\/fallecio-nicolas-alessio-el-excura-expulsado-por-apoyar-el-matrimonio-igualitario.jpg\" class=\"ff-og-image-inserted\"><\/div>\n<p>El excura <strong>Nicol\u00e1s Alessio<\/strong> falleci\u00f3 este martes a los 67 a\u00f1os en la ciudad de C\u00f3rdoba. Su fallecimiento caus\u00f3 un gran pesar en \u00e1mbitos acad\u00e9micos y en la sociedad en general, que lo recordar\u00e1n como un defensor de los derechos humanos.<\/p>\n<figure data-html data-tadevel-template=\"web\/multimedia\" data-type=\"rich\" data-url><\/figure>\n<p>Quince a\u00f1os atr\u00e1s, Alessio fue expulsado de la <strong>Iglesia Cat\u00f3lica<\/strong> tras un juicio can\u00f3nico iniciado por el entonces arzobispo de C\u00f3rdoba, <strong>Carlos Jos\u00e9 \u00d1\u00e1\u00f1ez<\/strong>.<\/p>\n<p>La causa de la expulsi\u00f3n fue la defensa p\u00fablica que hizo Alessio del matrimonio igualitario. M\u00e1s tarde, el excura de San Cayetano, del barrio Altamira, tambi\u00e9n cuestion\u00f3 las posturas del papa Francisco.<\/p>\n<p>La discusi\u00f3n con la m\u00e1xima autoridad eclesi\u00e1stica de la provincia qued\u00f3 retratada en el libro Cinco Curas, publicado en 2011.<\/p>\n<figure data-url=\"https:\/\/www.youtube.com\/watch?v=RWmslXcWbug\" data-html data-tadevel-template=\"web\/multimedia\" data-type=\"video\">\n<div data-facade-target data-tadevel-template=\"web\/aspect-ratio\" data-sizer=\"aspect-ratio\"><template> <iframe allow=\"accelerometer; autoplay; clipboard-write; encrypted-media; gyroscope; picture-in-picture\" sandbox=\"allow-scripts allow-same-origin allow-popups allow-popups-to-escape-sandbox\" src=\"https:\/\/www.youtube.com\/embed\/RWmslXcWbug?feature=oembed&amp;autoplay=1\" allowfullscreen data-tadevel-template=\"web\/multimedia-iframe\" frameborder=\"no\" loading=\"lazy\" scrolling=\"no\">[embedded content]<\/iframe><\/template><\/div><figcaption>\n<p>Entrevista con Nicol\u00e1s Alessio sobre los dichos del Papa sobre la homosexualidad<\/p>\n<\/figcaption><\/figure>\n<p>\u00abLa comunidad de la Facultad de Filosof\u00eda y Humanidades acompa\u00f1a a la profesora Mariela Zabala \u2014docente del Departamento de Antropolog\u00eda y actual coordinadora del Programa Universitario en la C\u00e1rcel (PUC)\u2014 por el fallecimiento de su compa\u00f1ero Nicol\u00e1s Alessio\u00bb, expres\u00f3 en las redes la unidad acad\u00e9mica de la Universidad Nacional de C\u00f3rdoba.<\/p>\n<p><mark><strong>El sepelio ser\u00e1 este mi\u00e9rcoles desde las 13:10 en Juan Caruso, sala H 2\u00ba piso, sobre calle 27 de abril 1032.&nbsp;<\/strong><\/mark><\/p>\n","protected":false},"excerpt":{"rendered":"<p>El excura Nicol\u00e1s Alessio falleci\u00f3 este martes a los 67 a\u00f1os en la ciudad de C\u00f3rdoba. Su fallecimiento caus\u00f3 un gran pesar en \u00e1mbitos acad\u00e9micos y en la sociedad en general, que lo recordar\u00e1n como un defensor de los derechos humanos. Quince a\u00f1os atr\u00e1s, Alessio fue expulsado de la Iglesia Cat\u00f3lica tras un juicio can\u00f3nico [&hellip;]<\/p>\n","protected":false},"author":1,"featured_media":170893,"comment_status":"closed","ping_status":"closed","sticky":false,"template":"","format":"standard","meta":[],"categories":[2],"tags":[],"_links":{"self":[{"href":"http:\/\/cordobainforma.info\/index.php\/wp-json\/wp\/v2\/posts\/170892"}],"collection":[{"href":"http:\/\/cordobainforma.info\/index.php\/wp-json\/wp\/v2\/posts"}],"about":[{"href":"http:\/\/cordobainforma.info\/index.php\/wp-json\/wp\/v2\/types\/post"}],"author":[{"embeddable":true,"href":"http:\/\/cordobainforma.info\/index.php\/wp-json\/wp\/v2\/users\/1"}],"replies":[{"embeddable":true,"href":"http:\/\/cordobainforma.info\/index.php\/wp-json\/wp\/v2\/comments?post=170892"}],"version-history":[{"count":0,"href":"http:\/\/cordobainforma.info\/index.php\/wp-json\/wp\/v2\/posts\/170892\/revisions"}],"wp:featuredmedia":[{"embeddable":true,"href":"http:\/\/cordobainforma.info\/index.php\/wp-json\/wp\/v2\/media\/170893"}],"wp:attachment":[{"href":"http:\/\/cordobainforma.info\/index.php\/wp-json\/wp\/v2\/media?parent=170892"}],"wp:term":[{"taxonomy":"category","embeddable":true,"href":"http:\/\/cordobainforma.info\/index.php\/wp-json\/wp\/v2\/categories?post=170892"},{"taxonomy":"post_tag","embeddable":true,"href":"http:\/\/cordobainforma.info\/index.php\/wp-json\/wp\/v2\/tags?post=170892"}],"curies":[{"name":"wp","href":"https:\/\/api.w.org\/{rel}","templated":true}]}}