{"id":170858,"date":"2025-10-14T08:37:04","date_gmt":"2025-10-14T08:37:04","guid":{"rendered":"https:\/\/somoscordobeses.com\/2025\/10\/14\/cuando-se-celebra-el-festival-flora-2025-en-cordoba\/"},"modified":"2025-10-14T08:37:04","modified_gmt":"2025-10-14T08:37:04","slug":"cuando-se-celebra-el-festival-flora-2025-en-cordoba","status":"publish","type":"post","link":"http:\/\/cordobainforma.info\/index.php\/2025\/10\/14\/cuando-se-celebra-el-festival-flora-2025-en-cordoba\/","title":{"rendered":"Cu\u00e1ndo se celebra el Festival Flora 2025 en C\u00f3rdoba?"},"content":{"rendered":"<div><img src=\"http:\/\/cordobainforma.info\/wp-content\/uploads\/2025\/10\/cuando-se-celebra-el-festival-flora-2025-en-cordoba.jpg\" class=\"ff-og-image-inserted\"><\/div>\n<p>Con el permiso de mayo, octubre se reivindica como mes de las flores en C\u00f3rdoba con una nueva edici\u00f3n del <strong>Festival Flora<\/strong>, que este 2025 celebra su <strong>octava edici\u00f3n <\/strong>consagrado como el<strong> mayor evento de arte floral contempor\u00e1neo<\/strong> y bot\u00e1nica del mundo, en el que participan artistas internacionales de reconocido prestigio.<\/p>\n<p>En esta ocasi\u00f3n, el tema del festival es el \u2018<strong>Futuro<\/strong>\u2019. \u00abEl que tememos y el que so\u00f1amos. El que nos cuentan y el que deber\u00eda ser. El que imaginan los artistas. El que dise\u00f1an los cient\u00edficos. Hay diferentes futuros. \u00bfEstamos inmersos ya en el post-futuro, sin posibilidad de progreso? \u00bfO estamos a tiempo de poner en marcha un plan que mejore las expectativas?\u00bb, reflexionan desde la organizaci\u00f3n. \u00abEn FLORA estamos convencidos de que <strong>solo la naturaleza tiene la respuesta<\/strong> para un futuro m\u00e1s habitable\u00bb, a\u00f1aden.<\/p>\n<p>\u00bfY cu\u00e1ndo se celebra el Festival Flora 2025? La cita marcada en el calendario se desarrolla este a\u00f1o<strong> entre el 13 y el 23 de octubre<\/strong> con su habitual programa de tres actos: montaje, exhibici\u00f3n y guerrilla floral.<\/p>\n<h2>Del 13 al 16 de octubre: montaje <\/h2>\n<p>Como en cada edici\u00f3n, el Festival Internacional de las Flores de C\u00f3rdoba empieza con el montaje de las instalaciones, que tendr\u00e1 lugar entre el 13 y el 16 de octubre. En esas fechas tendr\u00e1 lugar el&nbsp;<strong>montaje de las instalaciones<\/strong>&nbsp;en los&nbsp;<strong>cinco escenarios&nbsp;<\/strong>del Festival:&nbsp;<strong>Patio del Reloj de la<\/strong> <strong>Diputaci\u00f3n de C\u00f3rdoba, Palacio de Viana, Patio de los Naranjos de la Mezquita-Catedral, Palacio de Orive y Museo Arqueol\u00f3gico<\/strong>. El acceso a los patios es gratuito, mediante visitas guiadas, con reserva de entrada online.<\/p>\n<figure data-aida-image readability=\"1\"><picture><source media=\"(min-width:640.1px)\" type=\"image\/webp\" width=\"1600.0\" height=\"1067.0\"><source media=\"(min-width: 320.1px) and (max-width: 640px)\" type=\"image\/webp\" width=\"640.0\" height=\"427.0\"><source media=\"(max-width: 320px)\" type=\"image\/webp\" width=\"320.0\" height=\"213.0\"><source media=\"(min-width:640.1px)\" type=\"image\/jpeg\" width=\"1600.0\" height=\"1067.0\" data-aida-photoclipping><source media=\"(min-width: 320.1px) and (max-width: 640px)\" type=\"image\/jpeg\" width=\"640.0\" height=\"427.0\" data-aida-photoclipping><source media=\"(max-width: 320px)\" type=\"image\/jpeg\" width=\"320.0\" height=\"213.0\" data-aida-photoclipping><\/picture><figcaption data-aida-caption readability=\"2\">\n<p>Montaje de las instalaciones de Flora en la edici\u00f3n de 2024. <span data-aida-captionauthor> \/ V\u00edctor Castro<\/span><\/p>\n<\/figcaption><\/figure>\n<h2>Del 17 al 22 de octubre: exhibici\u00f3n<\/h2>\n<p>Son los d\u00edas grandes de Flora 2024, en los que se espera batir un nuevo r\u00e9cord de visitas. Con cinco espacios y <strong>cinco artistas (La Musa de la Flores, Paula Anta, Putnam Flowers, Wagner Kreusch e Ikefrana), <\/strong>las instalaciones pueden visitarse <strong>de 11.00 a 20.00 horas<\/strong>. El acceso es gratuito y no precisa de reserva.<\/p>\n<p>El d\u00eda 17 de octubre, coincidiendo con la apertura a las visitas, tendr\u00e1 lugar el <strong>fallo del jurado<\/strong> y la entrega de premios.<\/p>\n<figure data-aida-image readability=\"1\"><picture><source media=\"(min-width:640.1px)\" type=\"image\/webp\" width=\"1600.0\" height=\"1067.0\"><source media=\"(min-width: 320.1px) and (max-width: 640px)\" type=\"image\/webp\" width=\"640.0\" height=\"427.0\"><source media=\"(max-width: 320px)\" type=\"image\/webp\" width=\"320.0\" height=\"213.0\"><source media=\"(min-width:640.1px)\" type=\"image\/jpeg\" width=\"1600.0\" height=\"1067.0\" data-aida-photoclipping><source media=\"(min-width: 320.1px) and (max-width: 640px)\" type=\"image\/jpeg\" width=\"640.0\" height=\"427.0\" data-aida-photoclipping><source media=\"(max-width: 320px)\" type=\"image\/jpeg\" width=\"320.0\" height=\"213.0\" data-aida-photoclipping><\/picture><figcaption data-aida-caption readability=\"2\">\n<p>Visitas a las exhibiciones de Flora 2024. <span data-aida-captionauthor> \/ V\u00edctor Castro<\/span><\/p>\n<\/figcaption><\/figure>\n<h2>23 de octubre: Guerrilla floral<\/h2>\n<p>Como colof\u00f3n del festival,<strong> <\/strong>se celebra la tradicional \u2018Guerrilla floral\u2019. Esta \u201cguerrilla\u201d es <strong>una acci\u00f3n art\u00edstica con un punto gamberro<\/strong> que consiste en realizar instalaciones florales callejeras en las calles de C\u00f3rdoba, con las plantas sobrantes tras los once d\u00edas del festival. Vecinos y turistas de la ciudad podr\u00e1n llevarse luego parte de esas creaciones a casa. Entre otras cosas, la guerrilla floral pone de manifiesto la preocupaci\u00f3n por la sostenibilidad, dando varias vidas a todo el material ef\u00edmero que se utiliza en cada edici\u00f3n.<\/p>\n<p>Los floristas Ana Casti\u00f1eyra, Carolina Le\u00f3n, Lola Rey, Ram\u00f3n Luque y Raquel Redondo, junto con integrantes de los colectivos sociales ADIS Meridianos, Asociaci\u00f3n Provivienda, C\u00f3rdoba Acoge y Proyecto Puerta Verde, realizan instalaciones florales ef\u00edmeras con el material reciclado del festival. En los Jardines del Huerto de Orive, de 16.00 a 19.00 horas.<\/p>\n<figure data-aida-image readability=\"1\"><picture><source media=\"(min-width:640.1px)\" type=\"image\/webp\" width=\"1600.0\" height=\"1067.0\"><source media=\"(min-width: 320.1px) and (max-width: 640px)\" type=\"image\/webp\" width=\"640.0\" height=\"427.0\"><source media=\"(max-width: 320px)\" type=\"image\/webp\" width=\"320.0\" height=\"213.0\"><source media=\"(min-width:640.1px)\" type=\"image\/jpeg\" width=\"1600.0\" height=\"1067.0\" data-aida-photoclipping><source media=\"(min-width: 320.1px) and (max-width: 640px)\" type=\"image\/jpeg\" width=\"640.0\" height=\"427.0\" data-aida-photoclipping><source media=\"(max-width: 320px)\" type=\"image\/jpeg\" width=\"320.0\" height=\"213.0\" data-aida-photoclipping><\/picture><figcaption data-aida-caption readability=\"2\">\n<p>La guerrilla floral cierra el Festival Flora 2024 <span data-aida-captionauthor> \/ Manuel Murillo<\/span><\/p>\n<\/figcaption><\/figure>\n<h2>Actividades paralelas<\/h2>\n<p>Del 13 al 23 de octubre, por quinto a\u00f1o, el Festival ha organizado actividades paralelas para complementar la exhibici\u00f3n y aproximarse a la naturaleza desde diversas miradas. Entre otras, destacan los Encuentros FLORA, donde participan los propios artistas florales a concurso en el certamen; talleres, as\u00ed como la Escuela FLORA.<\/p>\n<figure data-aida-image readability=\"1.5\"><picture><source media=\"(min-width:640.1px)\" type=\"image\/webp\" width=\"1084.0\" height=\"1002.0\"><source media=\"(min-width: 320.1px) and (max-width: 640px)\" type=\"image\/webp\" width=\"640.0\" height=\"592.0\"><source media=\"(max-width: 320px)\" type=\"image\/webp\" width=\"320.0\" height=\"296.0\"><source media=\"(min-width:640.1px)\" type=\"image\/jpeg\" width=\"1084.0\" height=\"1002.0\" data-aida-photoclipping><source media=\"(min-width: 320.1px) and (max-width: 640px)\" type=\"image\/jpeg\" width=\"640.0\" height=\"592.0\" data-aida-photoclipping><source media=\"(max-width: 320px)\" type=\"image\/jpeg\" width=\"320.0\" height=\"296.0\" data-aida-photoclipping><\/picture><figcaption data-aida-caption readability=\"3\">\n<p>Antonio Ruz, director de La Normal. <span data-aida-captionauthor> \/ C\u00f3rdoba<\/span><\/p>\n<\/figcaption><\/figure>\n<p>Adem\u00e1s, el Festival cuenta con varias novedades en su programaci\u00f3n paralela de este a\u00f1o. El 13 de octubre, Caballerizas Reales acoger\u00e1 la representaci\u00f3n de <strong>\u2018Agro\u2019,<\/strong> un espect\u00e1culo de danza creado para la ocasi\u00f3n por La Normal, la compa\u00f1\u00eda dirigida por el prestigioso core\u00f3grafo<strong> Antonio Ruz<\/strong>. El 18 de octubre ser\u00e1 el turno de<strong> \u2018Enflorecida\u2019<\/strong>, un concierto esc\u00e9nico de <strong>Isabel Do Diego <\/strong>en el Conservatorio Superior de M\u00fasica Rafael Orozco. Y el 22 de octubre, una sesi\u00f3n de cine expandido y m\u00fasica bajo el t\u00edtulo de <strong>\u2018Intervalo de confianza\u2019<\/strong> a cargo del artista Juan (Juan L\u00f3pez L\u00f3pez). Para acceder a estos eventos hay que reservar las entradas en la web del festival.<\/p>\n<p><strong>M\u00e1s informaci\u00f3n sobre el Festival Flora 2025<\/strong><\/p>\n","protected":false},"excerpt":{"rendered":"<p>Con el permiso de mayo, octubre se reivindica como mes de las flores en C\u00f3rdoba con una nueva edici\u00f3n del Festival Flora, que este 2025 celebra su octava edici\u00f3n consagrado como el mayor evento de arte floral contempor\u00e1neo y bot\u00e1nica del mundo, en el que participan artistas internacionales de reconocido prestigio. En esta ocasi\u00f3n, el [&hellip;]<\/p>\n","protected":false},"author":1,"featured_media":170859,"comment_status":"closed","ping_status":"closed","sticky":false,"template":"","format":"standard","meta":[],"categories":[2],"tags":[],"_links":{"self":[{"href":"http:\/\/cordobainforma.info\/index.php\/wp-json\/wp\/v2\/posts\/170858"}],"collection":[{"href":"http:\/\/cordobainforma.info\/index.php\/wp-json\/wp\/v2\/posts"}],"about":[{"href":"http:\/\/cordobainforma.info\/index.php\/wp-json\/wp\/v2\/types\/post"}],"author":[{"embeddable":true,"href":"http:\/\/cordobainforma.info\/index.php\/wp-json\/wp\/v2\/users\/1"}],"replies":[{"embeddable":true,"href":"http:\/\/cordobainforma.info\/index.php\/wp-json\/wp\/v2\/comments?post=170858"}],"version-history":[{"count":0,"href":"http:\/\/cordobainforma.info\/index.php\/wp-json\/wp\/v2\/posts\/170858\/revisions"}],"wp:featuredmedia":[{"embeddable":true,"href":"http:\/\/cordobainforma.info\/index.php\/wp-json\/wp\/v2\/media\/170859"}],"wp:attachment":[{"href":"http:\/\/cordobainforma.info\/index.php\/wp-json\/wp\/v2\/media?parent=170858"}],"wp:term":[{"taxonomy":"category","embeddable":true,"href":"http:\/\/cordobainforma.info\/index.php\/wp-json\/wp\/v2\/categories?post=170858"},{"taxonomy":"post_tag","embeddable":true,"href":"http:\/\/cordobainforma.info\/index.php\/wp-json\/wp\/v2\/tags?post=170858"}],"curies":[{"name":"wp","href":"https:\/\/api.w.org\/{rel}","templated":true}]}}