{"id":170832,"date":"2025-10-14T10:59:00","date_gmt":"2025-10-14T10:59:00","guid":{"rendered":"http:\/\/cordobainforma.info\/index.php\/2025\/10\/14\/la-madre-de-laurta-tras-el-doble-femicidio-es-un-asesino-y-va-a-estar-toda-la-vida-en-la-carcel\/"},"modified":"2025-10-14T10:59:00","modified_gmt":"2025-10-14T10:59:00","slug":"la-madre-de-laurta-tras-el-doble-femicidio-es-un-asesino-y-va-a-estar-toda-la-vida-en-la-carcel","status":"publish","type":"post","link":"http:\/\/cordobainforma.info\/index.php\/2025\/10\/14\/la-madre-de-laurta-tras-el-doble-femicidio-es-un-asesino-y-va-a-estar-toda-la-vida-en-la-carcel\/","title":{"rendered":"La madre de Laurta tras el doble femicidio: \u00abEs un asesino y va a estar toda la vida en la c\u00e1rcel\u00bb"},"content":{"rendered":"<div class=\"media_block\"><\/div>\n<div><img src=\"http:\/\/cordobainforma.info\/wp-content\/uploads\/2025\/10\/la-madre-de-laurta-tras-el-doble-femicidio-es-un-asesino-y-va-a-estar-toda-la-vida-en-la-carcel.jpg\" class=\"ff-og-image-inserted\"><\/div>\n<p>La madre de <strong>Pablo Laurta<\/strong>, acusado por el <a target=\"_blank\" href=\"https:\/\/www.perfil.com\/temas\/femicidios\" rel=\"noopener noreferrer\">doble femicidio<\/a> de su expareja <strong>Luna Giardina<\/strong> (24), y de su exsuegra <strong>Mariel Zamudio <\/strong>en barrio <strong>Villa Serrana<\/strong> de la ciudad de C\u00f3rdoba, asegur\u00f3 que su hijo es <strong>\u201cun asesino<\/strong>\u201d.<\/p>\n<p>\u201cEstoy dolida. El dolor ya es mi grande que mi cuerpo. <strong>S\u00e9 que hay familiares que van a hacerse cargo de mi nieto con toda seguridad, que son mucho m\u00e1s j\u00f3venes que yo. Agradezco eso<\/strong>. Si no hab\u00eda nadie, me presentaba. Yo soy una se\u00f1ora de 63 a\u00f1os, ya grande, con algunos problemitas de salud\u201d, relat\u00f3 la mujer.<\/p>\n<p>\u201cObviamente dolida por lo que mi hijo ha hecho que no tiene nombre, que no tiene calificaci\u00f3n. <strong>Es un asesino y va a estar toda la vida en la c\u00e1rcel<\/strong>\u201d, agreg\u00f3 en declaraciones a <em>Mitre C\u00f3rdoba<\/em>.<\/p>\n<p><em>NOTICIA EN DESARROLLO<\/em><\/p>\n","protected":false},"excerpt":{"rendered":"<p>La madre de Pablo Laurta, acusado por el doble femicidio de su expareja Luna Giardina (24), y de su exsuegra Mariel Zamudio en barrio Villa Serrana de la ciudad de C\u00f3rdoba, asegur\u00f3 que su hijo es \u201cun asesino\u201d. \u201cEstoy dolida. El dolor ya es mi grande que mi cuerpo. S\u00e9 que hay familiares que van [&hellip;]<\/p>\n","protected":false},"author":1,"featured_media":170833,"comment_status":"closed","ping_status":"closed","sticky":false,"template":"","format":"standard","meta":[],"categories":[2],"tags":[],"_links":{"self":[{"href":"http:\/\/cordobainforma.info\/index.php\/wp-json\/wp\/v2\/posts\/170832"}],"collection":[{"href":"http:\/\/cordobainforma.info\/index.php\/wp-json\/wp\/v2\/posts"}],"about":[{"href":"http:\/\/cordobainforma.info\/index.php\/wp-json\/wp\/v2\/types\/post"}],"author":[{"embeddable":true,"href":"http:\/\/cordobainforma.info\/index.php\/wp-json\/wp\/v2\/users\/1"}],"replies":[{"embeddable":true,"href":"http:\/\/cordobainforma.info\/index.php\/wp-json\/wp\/v2\/comments?post=170832"}],"version-history":[{"count":0,"href":"http:\/\/cordobainforma.info\/index.php\/wp-json\/wp\/v2\/posts\/170832\/revisions"}],"wp:featuredmedia":[{"embeddable":true,"href":"http:\/\/cordobainforma.info\/index.php\/wp-json\/wp\/v2\/media\/170833"}],"wp:attachment":[{"href":"http:\/\/cordobainforma.info\/index.php\/wp-json\/wp\/v2\/media?parent=170832"}],"wp:term":[{"taxonomy":"category","embeddable":true,"href":"http:\/\/cordobainforma.info\/index.php\/wp-json\/wp\/v2\/categories?post=170832"},{"taxonomy":"post_tag","embeddable":true,"href":"http:\/\/cordobainforma.info\/index.php\/wp-json\/wp\/v2\/tags?post=170832"}],"curies":[{"name":"wp","href":"https:\/\/api.w.org\/{rel}","templated":true}]}}