{"id":170828,"date":"2025-10-13T19:29:08","date_gmt":"2025-10-13T19:29:08","guid":{"rendered":"https:\/\/cordoba.gob.ar\/?p=82206"},"modified":"2025-10-13T19:29:08","modified_gmt":"2025-10-13T19:29:08","slug":"martes-en-la-feria-del-libro-libros-cine-y-gastronomia","status":"publish","type":"post","link":"http:\/\/cordobainforma.info\/index.php\/2025\/10\/13\/martes-en-la-feria-del-libro-libros-cine-y-gastronomia\/","title":{"rendered":"Martes en la Feria del Libro: libros, cine y gastronom\u00eda"},"content":{"rendered":"<div><img src=\"http:\/\/cordobainforma.info\/wp-content\/uploads\/2025\/10\/martes-en-la-feria-del-libro-libros-cine-y-gastronomia.jpg\" class=\"ff-og-image-inserted\"><\/div>\n<ul>\n<li data-prosemirror-content-type=\"node\" data-prosemirror-node-name=\"paragraph\" data-prosemirror-node-block=\"true\"><strong>Como es habitual, las infancias y diversidades tambi\u00e9n tendr\u00e1n gran protagonismo en la agenda.<\/strong><\/li>\n<\/ul>\n<p data-prosemirror-content-type=\"node\" data-prosemirror-node-name=\"paragraph\" data-prosemirror-node-block=\"true\">La Feria del Libro C\u00f3rdob<\/p>\n<hr>\n<p data-prosemirror-content-type=\"node\" data-prosemirror-node-name=\"paragraph\" data-prosemirror-node-block=\"true\">a llega este martes con nuevas actividades para todos los p\u00fablicos, con participaci\u00f3n libre y gratuita. Las carpas estar\u00e1n abiertas de 11:00 a 21:00 para visitar los distintos puestos editoriales.<\/p>\n<p data-prosemirror-content-type=\"node\" data-prosemirror-node-name=\"paragraph\" data-prosemirror-node-block=\"true\">Las infancias podr\u00e1n disfrutar desde las 11:00 con la presentaci\u00f3n del libro de \u201cCuentos inventa-dos\u201d de David Mu\u00f1oz y a las 12:00 con la presentaci\u00f3n de composiciones po\u00e9ticas-musicales de estudiantes de la escuela El Puente, junto a Enrico Barbizi y Mar\u00eda Jos\u00e9 Morais, ambas en la Carpa Edith Vera. Adem\u00e1s, de 11:00 a 20:00 se podr\u00e1 visitar el \u201cEspacio de encuentro\u201d de la Editorial Comunicarte en la misma ubicaci\u00f3n.<\/p>\n<p data-prosemirror-content-type=\"node\" data-prosemirror-node-name=\"paragraph\" data-prosemirror-node-block=\"true\">Entre las actividades destacadas, aparece la \u201cClase magistral en el Mercado: recetas pr\u00e1cticas y sencillas con productos del Mercado\u201d, de 12:30 a 13:30, en la que el chef Lucas Gal\u00e1n, de Azafr\u00e1n, protagonizar\u00e1 este evento \u00fanico en el Mercado Norte C\u00f3rdoba.<\/p>\n<p data-prosemirror-content-type=\"node\" data-prosemirror-node-name=\"paragraph\" data-prosemirror-node-block=\"true\">A partir de las 16:00, la hist\u00f3rica agrupaci\u00f3n Cat\u00f3licas por el Derecho a Decidir presentar\u00e1 el libro \u201cTeolog\u00edas Feministas: espiritualidades en resistencia\u201d en la Carpa Leonor Allende, que seguidamente a las 17:00 recibir\u00e1 la presentaci\u00f3n de otro libro: \u201cDesbarros: Informe po\u00e9tico sobre el r\u00edo Paran\u00e1\u201d, de Franca Maccioni, quien llega en el marco de la participaci\u00f3n de la capital entrerriana como ciudad invitada.<\/p>\n<p data-prosemirror-content-type=\"node\" data-prosemirror-node-name=\"paragraph\" data-prosemirror-node-block=\"true\">La descentralizaci\u00f3n de la FLC llega tambi\u00e9n a Alta C\u00f3rdoba, donde se proyectar\u00e1 un video con filmaciones del Juicio a las Juntas bajo el t\u00edtulo \u201cA 40 a\u00f1os del juicio que cambi\u00f3 la historia\u201d, desde las 19:00. Tambi\u00e9n habr\u00e1 un conversatorio y un cierre musical, en la Biblioteca Popular Libertad por la Integraci\u00f3n Latinoamericana, ubicada en Lavalleja 1700.<\/p>\n<p data-prosemirror-content-type=\"node\" data-prosemirror-node-name=\"paragraph\" data-prosemirror-node-block=\"true\">La actividad de cierre tambi\u00e9n estar\u00e1 relacionada al s\u00e9ptimo arte. Como parte del Ciclo de Cine Aniversarios, se proyectar\u00e1 \u201cHaroldo Conti, Homo Viator\u201d, en homenaje al centenario del nacimiento del escritor v\u00edctima del terrorismo de Estado. Ser\u00e1 a las 21:00 en el auditorio del Cineclub Municipal.<\/p>\n<p data-prosemirror-content-type=\"node\" data-prosemirror-node-name=\"paragraph\" data-prosemirror-node-block=\"true\">Toda la programaci\u00f3n y los horarios completos se pueden consultar en la<a href=\"https:\/\/feriadellibro.cordoba.gob.ar\/programacion\/\"> web<\/a> de la 39\u00b0 edici\u00f3n de la ya tradicional Feria del Libro C\u00f3rdoba.<\/p>\n","protected":false},"excerpt":{"rendered":"<p>Como es habitual, las infancias y diversidades tambi\u00e9n tendr\u00e1n gran protagonismo en la agenda. La Feria del Libro C\u00f3rdob a llega este martes con nuevas actividades para todos los p\u00fablicos, con participaci\u00f3n libre y gratuita. Las carpas estar\u00e1n abiertas de 11:00 a 21:00 para visitar los distintos puestos editoriales. Las infancias podr\u00e1n disfrutar desde las [&hellip;]<\/p>\n","protected":false},"author":1,"featured_media":170829,"comment_status":"closed","ping_status":"closed","sticky":false,"template":"","format":"standard","meta":[],"categories":[2],"tags":[],"_links":{"self":[{"href":"http:\/\/cordobainforma.info\/index.php\/wp-json\/wp\/v2\/posts\/170828"}],"collection":[{"href":"http:\/\/cordobainforma.info\/index.php\/wp-json\/wp\/v2\/posts"}],"about":[{"href":"http:\/\/cordobainforma.info\/index.php\/wp-json\/wp\/v2\/types\/post"}],"author":[{"embeddable":true,"href":"http:\/\/cordobainforma.info\/index.php\/wp-json\/wp\/v2\/users\/1"}],"replies":[{"embeddable":true,"href":"http:\/\/cordobainforma.info\/index.php\/wp-json\/wp\/v2\/comments?post=170828"}],"version-history":[{"count":0,"href":"http:\/\/cordobainforma.info\/index.php\/wp-json\/wp\/v2\/posts\/170828\/revisions"}],"wp:featuredmedia":[{"embeddable":true,"href":"http:\/\/cordobainforma.info\/index.php\/wp-json\/wp\/v2\/media\/170829"}],"wp:attachment":[{"href":"http:\/\/cordobainforma.info\/index.php\/wp-json\/wp\/v2\/media?parent=170828"}],"wp:term":[{"taxonomy":"category","embeddable":true,"href":"http:\/\/cordobainforma.info\/index.php\/wp-json\/wp\/v2\/categories?post=170828"},{"taxonomy":"post_tag","embeddable":true,"href":"http:\/\/cordobainforma.info\/index.php\/wp-json\/wp\/v2\/tags?post=170828"}],"curies":[{"name":"wp","href":"https:\/\/api.w.org\/{rel}","templated":true}]}}