{"id":170826,"date":"2025-10-14T11:21:18","date_gmt":"2025-10-14T11:21:18","guid":{"rendered":"https:\/\/www.modapunta.com\/noticia\/9962\/moda\/adolfo-dominguez-se-consolida-en-colombia-tras-su-participacion-en-el-fashion-summit.html"},"modified":"2025-10-14T11:21:18","modified_gmt":"2025-10-14T11:21:18","slug":"adolfo-dominguez-se-consolida-en-colombia-tras-su-participacion-en-el-fashion-summit","status":"publish","type":"post","link":"http:\/\/cordobainforma.info\/index.php\/2025\/10\/14\/adolfo-dominguez-se-consolida-en-colombia-tras-su-participacion-en-el-fashion-summit\/","title":{"rendered":"Adolfo Dom\u00ednguez se consolida en Colombia tras su participaci\u00f3n en el Fashion Summit"},"content":{"rendered":"<div class=\"media_block\"><\/div>\n<div><img src=\"http:\/\/cordobainforma.info\/wp-content\/uploads\/2025\/10\/adolfo-dominguez-se-consolida-en-colombia-tras-su-participacion-en-el-fashion-summit.jpg\" class=\"ff-og-image-inserted\"><\/div>\n<p>La firma de moda Adolfo Dom\u00ednguez ha marcado su presencia en la primera edici\u00f3n del Colombia Fashion Summit, un evento que congreg\u00f3 en Medell\u00edn a cerca de 400 directivos y empresarios del sector textil. Este encuentro resalta la consolidaci\u00f3n de la marca en el pa\u00eds, que se ha convertido en su segundo mercado m\u00e1s relevante en Am\u00e9rica Latina.<\/p>\n<p>Durante el primer trimestre del ejercicio 2025\/26, la compa\u00f1\u00eda report\u00f3 un incremento del <strong>25%<\/strong> en sus ventas en Colombia, donde actualmente opera cinco puntos de venta. En total, Adolfo Dom\u00ednguez cuenta con <strong>163 tiendas<\/strong> distribuidas en 12 pa\u00edses de Latinoam\u00e9rica, lo que representa un crecimiento acumulado del <strong>64%<\/strong> en los \u00faltimos ocho a\u00f1os.<\/p>\n<h2>An\u00e1lisis y desaf\u00edos del sector<\/h2>\n<p>El Colombia Fashion Summit, impulsado por Inexmoda y Modaes, se suma al Barcelona Fashion Summit como un foro clave para la industria de la moda. Durante esta jornada, expertos tanto nacionales como internacionales discutieron los desaf\u00edos actuales del sector, abarcando temas como la <em>internacionalizaci\u00f3n<\/em>, los cambios geopol\u00edticos y la transformaci\u00f3n cultural.<\/p>\n<p>Patricia Alonso, directora corporativa de Marketing, Comunicaci\u00f3n y Transformaci\u00f3n Digital de Adolfo Dom\u00ednguez, particip\u00f3 en una mesa redonda titulada \u00abC\u00f3mo hacer que hablen de ti cuando no te conocen\u00bb, junto a Andrea de Juan, directora de Marketing de Silbon, y Juan Franco, vicepresidente de Estrategia de DDB Colombia.<\/p>\n<h2>Construcci\u00f3n de marca coherente<\/h2>\n<p>En su intervenci\u00f3n, Alonso enfatiz\u00f3 la relevancia de mantener una coherencia s\u00f3lida en la construcci\u00f3n de marca. \u201cEn Adolfo Dom\u00ednguez siempre hemos defendido que la marca debe tener un relato coherente y honesto: no generamos falsas expectativas, hablamos desde lo que somos\u201d, afirm\u00f3 Patricia durante su discurso.<\/p>\n<h2>La noticia en cifras<\/h2>\n<table>\n<thead>\n<tr>\n<th>Cifra<\/th>\n<th>Descripci\u00f3n<\/th>\n<\/tr>\n<\/thead>\n<tbody readability=\"5\">\n<tr readability=\"2\">\n<td>25%<\/td>\n<td>Incremento de ventas en el primer trimestre del ejercicio 2025\/26<\/td>\n<\/tr>\n<tr readability=\"2\">\n<td>5<\/td>\n<td>N\u00famero de puntos de venta en Colombia<\/td>\n<\/tr>\n<tr readability=\"2\">\n<td>163<\/td>\n<td>N\u00famero total de tiendas en Latinoam\u00e9rica<\/td>\n<\/tr>\n<tr readability=\"2\">\n<td>12<\/td>\n<td>N\u00famero de pa\u00edses en Latinoam\u00e9rica donde tiene presencia<\/td>\n<\/tr>\n<tr readability=\"2\">\n<td>64%<\/td>\n<td>Crecimiento acumulado en los \u00faltimos ocho a\u00f1os<\/td>\n<\/tr>\n<\/tbody>\n<\/table>\n<h2>Preguntas sobre la noticia<\/h2>\n<div class=\"faq\" readability=\"32\">\n<h3>\u00bfQu\u00e9 evento particip\u00f3 Adolfo Dom\u00ednguez en Colombia?<\/h3>\n<p>Adolfo Dom\u00ednguez particip\u00f3 en la primera edici\u00f3n del Colombia Fashion Summit, un encuentro que reuni\u00f3 a cerca de 400 directivos y empresarios del sector textil en Medell\u00edn.<\/p>\n<h3>\u00bfCu\u00e1l es el crecimiento de Adolfo Dom\u00ednguez en Colombia?<\/h3>\n<p>En el primer trimestre del ejercicio 2025\/26, la compa\u00f1\u00eda increment\u00f3 un 25% sus ventas en Colombia, donde cuenta con 5 puntos de venta.<\/p>\n<h3>\u00bfCu\u00e1ntas tiendas tiene Adolfo Dom\u00ednguez en Latinoam\u00e9rica?<\/h3>\n<p>Adolfo Dom\u00ednguez cuenta con 163 tiendas en 12 pa\u00edses de Latinoam\u00e9rica.<\/p>\n<h3>\u00bfQu\u00e9 temas se discutieron en el Colombia Fashion Summit?<\/h3>\n<p>Durante el evento, expertos analizaron los desaf\u00edos del sector, incluyendo la internacionalizaci\u00f3n, los cambios geopol\u00edticos y la transformaci\u00f3n cultural.<\/p>\n<h3>\u00bfQui\u00e9nes participaron en la mesa redonda sobre marketing?<\/h3>\n<p>Patricia Alonso, directora corporativa de Marketing, Comunicaci\u00f3n y Transformaci\u00f3n Digital de Adolfo Dom\u00ednguez, particip\u00f3 junto a Andrea de Juan y Juan Franco.<\/p>\n<h3>\u00bfCu\u00e1l es la filosof\u00eda de marca que defiende Adolfo Dom\u00ednguez?<\/h3>\n<p>Patricia Alonso destac\u00f3 la importancia de tener un relato coherente y honesto para la marca, afirmando que no generan falsas expectativas y hablan desde lo que son.<\/p>\n<\/div>\n","protected":false},"excerpt":{"rendered":"<p>La firma de moda Adolfo Dom\u00ednguez ha marcado su presencia en la primera edici\u00f3n del Colombia Fashion Summit, un evento que congreg\u00f3 en Medell\u00edn a cerca de 400 directivos y empresarios del sector textil. Este encuentro resalta la consolidaci\u00f3n de la marca en el pa\u00eds, que se ha convertido en su segundo mercado m\u00e1s relevante [&hellip;]<\/p>\n","protected":false},"author":1,"featured_media":170827,"comment_status":"open","ping_status":"closed","sticky":false,"template":"","format":"standard","meta":[],"categories":[24],"tags":[],"_links":{"self":[{"href":"http:\/\/cordobainforma.info\/index.php\/wp-json\/wp\/v2\/posts\/170826"}],"collection":[{"href":"http:\/\/cordobainforma.info\/index.php\/wp-json\/wp\/v2\/posts"}],"about":[{"href":"http:\/\/cordobainforma.info\/index.php\/wp-json\/wp\/v2\/types\/post"}],"author":[{"embeddable":true,"href":"http:\/\/cordobainforma.info\/index.php\/wp-json\/wp\/v2\/users\/1"}],"replies":[{"embeddable":true,"href":"http:\/\/cordobainforma.info\/index.php\/wp-json\/wp\/v2\/comments?post=170826"}],"version-history":[{"count":0,"href":"http:\/\/cordobainforma.info\/index.php\/wp-json\/wp\/v2\/posts\/170826\/revisions"}],"wp:featuredmedia":[{"embeddable":true,"href":"http:\/\/cordobainforma.info\/index.php\/wp-json\/wp\/v2\/media\/170827"}],"wp:attachment":[{"href":"http:\/\/cordobainforma.info\/index.php\/wp-json\/wp\/v2\/media?parent=170826"}],"wp:term":[{"taxonomy":"category","embeddable":true,"href":"http:\/\/cordobainforma.info\/index.php\/wp-json\/wp\/v2\/categories?post=170826"},{"taxonomy":"post_tag","embeddable":true,"href":"http:\/\/cordobainforma.info\/index.php\/wp-json\/wp\/v2\/tags?post=170826"}],"curies":[{"name":"wp","href":"https:\/\/api.w.org\/{rel}","templated":true}]}}