{"id":170740,"date":"2025-10-06T15:21:43","date_gmt":"2025-10-06T15:21:43","guid":{"rendered":"https:\/\/www.mujerhoy.com\/vivir\/decoracion\/amazon-prime-days-muebles-mejores-ofertas-baratos-sofa-mesa-20251006144515-nt.html"},"modified":"2025-10-06T15:21:43","modified_gmt":"2025-10-06T15:21:43","slug":"las-mejores-ofertas-en-muebles-de-los-amazon-prime-days-del-sofa-cama-para-salones-pequenos-a-la-mesa-extensible-mas-practica","status":"publish","type":"post","link":"http:\/\/cordobainforma.info\/index.php\/2025\/10\/06\/las-mejores-ofertas-en-muebles-de-los-amazon-prime-days-del-sofa-cama-para-salones-pequenos-a-la-mesa-extensible-mas-practica\/","title":{"rendered":"Las mejores ofertas en muebles de los Amazon Prime Days: del sof\u00e1 cama para salones peque\u00f1os a la mesa extensible m\u00e1s pr\u00e1ctica"},"content":{"rendered":"<div class=\"media_block\"><\/div>\n<p><!-- AUTHOR --><\/p>\n<div class=\"voc-author-timesocial \">\n<!-- AUTHOR --><\/p>\n<div class=\"voc-author-timesocial__signature \">\n<!-- IMAGE AUTHOR -->\n<picture class=\"voc-image-signature\">\n<img class=\"voc-image-signature__img\" src=\"http:\/\/cordobainforma.info\/wp-content\/uploads\/2025\/10\/las-mejores-ofertas-en-muebles-de-los-amazon-prime-days-del-sofa-cama-para-salones-pequenos-a-la-mesa-extensible-mas-practica.jpg\" alt=\"Ana Calvo\">\n<\/picture>\n<!-- INFO AUTHOR --><\/p>\n<div class=\"voc-author-timesocial__info\" data-mrf-recirculation=\"Autor\">\n<div class=\"voc-author-info\">\n<author><br \/>\n<a class=\"voc-author\" href=\"https:\/\/www.mujerhoy.com\/autor\/ana-calvo-1186.html\">Ana Calvo<\/a><br \/>\n<\/author><br \/>\n<!-- TIME --><br \/>\n<time datetime=\"2025-10-06T15:21:43Z\" data-timestamp><br \/>\nPublicado \u00b7 <span data-voc-date-modified-short> 6 de octubre de 2025, 17:21 h <\/span><br \/>\n<\/time>\n<\/div>\n<\/div>\n<\/div><\/div>\n<p><!-- COMPONENTS --><\/p>\n<p class=\"voc-paragraph\">Este oto\u00f1o, <a href=\"https:\/\/www.mujerhoy.com\/vivir\/decoracion\/tendencias-decoracion-otono-2025-que-colores-se-llevan-estilo-casa-bonita-20250825133420-nt.html\" title=\"www.mujerhoy.com\" data-voc-vtm-id=\"in-text-traffic\" data-mrf-link=\"www.mujerhoy.com\">las tendencias deco<\/a> nos invitan a volver la mirada al pasado, a dejarnos llevar por los muebles cargados de historia que parecen sacados del desv\u00e1n de la abuela. La temporada se pinta de un verde calmado y acogedor y apuesta por la versatilidad de las <strong>piezas funcionales que se adaptan<\/strong> a nuestro espacio sin perder un \u00e1pice de elegancia.<\/p>\n<p class=\"voc-paragraph\">As\u00ed que, con ellas en mente, nos hemos puesto manos a la obra para redecorar nuestro hogar con el foco puesto en <strong>el sal\u00f3n comedor<\/strong> y hemos buscado entre las mejores ofertas de los <a href=\"https:\/\/www.mujerhoy.com\/vivir\/decoracion\/amazon-prime-day-mejores-ofertas-casa-cafetera-airfryer-baratas-muebles-jardin-20250708125513-nt.html\" title=\"www.mujerhoy.com\" data-voc-vtm-id=\"in-text-traffic\" data-mrf-link=\"www.mujerhoy.com\">Prime Days de Amazon<\/a>, que se celebran este 7 y 8 de octubre. Estos son nuestros favoritos para renovar nuestra casa con <strong>muebles buenos, bonitos y, sobre todo, baratos<\/strong>.<\/p>\n<div class=\"v-c-cmp v-c-cmp--t1 \">\n<div class=\"v-cmp-rld v-cmp-rld--2 \">\n<div class=\"v-cnt-m v-cnt-m--m\">\n<div class=\"v-cnt-m__c\">\n<div class=\"v-cnt-m__w v-cnt-m__w--1\">\n<p class=\"v-cnt-m__t\">\nTAMBI\u00c9N TE INTERESA\n<\/p>\n<\/div>\n<\/div>\n<\/div>\n<div class=\"v-g v-g--2-c v-g--bdr-min-xs\">\n<div class=\"v-g__c \">\n<article class=\"v-a v-a--cmp-rld v-a--cmp-rld-2 v-a--p-l\">\n<div class=\"v-a-img-c\">\n<figure class=\"v-a-fig\">\n<a href=\"https:\/\/www.mujerhoy.com\/vivir\/decoracion\/que-es-cesped-liquido-solucion-facil-rapida-plantar-jardin-bonito-como-se-usa-cuanto-cuesta-20251002131921-nt.html#vtm_modulosEngag=mod-rel:vivir:noticia:1:cmp:2-not\" class=\"v-a-link\" title=\"Qu\u00e9 es el c\u00e9sped l\u00edquido, la soluci\u00f3n m\u00e1s f\u00e1cil para mantener tu jard\u00edn verde y precioso en oto\u00f1o e invierno\"><br \/>\n<img loading=\"lazy\" class=\"v-a-img\" src=\"http:\/\/cordobainforma.info\/wp-content\/uploads\/2025\/10\/las-mejores-ofertas-en-muebles-de-los-amazon-prime-days-del-sofa-cama-para-salones-pequenos-a-la-mesa-extensible-mas-practica-1.jpg\" alt=\"Qu\u00e9 es el c\u00e9sped l\u00edquido, la soluci\u00f3n m\u00e1s f\u00e1cil para mantener tu jard\u00edn verde y precioso en oto\u00f1o e invierno\"><br \/>\n<\/a><br \/>\n<\/figure>\n<\/div>\n<\/article>\n<\/div>\n<div class=\"v-g__c \">\n<article class=\"v-a v-a--cmp-rld v-a--cmp-rld-2 v-a--p-l\">\n<div class=\"v-a-img-c\">\n<figure class=\"v-a-fig\">\n<a href=\"https:\/\/www.mujerhoy.com\/vivir\/decoracion\/truco-facil-orden-cambio-armario-usar-bolsos-capazos-como-organizadores-20250926150806-nt.html#vtm_modulosEngag=mod-rel:vivir:noticia:2:cmp:2-not\" class=\"v-a-link\" title=\"El truco definitivo para hacer el cambio de armario es usar tus capazos como cestas de almacenamiento\"><br \/>\n<img loading=\"lazy\" class=\"v-a-img\" src=\"http:\/\/cordobainforma.info\/wp-content\/uploads\/2025\/10\/las-mejores-ofertas-en-muebles-de-los-amazon-prime-days-del-sofa-cama-para-salones-pequenos-a-la-mesa-extensible-mas-practica-2.jpg\" alt=\"El truco definitivo para hacer el cambio de armario es usar tus capazos como cestas de almacenamiento\"><br \/>\n<\/a><br \/>\n<\/figure>\n<\/div>\n<\/article>\n<\/div>\n<\/div>\n<\/div>\n<\/div>\n<p><h3 class=\"v-cmp-suh\">\nLas mejores ofertas en muebles de los Amazon Prime Days<br \/>\n<\/h3>\n<\/p>\n<div class=\"v-c-cmp v-c-cmp--s\">\n<div class=\"v-cmp-m \">\n<article class=\"v-a v-a--cmp-m v-c-cmp--m-z\">\n<div class=\"v-a-img-c \">\n<div class=\"v-a-fig\">\n<button class=\"v-a-link\" popovertarget=\"photo-51\"><br \/>\n<img loading=\"lazy\" src=\"http:\/\/cordobainforma.info\/wp-content\/uploads\/2025\/10\/las-mejores-ofertas-en-muebles-de-los-amazon-prime-days-del-sofa-cama-para-salones-pequenos-a-la-mesa-extensible-mas-practica-3.jpg\" class=\"v-a-img\" width=\"650\" height=\"650\" alt=\"Mesa extensible de dise\u00f1o italiano rebajada a 690 euros.\" data-voc-vtm-id=\"in-text-traffic\"> <\/button><figcaption class=\"v-fc\">\n<span class=\"v-fc__t\"><br \/>\nMesa extensible de dise\u00f1o italiano rebajada a 690 euros.<br \/>\n<\/span><br \/>\n<\/figcaption><\/div>\n<\/div>\n<div id=\"photo-51\" popover class=\"v-mdl v-mdl--fw\">\n<button class=\"v-x\" popovertarget=\"photo-51\" popovertargetaction=\"hide\"><br \/>\n<span class=\"v-i\"><br \/>\n<svg width=\"24\" height=\"23.996\" viewBox=\"0 0 24 23.996\">\n<path data-name=\"Uni\u00f3n 29\" d=\"M12,14.03,2.031,24,0,21.963,9.968,12,0,2.033,2.031,0,12,9.966,21.969,0,24,2.033,14.032,12,24,21.963,21.969,24Z\" \/>\n<\/svg><br \/>\n<\/span><br \/>\n<\/button><\/p>\n<div class=\"v-mdl__c\">\n<div class=\"v-mdl__w\">\n<img loading=\"lazy\" src=\"http:\/\/cordobainforma.info\/wp-content\/uploads\/2025\/10\/las-mejores-ofertas-en-muebles-de-los-amazon-prime-days-del-sofa-cama-para-salones-pequenos-a-la-mesa-extensible-mas-practica-3.jpg\" class=\"v-mdl__img-z\" width=\"650\" height=\"650\" alt>\n<\/div>\n<\/div>\n<\/div>\n<p><span class=\"v-bdp\"><\/span><br \/>\n<\/article>\n<\/div>\n<\/div>\n<p class=\"voc-paragraph\">Elegante, atemporal, con un toque de dise\u00f1o sofisticado y sello made in Italy, esta mesa de madera r\u00fastica con patas cruzadas es perfecta para salones comedores elegantes en los que no queramos desperdiciar espacio. \u00bfSu truco? Es <strong>un modelo extensible<\/strong> que pasa de 6 a 10 comensales de forma r\u00e1pida y sencilla.<\/p>\n<div class=\"v-c-cmp v-c-cmp--s\">\n<div class=\"v-cmp-m \">\n<article class=\"v-a v-a--cmp-m v-c-cmp--m-z\">\n<div class=\"v-a-img-c \">\n<div class=\"v-a-fig\">\n<button class=\"v-a-link\" popovertarget=\"photo-57\"><br \/>\n<img loading=\"lazy\" src=\"http:\/\/cordobainforma.info\/wp-content\/uploads\/2025\/10\/las-mejores-ofertas-en-muebles-de-los-amazon-prime-days-del-sofa-cama-para-salones-pequenos-a-la-mesa-extensible-mas-practica-4.jpg\" class=\"v-a-img\" width=\"650\" height=\"650\" alt=\"Silla bistr\u00f3 rebajada a 50 euros.\" data-voc-vtm-id=\"in-text-traffic\"> <\/button><figcaption class=\"v-fc\">\n<span class=\"v-fc__t\"><br \/>\nSilla bistr\u00f3 rebajada a 50 euros.<br \/>\n<\/span><br \/>\n<\/figcaption><\/div>\n<\/div>\n<div id=\"photo-57\" popover class=\"v-mdl v-mdl--fw\">\n<button class=\"v-x\" popovertarget=\"photo-57\" popovertargetaction=\"hide\"><br \/>\n<span class=\"v-i\"><br \/>\n<svg width=\"24\" height=\"23.996\" viewBox=\"0 0 24 23.996\">\n<path data-name=\"Uni\u00f3n 29\" d=\"M12,14.03,2.031,24,0,21.963,9.968,12,0,2.033,2.031,0,12,9.966,21.969,0,24,2.033,14.032,12,24,21.963,21.969,24Z\" \/>\n<\/svg><br \/>\n<\/span><br \/>\n<\/button><\/p>\n<div class=\"v-mdl__c\">\n<div class=\"v-mdl__w\">\n<img loading=\"lazy\" src=\"http:\/\/cordobainforma.info\/wp-content\/uploads\/2025\/10\/las-mejores-ofertas-en-muebles-de-los-amazon-prime-days-del-sofa-cama-para-salones-pequenos-a-la-mesa-extensible-mas-practica-4.jpg\" class=\"v-mdl__img-z\" width=\"650\" height=\"650\" alt>\n<\/div>\n<\/div>\n<\/div>\n<p><span class=\"v-bdp\"><\/span><br \/>\n<\/article>\n<\/div>\n<\/div>\n<p class=\"voc-paragraph\">Con un dise\u00f1o cl\u00e1sico que no pasa de moda e inspirada en la N\u00ba14 Chair de August Thonet, el primer mueble que se fabric\u00f3 de forma industrial, esta <strong>silla de madera<\/strong> con detalle cruzado en el respaldo y asiento de rejilla de rat\u00e1n es perfecta para ponerle un toque retro chic a tu sal\u00f3n o cocina. Su estilo bistr\u00f3 est\u00e1 tambi\u00e9n disponible en blanco lacado, gris humo o en verde salvia. <\/p>\n<div class=\"v-c-cmp v-c-cmp--s\">\n<div class=\"v-cmp-m \">\n<article class=\"v-a v-a--cmp-m v-c-cmp--m-z\">\n<div class=\"v-a-img-c \">\n<div class=\"v-a-fig\">\n<button class=\"v-a-link\" popovertarget=\"photo-903\"><br \/>\n<img loading=\"lazy\" src=\"http:\/\/cordobainforma.info\/wp-content\/uploads\/2025\/10\/las-mejores-ofertas-en-muebles-de-los-amazon-prime-days-del-sofa-cama-para-salones-pequenos-a-la-mesa-extensible-mas-practica-5.jpg\" class=\"v-a-img\" width=\"650\" height=\"650\" alt=\"Sof\u00e1 cama rebajado a 253.77 euros.\" data-voc-vtm-id=\"in-text-traffic\"> <\/button><figcaption class=\"v-fc\">\n<span class=\"v-fc__t\"><br \/>\nSof\u00e1 cama rebajado a 253.77 euros.<br \/>\n<\/span><br \/>\n<\/figcaption><\/div>\n<\/div>\n<div id=\"photo-903\" popover class=\"v-mdl v-mdl--fw\">\n<button class=\"v-x\" popovertarget=\"photo-903\" popovertargetaction=\"hide\"><br \/>\n<span class=\"v-i\"><br \/>\n<svg width=\"24\" height=\"23.996\" viewBox=\"0 0 24 23.996\">\n<path data-name=\"Uni\u00f3n 29\" d=\"M12,14.03,2.031,24,0,21.963,9.968,12,0,2.033,2.031,0,12,9.966,21.969,0,24,2.033,14.032,12,24,21.963,21.969,24Z\" \/>\n<\/svg><br \/>\n<\/span><br \/>\n<\/button><\/p>\n<div class=\"v-mdl__c\">\n<div class=\"v-mdl__w\">\n<img loading=\"lazy\" src=\"http:\/\/cordobainforma.info\/wp-content\/uploads\/2025\/10\/las-mejores-ofertas-en-muebles-de-los-amazon-prime-days-del-sofa-cama-para-salones-pequenos-a-la-mesa-extensible-mas-practica-5.jpg\" class=\"v-mdl__img-z\" width=\"650\" height=\"650\" alt>\n<\/div>\n<\/div>\n<\/div>\n<p><span class=\"v-bdp\"><\/span><br \/>\n<\/article>\n<\/div>\n<\/div>\n<p class=\"voc-paragraph\">Los <strong>sof\u00e1s cama<\/strong> son nuestros mejores aliados para casas peque\u00f1as o para salones en los que queramos ganar en confort y comodidad. Por eso, este dise\u00f1o minimalista de tres plazas con estructura de madera y tapizado en gris antracita va a ser el mueble con truco perfecto en el que invertir en estos Prime Days de Amazon.<\/p>\n<div class=\"v-c-cmp v-c-cmp--s\">\n<div class=\"v-cmp-m \">\n<article class=\"v-a v-a--cmp-m v-c-cmp--m-z\">\n<div class=\"v-a-img-c \">\n<div class=\"v-a-fig\">\n<button class=\"v-a-link\" popovertarget=\"photo-306\"><br \/>\n<img loading=\"lazy\" src=\"http:\/\/cordobainforma.info\/wp-content\/uploads\/2025\/10\/las-mejores-ofertas-en-muebles-de-los-amazon-prime-days-del-sofa-cama-para-salones-pequenos-a-la-mesa-extensible-mas-practica-6.jpg\" class=\"v-a-img\" width=\"650\" height=\"650\" alt=\"Estanter\u00eda abierta rebajada a 71.99 euros.\" data-voc-vtm-id=\"in-text-traffic\"> <\/button><figcaption class=\"v-fc\">\n<span class=\"v-fc__t\"><br \/>\nEstanter\u00eda abierta rebajada a 71.99 euros.<br \/>\n<\/span><br \/>\n<\/figcaption><\/div>\n<\/div>\n<div id=\"photo-306\" popover class=\"v-mdl v-mdl--fw\">\n<button class=\"v-x\" popovertarget=\"photo-306\" popovertargetaction=\"hide\"><br \/>\n<span class=\"v-i\"><br \/>\n<svg width=\"24\" height=\"23.996\" viewBox=\"0 0 24 23.996\">\n<path data-name=\"Uni\u00f3n 29\" d=\"M12,14.03,2.031,24,0,21.963,9.968,12,0,2.033,2.031,0,12,9.966,21.969,0,24,2.033,14.032,12,24,21.963,21.969,24Z\" \/>\n<\/svg><br \/>\n<\/span><br \/>\n<\/button><\/p>\n<div class=\"v-mdl__c\">\n<div class=\"v-mdl__w\">\n<img loading=\"lazy\" src=\"http:\/\/cordobainforma.info\/wp-content\/uploads\/2025\/10\/las-mejores-ofertas-en-muebles-de-los-amazon-prime-days-del-sofa-cama-para-salones-pequenos-a-la-mesa-extensible-mas-practica-6.jpg\" class=\"v-mdl__img-z\" width=\"650\" height=\"650\" alt>\n<\/div>\n<\/div>\n<\/div>\n<p><span class=\"v-bdp\"><\/span><br \/>\n<\/article>\n<\/div>\n<\/div>\n<p class=\"voc-paragraph\">Los libros que tenemos en nuestra casa hablan de nosotros. Tambi\u00e9n los adornos y objetos personales que hay en nuestro hogar cuentan nuestra historia. Y, por eso, disponer de <strong>una librer\u00eda amplia y con gran capacidad<\/strong> de almacenaje como esta es una soluci\u00f3n perfecta no solo para decorar, tambi\u00e9n para imprimir personalidad a la estancia. <\/p>\n<div class=\"v-c-cmp v-c-cmp--s\">\n<div class=\"v-cmp-m \">\n<article class=\"v-a v-a--cmp-m v-c-cmp--m-z\">\n<div class=\"v-a-img-c \">\n<div class=\"v-a-fig\">\n<button class=\"v-a-link\" popovertarget=\"photo-167\"><br \/>\n<img loading=\"lazy\" src=\"http:\/\/cordobainforma.info\/wp-content\/uploads\/2025\/10\/las-mejores-ofertas-en-muebles-de-los-amazon-prime-days-del-sofa-cama-para-salones-pequenos-a-la-mesa-extensible-mas-practica-7.jpg\" class=\"v-a-img\" width=\"650\" height=\"650\" alt=\"El aparador est\u00e1 rebajado a 129.99 euros, el mueble de televisi\u00f3n cuesta 91.50 y la mesa auxiliar, 58.42 euros.\" data-voc-vtm-id=\"in-text-traffic\"> <\/button><figcaption class=\"v-fc\">\n<span class=\"v-fc__t\"><br \/>\nEl aparador est\u00e1 rebajado a 129.99 euros, el mueble de televisi\u00f3n cuesta 91.50 y la mesa auxiliar, 58.42 euros.<br \/>\n<\/span><br \/>\n<span class=\"v-fc__p\"><br \/>\nAmazon<br \/>\n<\/span><br \/>\n<\/figcaption><\/div>\n<\/div>\n<div id=\"photo-167\" popover class=\"v-mdl v-mdl--fw\">\n<button class=\"v-x\" popovertarget=\"photo-167\" popovertargetaction=\"hide\"><br \/>\n<span class=\"v-i\"><br \/>\n<svg width=\"24\" height=\"23.996\" viewBox=\"0 0 24 23.996\">\n<path data-name=\"Uni\u00f3n 29\" d=\"M12,14.03,2.031,24,0,21.963,9.968,12,0,2.033,2.031,0,12,9.966,21.969,0,24,2.033,14.032,12,24,21.963,21.969,24Z\" \/>\n<\/svg><br \/>\n<\/span><br \/>\n<\/button><\/p>\n<div class=\"v-mdl__c\">\n<div class=\"v-mdl__w\">\n<img loading=\"lazy\" src=\"http:\/\/cordobainforma.info\/wp-content\/uploads\/2025\/10\/las-mejores-ofertas-en-muebles-de-los-amazon-prime-days-del-sofa-cama-para-salones-pequenos-a-la-mesa-extensible-mas-practica-7.jpg\" class=\"v-mdl__img-z\" width=\"650\" height=\"650\" alt>\n<\/div>\n<\/div>\n<\/div>\n<p><span class=\"v-bdp\"><\/span><br \/>\n<\/article>\n<\/div>\n<\/div>\n<p class=\"voc-paragraph\">Para el sal\u00f3n, apostamos por renovar el mobiliario con este conjunto de aparador, mueble bajo de televisi\u00f3n y mesa auxiliar en madera natural con detalles en gris antracita. Un dise\u00f1o <strong>minimalista, funcional y que no pasa de moda<\/strong> que se puede comprar en pack o cada pieza por separado. <\/p>\n<div class=\"v-c-cmp v-c-cmp--s\">\n<div class=\"v-cmp-m \">\n<article class=\"v-a v-a--cmp-m v-c-cmp--m-z\">\n<div class=\"v-a-img-c \">\n<div class=\"v-a-fig\">\n<button class=\"v-a-link\" popovertarget=\"photo-184\"><br \/>\n<img loading=\"lazy\" src=\"http:\/\/cordobainforma.info\/wp-content\/uploads\/2025\/10\/las-mejores-ofertas-en-muebles-de-los-amazon-prime-days-del-sofa-cama-para-salones-pequenos-a-la-mesa-extensible-mas-practica-8.jpg\" class=\"v-a-img\" width=\"650\" height=\"650\" alt=\"Mueble de televisi\u00f3n rebajado a 73.99 euros.\" data-voc-vtm-id=\"in-text-traffic\"> <\/button><figcaption class=\"v-fc\">\n<span class=\"v-fc__t\"><br \/>\nMueble de televisi\u00f3n rebajado a 73.99 euros.<br \/>\n<\/span><br \/>\n<\/figcaption><\/div>\n<\/div>\n<div id=\"photo-184\" popover class=\"v-mdl v-mdl--fw\">\n<button class=\"v-x\" popovertarget=\"photo-184\" popovertargetaction=\"hide\"><br \/>\n<span class=\"v-i\"><br \/>\n<svg width=\"24\" height=\"23.996\" viewBox=\"0 0 24 23.996\">\n<path data-name=\"Uni\u00f3n 29\" d=\"M12,14.03,2.031,24,0,21.963,9.968,12,0,2.033,2.031,0,12,9.966,21.969,0,24,2.033,14.032,12,24,21.963,21.969,24Z\" \/>\n<\/svg><br \/>\n<\/span><br \/>\n<\/button><\/p>\n<div class=\"v-mdl__c\">\n<div class=\"v-mdl__w\">\n<img loading=\"lazy\" src=\"http:\/\/cordobainforma.info\/wp-content\/uploads\/2025\/10\/las-mejores-ofertas-en-muebles-de-los-amazon-prime-days-del-sofa-cama-para-salones-pequenos-a-la-mesa-extensible-mas-practica-8.jpg\" class=\"v-mdl__img-z\" width=\"650\" height=\"650\" alt>\n<\/div>\n<\/div>\n<\/div>\n<p><span class=\"v-bdp\"><\/span><br \/>\n<\/article>\n<\/div>\n<\/div>\n<p class=\"voc-paragraph\">Para un sal\u00f3n de estilo r\u00fastico en el que queramos marcar la diferencia con un toque retro e industrial, este <strong>mueble en madera envejecida<\/strong> con detalles en acero visto es perfecto. Con un ancho de 120 cent\u00edmtros y un fondo de 40, tiene dos cajones con almacenaje y sirve para televisiones de hasta 55 pulgadas.<\/p>\n<div class=\"v-c-cmp v-c-cmp--s\">\n<div class=\"v-cmp-m \">\n<article class=\"v-a v-a--cmp-m v-c-cmp--m-z\">\n<div class=\"v-a-img-c \">\n<div class=\"v-a-fig\">\n<button class=\"v-a-link\" popovertarget=\"photo-675\"><br \/>\n<img loading=\"lazy\" src=\"http:\/\/cordobainforma.info\/wp-content\/uploads\/2025\/10\/las-mejores-ofertas-en-muebles-de-los-amazon-prime-days-del-sofa-cama-para-salones-pequenos-a-la-mesa-extensible-mas-practica-9.jpg\" class=\"v-a-img\" width=\"650\" height=\"650\" alt=\"C\u00f3moda aparador rebajada a 71.99 euros.\" data-voc-vtm-id=\"in-text-traffic\"> <\/button><figcaption class=\"v-fc\">\n<span class=\"v-fc__t\"><br \/>\nC\u00f3moda aparador rebajada a 71.99 euros.<br \/>\n<\/span><br \/>\n<\/figcaption><\/div>\n<\/div>\n<div id=\"photo-675\" popover class=\"v-mdl v-mdl--fw\">\n<button class=\"v-x\" popovertarget=\"photo-675\" popovertargetaction=\"hide\"><br \/>\n<span class=\"v-i\"><br \/>\n<svg width=\"24\" height=\"23.996\" viewBox=\"0 0 24 23.996\">\n<path data-name=\"Uni\u00f3n 29\" d=\"M12,14.03,2.031,24,0,21.963,9.968,12,0,2.033,2.031,0,12,9.966,21.969,0,24,2.033,14.032,12,24,21.963,21.969,24Z\" \/>\n<\/svg><br \/>\n<\/span><br \/>\n<\/button><\/p>\n<div class=\"v-mdl__c\">\n<div class=\"v-mdl__w\">\n<img loading=\"lazy\" src=\"http:\/\/cordobainforma.info\/wp-content\/uploads\/2025\/10\/las-mejores-ofertas-en-muebles-de-los-amazon-prime-days-del-sofa-cama-para-salones-pequenos-a-la-mesa-extensible-mas-practica-9.jpg\" class=\"v-mdl__img-z\" width=\"650\" height=\"650\" alt>\n<\/div>\n<\/div>\n<\/div>\n<p><span class=\"v-bdp\"><\/span><br \/>\n<\/article>\n<\/div>\n<\/div>\n<p class=\"voc-paragraph\">Por \u00faltimo, si buscas un <strong>mueble multifunci\u00f3n elegante y atemporal<\/strong> que encaje en cualquier estancia de tu hogar, hemos encontrado la mejor opci\u00f3n. En madera lacada en blanco con tapa oscura en contraste, esta c\u00f3moda-aparador quedar\u00e1 igual de bien en el sal\u00f3n, en el recibidor, en el comedor, en la cocina e, incluso, en el dormitorio.<\/p>\n<div class=\"v-c-cmp v-c-cmp--t1 \">\n<div class=\"v-cmp-rld v-cmp-rld--2 \">\n<div class=\"v-cnt-m v-cnt-m--m\">\n<div class=\"v-cnt-m__c\">\n<div class=\"v-cnt-m__w v-cnt-m__w--1\">\n<p class=\"v-cnt-m__t\">\nTAMBI\u00c9N TE INTERESA\n<\/p>\n<\/div>\n<\/div>\n<\/div>\n<div class=\"v-g v-g--2-c v-g--bdr-min-xs\">\n<div class=\"v-g__c \">\n<article class=\"v-a v-a--cmp-rld v-a--cmp-rld-2 v-a--p-l\">\n<div class=\"v-a-img-c\">\n<figure class=\"v-a-fig\">\n<a href=\"https:\/\/www.mujerhoy.com\/vivir\/decoracion\/mercadillo-antiguedades-navacerrada-muebles-segunda-mano-baratos-donde-cuando-es-horario-20251004150330-nt.html#vtm_modulosEngag=mod-rel:vivir:noticia:1:cmp:2-not\" class=\"v-a-link\" title=\"Las joyas deco del mercadillo de antig\u00fcedades de Navacerrada, el mejor rastro de muebles de segunda mano de Madrid\"><br \/>\n<img loading=\"lazy\" class=\"v-a-img\" src=\"http:\/\/cordobainforma.info\/wp-content\/uploads\/2025\/10\/las-mejores-ofertas-en-muebles-de-los-amazon-prime-days-del-sofa-cama-para-salones-pequenos-a-la-mesa-extensible-mas-practica-10.jpg\" alt=\"Las joyas deco del mercadillo de antig\u00fcedades de Navacerrada, el mejor rastro de muebles de segunda mano de Madrid\"><br \/>\n<\/a><br \/>\n<\/figure>\n<\/div>\n<\/article>\n<\/div>\n<div class=\"v-g__c \">\n<article class=\"v-a v-a--cmp-rld v-a--cmp-rld-2 v-a--p-l\">\n<div class=\"v-a-img-c\">\n<figure class=\"v-a-fig\">\n<a href=\"https:\/\/www.mujerhoy.com\/vivir\/decoracion\/muebles-ikea-mitad-precio-mejor-mercadillo-decoracion-segunda-mano-madrid-20250929141047-nt.html#vtm_modulosEngag=mod-rel:vivir:noticia:2:cmp:2-not\" class=\"v-a-link\" title=\"Muebles de IKEA a mitad de precio y deco de las pel\u00edculas de Netflix: el mercadillo que arrasa en Madrid\"><br \/>\n<img loading=\"lazy\" class=\"v-a-img\" src=\"http:\/\/cordobainforma.info\/wp-content\/uploads\/2025\/10\/las-mejores-ofertas-en-muebles-de-los-amazon-prime-days-del-sofa-cama-para-salones-pequenos-a-la-mesa-extensible-mas-practica-11.jpg\" alt=\"Muebles de IKEA a mitad de precio y deco de las pel\u00edculas de Netflix: el mercadillo que arrasa en Madrid\"><br \/>\n<\/a><br \/>\n<\/figure>\n<\/div>\n<\/article>\n<\/div>\n<\/div>\n<\/div>\n<\/div>\n","protected":false},"excerpt":{"rendered":"<p>Ana Calvo Publicado \u00b7 6 de octubre de 2025, 17:21 h Este oto\u00f1o, las tendencias deco nos invitan a volver la mirada al pasado, a dejarnos llevar por los muebles cargados de historia que parecen sacados del desv\u00e1n de la abuela. La temporada se pinta de un verde calmado y acogedor y apuesta por la [&hellip;]<\/p>\n","protected":false},"author":1,"featured_media":170741,"comment_status":"open","ping_status":"closed","sticky":false,"template":"","format":"standard","meta":[],"categories":[18],"tags":[],"_links":{"self":[{"href":"http:\/\/cordobainforma.info\/index.php\/wp-json\/wp\/v2\/posts\/170740"}],"collection":[{"href":"http:\/\/cordobainforma.info\/index.php\/wp-json\/wp\/v2\/posts"}],"about":[{"href":"http:\/\/cordobainforma.info\/index.php\/wp-json\/wp\/v2\/types\/post"}],"author":[{"embeddable":true,"href":"http:\/\/cordobainforma.info\/index.php\/wp-json\/wp\/v2\/users\/1"}],"replies":[{"embeddable":true,"href":"http:\/\/cordobainforma.info\/index.php\/wp-json\/wp\/v2\/comments?post=170740"}],"version-history":[{"count":0,"href":"http:\/\/cordobainforma.info\/index.php\/wp-json\/wp\/v2\/posts\/170740\/revisions"}],"wp:featuredmedia":[{"embeddable":true,"href":"http:\/\/cordobainforma.info\/index.php\/wp-json\/wp\/v2\/media\/170741"}],"wp:attachment":[{"href":"http:\/\/cordobainforma.info\/index.php\/wp-json\/wp\/v2\/media?parent=170740"}],"wp:term":[{"taxonomy":"category","embeddable":true,"href":"http:\/\/cordobainforma.info\/index.php\/wp-json\/wp\/v2\/categories?post=170740"},{"taxonomy":"post_tag","embeddable":true,"href":"http:\/\/cordobainforma.info\/index.php\/wp-json\/wp\/v2\/tags?post=170740"}],"curies":[{"name":"wp","href":"https:\/\/api.w.org\/{rel}","templated":true}]}}