{"id":170729,"date":"2025-10-06T13:55:02","date_gmt":"2025-10-06T13:55:02","guid":{"rendered":"https:\/\/somoscordobeses.com\/2025\/10\/06\/rtve-y-lasexta-se-vuelcan-con-su-cobertura-y-preparan-especiales-desde-gaza-en-el-segundo-aniversario-de-los-ataques-de-hamas\/"},"modified":"2025-10-06T13:55:02","modified_gmt":"2025-10-06T13:55:02","slug":"rtve-y-lasexta-se-vuelcan-con-su-cobertura-y-preparan-especiales-desde-gaza-en-el-segundo-aniversario-de-los-ataques-de-hamas","status":"publish","type":"post","link":"http:\/\/cordobainforma.info\/index.php\/2025\/10\/06\/rtve-y-lasexta-se-vuelcan-con-su-cobertura-y-preparan-especiales-desde-gaza-en-el-segundo-aniversario-de-los-ataques-de-hamas\/","title":{"rendered":"RTVE y laSexta se vuelcan con su cobertura y preparan especiales desde Gaza en el segundo aniversario de los ataques de Ham\u00e1s"},"content":{"rendered":"<div><img src=\"http:\/\/cordobainforma.info\/wp-content\/uploads\/2025\/10\/rtve-y-lasexta-se-vuelcan-con-su-cobertura-y-preparan-especiales-desde-gaza-en-el-segundo-aniversario-de-los-ataques-de-hamas.jpg\" class=\"ff-og-image-inserted\"><\/div>\n<p>Dos a\u00f1os despu\u00e9s de los ataques de Ham\u00e1s que reactivaron el conflicto en Oriente Medio, RTVE y laSexta preparan una cobertura informativa sin precedentes. Con los bombardeos israel\u00edes sobre la Franja a\u00fan activos y una crisis humanitaria que Naciones Unidas define ya como \u201cinsostenible\u201d, ambas cadenas han programado especiales y conexiones en directo para analizar la situaci\u00f3n sobre el terreno.<\/p>\n<p>En el caso de la radiotelevisi\u00f3n p\u00fablica, los Servicios Informativos de TVE dedicar\u00e1n este martes 7 de octubre una programaci\u00f3n reforzada a trav\u00e9s del Canal 24 horas y el&nbsp;\u2018Telediario\u2019. La periodista Pepa Bueno se desplazar\u00e1 a Ramala (Cisjordania), el \u00fanico territorio palestino con acceso autorizado a la prensa internacional, desde donde recoger\u00e1 los testimonios de la poblaci\u00f3n civil que sufre las consecuencias del asedio israel\u00ed. Tambi\u00e9n estar\u00e1n presentes Marc Campdelacreu, corresponsal en Tel Aviv, cubriendo los actos en recuerdo a los rehenes israel\u00edes, e \u00cd\u00f1igo Herraiz como enviado especial para completar la cobertura con an\u00e1lisis y contexto.<\/p>\n<p>La p\u00fablica ampliar\u00e1 su apuesta documental con dos grandes producciones. El martes,&nbsp;\u2018En Portada\u2019&nbsp;regresar\u00e1 a La 2 con&nbsp;\u00abGaza: Expediente Genocidio\u00bb, una investigaci\u00f3n que aborda las pruebas presentadas por Sud\u00e1frica ante la Corte Internacional de Justicia para imputar a Israel por delitos de genocidio. Y el mi\u00e9rcoles 8,&nbsp;\u2018Documentos TV\u2019&nbsp;estrenar\u00e1&nbsp;\u00abNetanyahu, \u00bfcr\u00edmenes y castigos?\u00bb, un trabajo que examina las acusaciones de cr\u00edmenes de guerra y contra la humanidad contra el primer ministro israel\u00ed y su c\u00fapula militar.<\/p>\n<p>Por su parte, laSexta emitir\u00e1 este lunes 6 de octubre un especial de&nbsp;\u2018El Objetivo\u2019 por Gaza, con Ana Pastor al frente. El programa, que ocupar\u00e1 el prime time a las 22:45 horas, contar\u00e1 con entrevistas a familiares de los secuestrados por Ham\u00e1s, activistas jud\u00edos que denuncian la ofensiva israel\u00ed y trabajadores humanitarios espa\u00f1oles asentados en los territorios ocupados. El espacio podr\u00e1 verse tambi\u00e9n fuera de Espa\u00f1a a trav\u00e9s de Atresplayer Internacional.<\/p>\n","protected":false},"excerpt":{"rendered":"<p>Dos a\u00f1os despu\u00e9s de los ataques de Ham\u00e1s que reactivaron el conflicto en Oriente Medio, RTVE y laSexta preparan una cobertura informativa sin precedentes. Con los bombardeos israel\u00edes sobre la Franja a\u00fan activos y una crisis humanitaria que Naciones Unidas define ya como \u201cinsostenible\u201d, ambas cadenas han programado especiales y conexiones en directo para analizar [&hellip;]<\/p>\n","protected":false},"author":1,"featured_media":170730,"comment_status":"closed","ping_status":"closed","sticky":false,"template":"","format":"standard","meta":[],"categories":[2],"tags":[],"_links":{"self":[{"href":"http:\/\/cordobainforma.info\/index.php\/wp-json\/wp\/v2\/posts\/170729"}],"collection":[{"href":"http:\/\/cordobainforma.info\/index.php\/wp-json\/wp\/v2\/posts"}],"about":[{"href":"http:\/\/cordobainforma.info\/index.php\/wp-json\/wp\/v2\/types\/post"}],"author":[{"embeddable":true,"href":"http:\/\/cordobainforma.info\/index.php\/wp-json\/wp\/v2\/users\/1"}],"replies":[{"embeddable":true,"href":"http:\/\/cordobainforma.info\/index.php\/wp-json\/wp\/v2\/comments?post=170729"}],"version-history":[{"count":0,"href":"http:\/\/cordobainforma.info\/index.php\/wp-json\/wp\/v2\/posts\/170729\/revisions"}],"wp:featuredmedia":[{"embeddable":true,"href":"http:\/\/cordobainforma.info\/index.php\/wp-json\/wp\/v2\/media\/170730"}],"wp:attachment":[{"href":"http:\/\/cordobainforma.info\/index.php\/wp-json\/wp\/v2\/media?parent=170729"}],"wp:term":[{"taxonomy":"category","embeddable":true,"href":"http:\/\/cordobainforma.info\/index.php\/wp-json\/wp\/v2\/categories?post=170729"},{"taxonomy":"post_tag","embeddable":true,"href":"http:\/\/cordobainforma.info\/index.php\/wp-json\/wp\/v2\/tags?post=170729"}],"curies":[{"name":"wp","href":"https:\/\/api.w.org\/{rel}","templated":true}]}}