{"id":170727,"date":"2025-10-06T15:57:32","date_gmt":"2025-10-06T15:57:32","guid":{"rendered":"https:\/\/somoscordobeses.com\/2025\/10\/06\/ingedeca-proyectos-obras-y-servicios-acometera-la-remodelacion-del-centro-civico-de-la-fuensanta\/"},"modified":"2025-10-06T15:57:32","modified_gmt":"2025-10-06T15:57:32","slug":"ingedeca-proyectos-obras-y-servicios-acometera-la-remodelacion-del-centro-civico-de-la-fuensanta","status":"publish","type":"post","link":"http:\/\/cordobainforma.info\/index.php\/2025\/10\/06\/ingedeca-proyectos-obras-y-servicios-acometera-la-remodelacion-del-centro-civico-de-la-fuensanta\/","title":{"rendered":"Ingedeca Proyectos, Obras y Servicios acometer\u00e1 la remodelaci\u00f3n del centro c\u00edvico de la Fuensanta"},"content":{"rendered":"<div><img src=\"http:\/\/cordobainforma.info\/wp-content\/uploads\/2025\/10\/ingedeca-proyectos-obras-y-servicios-acometera-la-remodelacion-del-centro-civico-de-la-fuensanta.jpg\" class=\"ff-og-image-inserted\"><\/div>\n<p>La junta de gobierno local adjudic\u00f3 este lunes la contrataci\u00f3n de la obra para <strong>la remodelaci\u00f3n de espacios, sustituci\u00f3n de techos y luminarias en el <\/strong><strong>centro<\/strong><strong> c\u00edvico municipal <\/strong>Fuensanta a la empresa<strong> Ingedeca Proyectos, Obras y Servicios SL <\/strong>por un importe de 223.034 euros m\u00e1s 46.837,14 euros del 21% IVA, en total <strong>269.871,14 euros<\/strong> a la empresa y un aumento del plazo de garant\u00eda de 36 meses sobre el m\u00ednimo establecido de un a\u00f1o. El plazo de ejecuci\u00f3n del contrato ser\u00e1 de 4 meses, a contar desde la firma del acta de replanteo y no ser\u00e1 susceptible de pr\u00f3rrogas.<\/p>\n<p>En concreto, la Delegaci\u00f3n de Infraestructuras del Ayuntamiento de C\u00f3rdoba tiene previsto realizar una remodelaci\u00f3n de los espacios del centro c\u00edvico para dotar al mismo de <strong>mejores dependencias para los servicios Sociales Comunitarios, <\/strong>la mejora de la funcionalidad de determinados espacios par uso combinado de colectivos ciudadanos (j\u00f3venes, mayores, reuniones de vecinos),<strong> mejorar y reforzar la seguridad en el puesto de trabajo <\/strong>tanto para el personal t\u00e9cnico de Servicios Sociales y del personal ordenanza, mejorando espacios donde desarrollan su trabajo. Para ello, se va a realizar una reorganizaci\u00f3n de las zonas de biblioteca, recibidor, ludoteca, sala de lectura, as\u00ed como la instalaci\u00f3n de <strong>nuevas ventilaciones en algunas salas y la mejora de eficiencia energ\u00e9tica<\/strong> con nuevas luminarias de tecnolog\u00eda LED en todas los espacios.<\/p>\n<p>La idea es realizar estos trabajados coordinandos en el tiempo con el contrato de para el suministro e instalaci\u00f3n del sistema de refrigeraci\u00f3n y calefacci\u00f3n para el centro c\u00edvico municipal, cuya formalizaci\u00f3n se realiz\u00f3 a finales de agosto.<\/p>\n","protected":false},"excerpt":{"rendered":"<p>La junta de gobierno local adjudic\u00f3 este lunes la contrataci\u00f3n de la obra para la remodelaci\u00f3n de espacios, sustituci\u00f3n de techos y luminarias en el centro c\u00edvico municipal Fuensanta a la empresa Ingedeca Proyectos, Obras y Servicios SL por un importe de 223.034 euros m\u00e1s 46.837,14 euros del 21% IVA, en total 269.871,14 euros a [&hellip;]<\/p>\n","protected":false},"author":1,"featured_media":170728,"comment_status":"closed","ping_status":"closed","sticky":false,"template":"","format":"standard","meta":[],"categories":[2],"tags":[],"_links":{"self":[{"href":"http:\/\/cordobainforma.info\/index.php\/wp-json\/wp\/v2\/posts\/170727"}],"collection":[{"href":"http:\/\/cordobainforma.info\/index.php\/wp-json\/wp\/v2\/posts"}],"about":[{"href":"http:\/\/cordobainforma.info\/index.php\/wp-json\/wp\/v2\/types\/post"}],"author":[{"embeddable":true,"href":"http:\/\/cordobainforma.info\/index.php\/wp-json\/wp\/v2\/users\/1"}],"replies":[{"embeddable":true,"href":"http:\/\/cordobainforma.info\/index.php\/wp-json\/wp\/v2\/comments?post=170727"}],"version-history":[{"count":0,"href":"http:\/\/cordobainforma.info\/index.php\/wp-json\/wp\/v2\/posts\/170727\/revisions"}],"wp:featuredmedia":[{"embeddable":true,"href":"http:\/\/cordobainforma.info\/index.php\/wp-json\/wp\/v2\/media\/170728"}],"wp:attachment":[{"href":"http:\/\/cordobainforma.info\/index.php\/wp-json\/wp\/v2\/media?parent=170727"}],"wp:term":[{"taxonomy":"category","embeddable":true,"href":"http:\/\/cordobainforma.info\/index.php\/wp-json\/wp\/v2\/categories?post=170727"},{"taxonomy":"post_tag","embeddable":true,"href":"http:\/\/cordobainforma.info\/index.php\/wp-json\/wp\/v2\/tags?post=170727"}],"curies":[{"name":"wp","href":"https:\/\/api.w.org\/{rel}","templated":true}]}}