{"id":170725,"date":"2025-10-06T15:46:15","date_gmt":"2025-10-06T15:46:15","guid":{"rendered":"https:\/\/cordobainforma.info\/index.php\/2025\/10\/06\/a-menos-de-tres-semanas-de-las-elecciones-milei-prepara-su-desembarco-en-chaco\/"},"modified":"2025-10-06T15:46:15","modified_gmt":"2025-10-06T15:46:15","slug":"a-menos-de-tres-semanas-de-las-elecciones-milei-prepara-su-desembarco-en-chaco","status":"publish","type":"post","link":"http:\/\/cordobainforma.info\/index.php\/2025\/10\/06\/a-menos-de-tres-semanas-de-las-elecciones-milei-prepara-su-desembarco-en-chaco\/","title":{"rendered":"A menos de tres semanas de las elecciones, Milei prepara su desembarco en Chaco"},"content":{"rendered":"<div class=\"media_block\"><\/div>\n<div><img src=\"http:\/\/cordobainforma.info\/wp-content\/uploads\/2025\/10\/a-menos-de-tres-semanas-de-las-elecciones-milei-prepara-su-desembarco-en-chaco.jpg\" class=\"ff-og-image-inserted\"><\/div>\n<p>Con el cron\u00f3metro electoral en cuenta regresiva, el presidente <strong>Javier Milei<\/strong> planea aterrizar el pr\u00f3ximo <strong>s\u00e1bado en la provincia del Chaco<\/strong> como parte de una intensa gira nacional previa a las elecciones legislativas. La visita, que a\u00fan no fue confirmada oficialmente por Casa Rosada, tiene un <strong>90% de probabilidad<\/strong>, seg\u00fan adelantaron fuentes del oficialismo provincial.<\/p>\n<p>El paso de Milei por suelo chaque\u00f1o se dar\u00e1 en el marco de un recorrido por <strong>cinco distritos clave<\/strong> que marcar\u00e1n el tramo final de la campa\u00f1a. La primera escala ser\u00e1 el <strong>martes en Mar del Plata<\/strong>, donde participar\u00e1 de la inauguraci\u00f3n de una planta junto al intendente <strong>Guillermo Montenegro<\/strong>, uno de los nombres que suena para integrar el Gabinete en caso de una reestructuraci\u00f3n tras los comicios. El <strong>jueves<\/strong>, en tanto, el mandatario se trasladar\u00e1 a <strong>Mendoza<\/strong> para asistir a un almuerzo de la <strong>C\u00e1mara de Comercio de San Rafael<\/strong>, actividad impulsada por el gobernador <strong>Alfredo Cornejo<\/strong>.<\/p>\n<p>Luego de esos compromisos, el libertario tiene previsto arribar al <strong>noreste argentino<\/strong> con actos en <strong>Chaco y Corrientes<\/strong>. Ser\u00e1 la <strong>segunda visita de Milei a la provincia<\/strong> desde que asumi\u00f3 la presidencia: la primera fue en julio, cuando particip\u00f3 de la inauguraci\u00f3n del templo evang\u00e9lico <em>Portal del Cielo<\/em> en Resistencia.<\/p>\n<p>La llegada del jefe de Estado ocurre en un contexto pol\u00edtico complejo: mientras el <strong>Senado analiza los DNU y las facultades delegadas<\/strong>, el oficialismo enfrenta tensiones internas tras el quiebre con <strong>Jos\u00e9 Luis Espert<\/strong> y la volatilidad cambiaria. En este escenario, la estrategia de La Libertad Avanza apunta a <strong>reforzar el contacto directo con el electorado en el interior<\/strong> y respaldar a los candidatos que competir\u00e1n el 27 de octubre.<\/p>\n<p>En el caso del Chaco, la lista oficialista est\u00e1 encabezada por <strong>Juan Cruz Godoy<\/strong> y <strong>Silvana Schneider<\/strong> para el Senado, y por <strong>Mercedes Goit\u00eda, Guillermo Ag\u00fcero, Glenda Seifert y Marcos Pastori<\/strong> para Diputados. Aunque todav\u00eda no se confirm\u00f3 el itinerario de la visita presidencial ni si incluir\u00e1 recorridas por el interior, la expectativa crece en torno a lo que ser\u00e1 <strong>una de las \u00faltimas apariciones p\u00fablicas de Milei antes de las urnas<\/strong>.<\/p>\n<div class=\"article__tags\">\n<p>En esta Nota<\/p>\n<\/p><\/div>\n","protected":false},"excerpt":{"rendered":"<p>Con el cron\u00f3metro electoral en cuenta regresiva, el presidente Javier Milei planea aterrizar el pr\u00f3ximo s\u00e1bado en la provincia del Chaco como parte de una intensa gira nacional previa a las elecciones legislativas. La visita, que a\u00fan no fue confirmada oficialmente por Casa Rosada, tiene un 90% de probabilidad, seg\u00fan adelantaron fuentes del oficialismo provincial. [&hellip;]<\/p>\n","protected":false},"author":1,"featured_media":170726,"comment_status":"closed","ping_status":"closed","sticky":false,"template":"","format":"standard","meta":[],"categories":[2],"tags":[],"_links":{"self":[{"href":"http:\/\/cordobainforma.info\/index.php\/wp-json\/wp\/v2\/posts\/170725"}],"collection":[{"href":"http:\/\/cordobainforma.info\/index.php\/wp-json\/wp\/v2\/posts"}],"about":[{"href":"http:\/\/cordobainforma.info\/index.php\/wp-json\/wp\/v2\/types\/post"}],"author":[{"embeddable":true,"href":"http:\/\/cordobainforma.info\/index.php\/wp-json\/wp\/v2\/users\/1"}],"replies":[{"embeddable":true,"href":"http:\/\/cordobainforma.info\/index.php\/wp-json\/wp\/v2\/comments?post=170725"}],"version-history":[{"count":0,"href":"http:\/\/cordobainforma.info\/index.php\/wp-json\/wp\/v2\/posts\/170725\/revisions"}],"wp:featuredmedia":[{"embeddable":true,"href":"http:\/\/cordobainforma.info\/index.php\/wp-json\/wp\/v2\/media\/170726"}],"wp:attachment":[{"href":"http:\/\/cordobainforma.info\/index.php\/wp-json\/wp\/v2\/media?parent=170725"}],"wp:term":[{"taxonomy":"category","embeddable":true,"href":"http:\/\/cordobainforma.info\/index.php\/wp-json\/wp\/v2\/categories?post=170725"},{"taxonomy":"post_tag","embeddable":true,"href":"http:\/\/cordobainforma.info\/index.php\/wp-json\/wp\/v2\/tags?post=170725"}],"curies":[{"name":"wp","href":"https:\/\/api.w.org\/{rel}","templated":true}]}}