{"id":170723,"date":"2025-10-06T11:15:19","date_gmt":"2025-10-06T11:15:19","guid":{"rendered":"https:\/\/cordoba.gob.ar\/?p=81841"},"modified":"2025-10-06T11:15:19","modified_gmt":"2025-10-06T11:15:19","slug":"la-municipalidad-se-suma-a-la-campana-cuidar-tu-boca-es-cuidar-tu-salud","status":"publish","type":"post","link":"http:\/\/cordobainforma.info\/index.php\/2025\/10\/06\/la-municipalidad-se-suma-a-la-campana-cuidar-tu-boca-es-cuidar-tu-salud\/","title":{"rendered":"La Municipalidad se suma a la campa\u00f1a \u201cCuidar tu boca, es cuidar tu salud\u201d"},"content":{"rendered":"<div><img src=\"http:\/\/cordobainforma.info\/wp-content\/uploads\/2025\/10\/la-municipalidad-se-suma-a-la-campana-cuidar-tu-boca-es-cuidar-tu-salud.jpg\" class=\"ff-og-image-inserted\"><\/div>\n<p>A lo largo del mes de octubre el municipio junto a la Provincia, universidades e instituciones, se suma a la campa\u00f1a de Salud Bucal \u201cCuidar tu boca, es cuidar tu salud\u201d.<\/p>\n<p>En cada uno de los espacios, y desde las 09:00 horas, el equipo odontol\u00f3gico municipal trabajar\u00e1 con los vecinos sobre prevenci\u00f3n, promoci\u00f3n y ense\u00f1anza de higiene bucal, como tambi\u00e9n t\u00e9cnicas de cepillado y alimentaci\u00f3n saludable para ni\u00f1os y adolescentes.<\/p>\n<p>Realizar\u00e1n restauraciones de dientes o tejido bucal que ha sufrido una lesi\u00f3n grave por un golpe o accidente, aportar\u00e1n conocimientos sobre t\u00e9cnicas de higiene oral, otorgar\u00e1n certificados de boca sana y,en caso de ser necesario, se realizan las correspondientes derivaciones.<\/p>\n<p>El equipo odontol\u00f3gico estar\u00e1 en:<\/p>\n<ul>\n<li>Martes 7 de octubre, Centro Vecinal Barrio Obrero.<\/li>\n<li>Jueves 9 de octubre, Centro Vecinal Villa Avalos.<\/li>\n<li>Martes 14 de octubre, Centro Vecinal Los Granados<\/li>\n<li>Jueves 16 de octubre, Centro Vecinal Las Violetas<\/li>\n<li>Viernes 17 de octubre, Zona sanitaria 6, Arguello.<\/li>\n<li>Martes 21 de octubre, Centro Vecinal Villa Paez.<\/li>\n<li>Jueves 23 de octubre, Centro Vecinal Los Pl\u00e1tanos.<\/li>\n<\/ul>\n","protected":false},"excerpt":{"rendered":"<p>A lo largo del mes de octubre el municipio junto a la Provincia, universidades e instituciones, se suma a la campa\u00f1a de Salud Bucal \u201cCuidar tu boca, es cuidar tu salud\u201d. En cada uno de los espacios, y desde las 09:00 horas, el equipo odontol\u00f3gico municipal trabajar\u00e1 con los vecinos sobre prevenci\u00f3n, promoci\u00f3n y ense\u00f1anza [&hellip;]<\/p>\n","protected":false},"author":1,"featured_media":170724,"comment_status":"closed","ping_status":"closed","sticky":false,"template":"","format":"standard","meta":[],"categories":[2],"tags":[],"_links":{"self":[{"href":"http:\/\/cordobainforma.info\/index.php\/wp-json\/wp\/v2\/posts\/170723"}],"collection":[{"href":"http:\/\/cordobainforma.info\/index.php\/wp-json\/wp\/v2\/posts"}],"about":[{"href":"http:\/\/cordobainforma.info\/index.php\/wp-json\/wp\/v2\/types\/post"}],"author":[{"embeddable":true,"href":"http:\/\/cordobainforma.info\/index.php\/wp-json\/wp\/v2\/users\/1"}],"replies":[{"embeddable":true,"href":"http:\/\/cordobainforma.info\/index.php\/wp-json\/wp\/v2\/comments?post=170723"}],"version-history":[{"count":0,"href":"http:\/\/cordobainforma.info\/index.php\/wp-json\/wp\/v2\/posts\/170723\/revisions"}],"wp:featuredmedia":[{"embeddable":true,"href":"http:\/\/cordobainforma.info\/index.php\/wp-json\/wp\/v2\/media\/170724"}],"wp:attachment":[{"href":"http:\/\/cordobainforma.info\/index.php\/wp-json\/wp\/v2\/media?parent=170723"}],"wp:term":[{"taxonomy":"category","embeddable":true,"href":"http:\/\/cordobainforma.info\/index.php\/wp-json\/wp\/v2\/categories?post=170723"},{"taxonomy":"post_tag","embeddable":true,"href":"http:\/\/cordobainforma.info\/index.php\/wp-json\/wp\/v2\/tags?post=170723"}],"curies":[{"name":"wp","href":"https:\/\/api.w.org\/{rel}","templated":true}]}}