{"id":170710,"date":"2025-10-06T14:08:22","date_gmt":"2025-10-06T14:08:22","guid":{"rendered":"http:\/\/cordobainforma.info\/index.php\/2025\/10\/06\/como-llega-el-gobierno-de-javier-milei-a-20-dias-de-las-elecciones-cba24n\/"},"modified":"2025-10-06T14:08:22","modified_gmt":"2025-10-06T14:08:22","slug":"como-llega-el-gobierno-de-javier-milei-a-20-dias-de-las-elecciones-cba24n","status":"publish","type":"post","link":"http:\/\/cordobainforma.info\/index.php\/2025\/10\/06\/como-llega-el-gobierno-de-javier-milei-a-20-dias-de-las-elecciones-cba24n\/","title":{"rendered":"C\u00f3mo llega el gobierno de Javier Milei a 20 d\u00edas de las elecciones &#8211; Cba24n"},"content":{"rendered":"<p>&#8230; econ\u00f3mico y pol\u00edtico cr\u00edtico. En paralelo, las denuncias de &#8230; Datos de Zuban <b>C\u00f3rdoba<\/b>. Datos de Zuban <b>C\u00f3rdoba<\/b>&nbsp;&#8230; <\/p>\n","protected":false},"excerpt":{"rendered":"<p>&#8230; econ\u00f3mico y pol\u00edtico cr\u00edtico. En paralelo, las denuncias de &#8230; Datos de Zuban C\u00f3rdoba. Datos de Zuban C\u00f3rdoba&nbsp;&#8230;<\/p>\n","protected":false},"author":1,"featured_media":0,"comment_status":"closed","ping_status":"closed","sticky":false,"template":"","format":"standard","meta":[],"categories":[23],"tags":[],"_links":{"self":[{"href":"http:\/\/cordobainforma.info\/index.php\/wp-json\/wp\/v2\/posts\/170710"}],"collection":[{"href":"http:\/\/cordobainforma.info\/index.php\/wp-json\/wp\/v2\/posts"}],"about":[{"href":"http:\/\/cordobainforma.info\/index.php\/wp-json\/wp\/v2\/types\/post"}],"author":[{"embeddable":true,"href":"http:\/\/cordobainforma.info\/index.php\/wp-json\/wp\/v2\/users\/1"}],"replies":[{"embeddable":true,"href":"http:\/\/cordobainforma.info\/index.php\/wp-json\/wp\/v2\/comments?post=170710"}],"version-history":[{"count":0,"href":"http:\/\/cordobainforma.info\/index.php\/wp-json\/wp\/v2\/posts\/170710\/revisions"}],"wp:attachment":[{"href":"http:\/\/cordobainforma.info\/index.php\/wp-json\/wp\/v2\/media?parent=170710"}],"wp:term":[{"taxonomy":"category","embeddable":true,"href":"http:\/\/cordobainforma.info\/index.php\/wp-json\/wp\/v2\/categories?post=170710"},{"taxonomy":"post_tag","embeddable":true,"href":"http:\/\/cordobainforma.info\/index.php\/wp-json\/wp\/v2\/tags?post=170710"}],"curies":[{"name":"wp","href":"https:\/\/api.w.org\/{rel}","templated":true}]}}