{"id":170629,"date":"2025-10-05T15:26:29","date_gmt":"2025-10-05T15:26:29","guid":{"rendered":"https:\/\/www.escribiendocine.com\/noticias\/2025\/10\/05\/20618-critica-de-under-the-volcano-una-familia-ucraniana-varada-en-el-paraiso"},"modified":"2025-10-05T15:26:29","modified_gmt":"2025-10-05T15:26:29","slug":"critica-de-under-the-volcano-una-familia-ucraniana-varada-en-el-paraiso","status":"publish","type":"post","link":"http:\/\/cordobainforma.info\/index.php\/2025\/10\/05\/critica-de-under-the-volcano-una-familia-ucraniana-varada-en-el-paraiso\/","title":{"rendered":"Cr\u00edtica de \u00abUnder the Volcano\u00bb: una familia ucraniana varada en el para\u00edso"},"content":{"rendered":"<div class=\"media_block\"><\/div>\n<div><img src=\"http:\/\/cordobainforma.info\/wp-content\/uploads\/2025\/10\/critica-de-under-the-volcano-una-familia-ucraniana-varada-en-el-paraiso.jpg\" class=\"ff-og-image-inserted\"><\/div>\n<div readability=\"16.016666666667\">\n<div class=\"col-xs-12 col-sm-6 col-md-12 col-lg-3 no-padding col-der\" readability=\"7\">\n<p> <span class=\"fecha\">domingo 05 de octubre de 2025 <\/span> <\/p>\n<\/p><\/div><\/div>\n<div readability=\"43\">\n<p>En <strong>Under the Volcano<\/strong> (Pod wulkanem, 2024), Damian Kocur convierte un escenario de vacaciones en un espacio de extra\u00f1amiento. Una familia ucraniana, retenida en Tenerife tras la invasi\u00f3n rusa, experimenta el desconcierto de una guerra vista a trav\u00e9s del tel\u00e9fono. No hay estallido, solo un silencio inc\u00f3modo: el de quienes contemplan la cat\u00e1strofe desde la seguridad. El film se sit\u00faa en el l\u00edmite entre la indiferencia y la culpa, donde la empat\u00eda se revela como una forma de resistencia pasiva.<\/p>\n<p class=\"noticia-relacionada noEditable\" data-id=\"20432\"><ampiframe src=\"https:\/\/www.escribiendocine.com\/api\/noticias\/20432\/relacionadas?amp=1\" layout=\"fixed-height\" sandbox=\"allow-top-navigation allow-top-navigation-by-user-activation allow-scripts \" height=\"100px\"> <b placeholder>Lee tambi\u00e9n: Toda la programaci\u00f3n del Encuentro de Cine Europeo en Argentina (ECE) 2025<\/b> <\/ampiframe><\/p>\n<p>Kocur elige el tiempo muerto como estructura narrativa. La acci\u00f3n se diluye en conversaciones dispersas, rutinas hoteleras y miradas que eluden la realidad. El conflicto no se muestra: se insin\u00faa en la espera, en el desgaste de los v\u00ednculos, en la imposibilidad de regresar. El cineasta polaco evita el drama b\u00e9lico directo y se centra en la par\u00e1lisis emocional de una clase media europea confrontada con su propio privilegio.<\/p>\n<p>La presencia de una familia rusa en el mismo hotel funciona como un espejo inc\u00f3modo: dos bandos que comparten el mismo sol, pero no el mismo horizonte. La guerra se filtra por contraste, no por confrontaci\u00f3n. En esa convivencia forzada se construye un retrato de Europa como espacio de convivencia quebrada, donde la distancia moral se mide en metros de playa.<\/p>\n<p>Kocur se distancia de la \u00e9pica y apuesta por la observaci\u00f3n. La pel\u00edcula no busca conmover, sino exponer la fragilidad del confort cuando la historia irrumpe. En ese sentido, <strong>Under the Volcano <\/strong>interroga la pasividad ante el desastre, un territorio donde la \u00e9tica se confunde con la rutina. El volc\u00e1n del t\u00edtulo no estalla: permanece latente, como el reflejo de una Europa inm\u00f3vil ante lo que ve venir.<\/p>\n<\/p><\/div>\n","protected":false},"excerpt":{"rendered":"<p>domingo 05 de octubre de 2025 En Under the Volcano (Pod wulkanem, 2024), Damian Kocur convierte un escenario de vacaciones en un espacio de extra\u00f1amiento. Una familia ucraniana, retenida en Tenerife tras la invasi\u00f3n rusa, experimenta el desconcierto de una guerra vista a trav\u00e9s del tel\u00e9fono. No hay estallido, solo un silencio inc\u00f3modo: el de [&hellip;]<\/p>\n","protected":false},"author":1,"featured_media":170630,"comment_status":"open","ping_status":"closed","sticky":false,"template":"","format":"standard","meta":[],"categories":[21],"tags":[],"_links":{"self":[{"href":"http:\/\/cordobainforma.info\/index.php\/wp-json\/wp\/v2\/posts\/170629"}],"collection":[{"href":"http:\/\/cordobainforma.info\/index.php\/wp-json\/wp\/v2\/posts"}],"about":[{"href":"http:\/\/cordobainforma.info\/index.php\/wp-json\/wp\/v2\/types\/post"}],"author":[{"embeddable":true,"href":"http:\/\/cordobainforma.info\/index.php\/wp-json\/wp\/v2\/users\/1"}],"replies":[{"embeddable":true,"href":"http:\/\/cordobainforma.info\/index.php\/wp-json\/wp\/v2\/comments?post=170629"}],"version-history":[{"count":0,"href":"http:\/\/cordobainforma.info\/index.php\/wp-json\/wp\/v2\/posts\/170629\/revisions"}],"wp:featuredmedia":[{"embeddable":true,"href":"http:\/\/cordobainforma.info\/index.php\/wp-json\/wp\/v2\/media\/170630"}],"wp:attachment":[{"href":"http:\/\/cordobainforma.info\/index.php\/wp-json\/wp\/v2\/media?parent=170629"}],"wp:term":[{"taxonomy":"category","embeddable":true,"href":"http:\/\/cordobainforma.info\/index.php\/wp-json\/wp\/v2\/categories?post=170629"},{"taxonomy":"post_tag","embeddable":true,"href":"http:\/\/cordobainforma.info\/index.php\/wp-json\/wp\/v2\/tags?post=170629"}],"curies":[{"name":"wp","href":"https:\/\/api.w.org\/{rel}","templated":true}]}}