{"id":170619,"date":"2025-10-05T12:13:18","date_gmt":"2025-10-05T12:13:18","guid":{"rendered":"https:\/\/www.mujerhoy.com\/vivir\/ocio\/viellal-valle-aran-pirineos-casco-antiguo-senderismo-deporte-aventuras-20251005131029-nt.html"},"modified":"2025-10-05T12:13:18","modified_gmt":"2025-10-05T12:13:18","slug":"la-ciudad-del-valle-de-aran-que-conquista-a-los-turistas-arquitectura-tradicional-rafting-y-un-casco-antiguo-con-encanto","status":"publish","type":"post","link":"http:\/\/cordobainforma.info\/index.php\/2025\/10\/05\/la-ciudad-del-valle-de-aran-que-conquista-a-los-turistas-arquitectura-tradicional-rafting-y-un-casco-antiguo-con-encanto\/","title":{"rendered":"La ciudad del Valle de Ar\u00e1n que conquista a los turistas: arquitectura tradicional, rafting y un casco antiguo con encanto"},"content":{"rendered":"<div class=\"media_block\"><\/div>\n<p><!-- AUTHOR --><\/p>\n<div class=\"voc-author-timesocial \">\n<!-- AUTHOR --><\/p>\n<div class=\"voc-author-timesocial__signature \">\n<!-- IMAGE AUTHOR -->\n<picture class=\"voc-image-signature\">\n<img class=\"voc-image-signature__img\" src=\"http:\/\/cordobainforma.info\/wp-content\/uploads\/2025\/10\/la-ciudad-del-valle-de-aran-que-conquista-a-los-turistas-arquitectura-tradicional-rafting-y-un-casco-antiguo-con-encanto.jpg\" alt=\"Elena Romero Vargas\">\n<\/picture>\n<!-- INFO AUTHOR --> <\/div><\/div>\n<p><!-- COMPONENTS --><\/p>\n<p class=\"voc-paragraph\">El Valle de Ar\u00e1n, ubicado en los Pirineos centrales, en <a href=\"https:\/\/www.mujerhoy.com\/womennow\/noticias\/durro-peblo-medieval-79-habitantes-patrimonio-humanidad-unesco-vall-boi-planes-escapadas-pueblos-bonitos-espana-20230105162459-nt.html\" data-voc-vtm-id=\"in-text-traffic\" title=\"la provincia de L\u00e9rida\" data-mrf-link=\"www.mujerhoy.com\">la provincia de L\u00e9rida<\/a>, presume de tener una de las ciudades m\u00e1s bonitas de la geograf\u00eda espa\u00f1ola y uno de esos enclaves que te trasladan a un aut\u00e9ntico cuento de hadas. Hablamos de <strong>Viella <\/strong>(o Vielha) la capital del Valle de Ar\u00e1n, situada a 974 metros de altura y rodeada de monta\u00f1as de m\u00e1s de 2000 metros de altura.<\/p>\n<p class=\"voc-paragraph\">El nombre de Viella viene del aran\u00e9s y significa <strong>\u00abvieja\u00bb<\/strong>, en honor al nombre que recib\u00edan los asentamientos m\u00e1s antiguos de los Pirineos occitanos. En la actualidad, esta ciudad sobresale por el entorno natural \u00fanico en el que se encuentra y los paisajes que \u00e9stos crean a su alrededor, pero tambi\u00e9n por la arquitectura tradicional con la m\u00e1s pura esencia piren\u00e1ica que conforman sus calles.<\/p>\n<div class=\"v-c-cmp v-c-cmp--t1 \">\n<div class=\"v-cmp-rld v-cmp-rld--2 \">\n<div class=\"v-cnt-m v-cnt-m--m\">\n<div class=\"v-cnt-m__c\">\n<div class=\"v-cnt-m__w v-cnt-m__w--1\">\n<p class=\"v-cnt-m__t\">\nTAMBI\u00c9N TE INTERESA\n<\/p>\n<\/div>\n<\/div>\n<\/div>\n<div class=\"v-g v-g--2-c v-g--bdr-min-xs\">\n<div class=\"v-g__c \">\n<article class=\"v-a v-a--cmp-rld v-a--cmp-rld-2 v-a--p-l\">\n<div class=\"v-a-img-c\">\n<figure class=\"v-a-fig\">\n<a href=\"https:\/\/www.mujerhoy.com\/vivir\/ocio\/cardona-pueblo-medieval-cataluna-puente-julio-dormir-castillo-20250722132905-nt.html#vtm_modulosEngag=mod-rel:vivir:noticia:1:cmp:2-not\" class=\"v-a-link\" title=\"La escapada perfecta para el puente de julio es este pueblo medieval en Catalu\u00f1a donde puedes dormir en un castillo\"><br \/>\n<img loading=\"lazy\" class=\"v-a-img\" src=\"http:\/\/cordobainforma.info\/wp-content\/uploads\/2025\/10\/la-ciudad-del-valle-de-aran-que-conquista-a-los-turistas-arquitectura-tradicional-rafting-y-un-casco-antiguo-con-encanto-1.jpg\" alt=\"La escapada perfecta para el puente de julio es este pueblo medieval en Catalu\u00f1a donde puedes dormir en un castillo\"><br \/>\n<\/a><br \/>\n<\/figure>\n<\/div>\n<\/article>\n<\/div>\n<div class=\"v-g__c \">\n<article class=\"v-a v-a--cmp-rld v-a--cmp-rld-2 v-a--p-l\">\n<div class=\"v-a-img-c\">\n<figure class=\"v-a-fig\">\n<a href=\"https:\/\/www.mujerhoy.com\/vivir\/ocio\/besalu-pueblo-medieval-bonito-garrotxa-girona-puente-20250903152447-nt.html#vtm_modulosEngag=mod-rel:vivir:noticia:2:cmp:2-not\" class=\"v-a-link\" title=\"As\u00ed es el pueblo medieval m\u00e1s bonito de la Garrotxa, y puede que de Espa\u00f1a: su majestuoso puente y unos ba\u00f1os rituales\"><br \/>\n<img loading=\"lazy\" class=\"v-a-img\" src=\"http:\/\/cordobainforma.info\/wp-content\/uploads\/2025\/10\/la-ciudad-del-valle-de-aran-que-conquista-a-los-turistas-arquitectura-tradicional-rafting-y-un-casco-antiguo-con-encanto-2.jpg\" alt=\"As\u00ed es el pueblo medieval m\u00e1s bonito de la Garrotxa, y puede que de Espa\u00f1a: su majestuoso puente y unos ba\u00f1os rituales\"><br \/>\n<\/a><br \/>\n<\/figure>\n<\/div>\n<\/article>\n<\/div>\n<\/div>\n<\/div>\n<\/div>\n<p class=\"voc-paragraph\">Pasear por Viella es <strong>un aut\u00e9ntico deleite para los sentidos<\/strong>. Si escoges este destino para tu pr\u00f3xima escapada, podr\u00e1s disfrutar de sus casas antiguas, sus calles de ensue\u00f1o y su paisaje monta\u00f1oso, pero tambi\u00e9n de rutas de senderismo preciosas y, los m\u00e1s aventureros, de la posibilidad de practicar deportes como el rafting por el r\u00edo Garona, barranquismo o rutas en 4&#215;4 por el Valle de Ar\u00e1n.<\/p>\n<div class=\"v-c-cmp v-c-cmp--s\">\n<div class=\"v-cmp-m \">\n<article class=\"v-a v-a--cmp-m v-c-cmp--m-z\">\n<div class=\"v-a-img-c \">\n<div class=\"v-a-fig\">\n<button class=\"v-a-link\" popovertarget=\"photo-848\"><br \/>\n<img loading=\"lazy\" src=\"http:\/\/cordobainforma.info\/wp-content\/uploads\/2025\/10\/la-ciudad-del-valle-de-aran-que-conquista-a-los-turistas-arquitectura-tradicional-rafting-y-un-casco-antiguo-con-encanto-3.jpg\" class=\"v-a-img\" width=\"650\" height=\"650\" alt=\"iglesia de San Miquel, Viella\" data-voc-vtm-id=\"in-text-traffic\"> <\/button><figcaption class=\"v-fc\">\n<span class=\"v-fc__t\"><br \/>\niglesia de San Miquel, Viella<br \/>\n<\/span><br \/>\n<span class=\"v-fc__p\"><br \/>\nCatalunya Turisme<br \/>\n<\/span><br \/>\n<\/figcaption><\/div>\n<\/div>\n<div id=\"photo-848\" popover class=\"v-mdl v-mdl--fw\">\n<button class=\"v-x\" popovertarget=\"photo-848\" popovertargetaction=\"hide\"><br \/>\n<span class=\"v-i\"><br \/>\n<svg width=\"24\" height=\"23.996\" viewBox=\"0 0 24 23.996\">\n<path data-name=\"Uni\u00f3n 29\" d=\"M12,14.03,2.031,24,0,21.963,9.968,12,0,2.033,2.031,0,12,9.966,21.969,0,24,2.033,14.032,12,24,21.963,21.969,24Z\" \/>\n<\/svg><br \/>\n<\/span><br \/>\n<\/button><\/p>\n<div class=\"v-mdl__c\">\n<div class=\"v-mdl__w\">\n<img loading=\"lazy\" src=\"http:\/\/cordobainforma.info\/wp-content\/uploads\/2025\/10\/la-ciudad-del-valle-de-aran-que-conquista-a-los-turistas-arquitectura-tradicional-rafting-y-un-casco-antiguo-con-encanto-3.jpg\" class=\"v-mdl__img-z\" width=\"650\" height=\"650\" alt>\n<\/div>\n<\/div>\n<\/div>\n<p><span class=\"v-bdp\"><\/span><br \/>\n<\/article>\n<\/div>\n<\/div>\n<p><h3 class=\"v-cmp-suh\">\nTodo lo que no te puedes perder de Viella<br \/>\n<\/h3>\n<\/p>\n<p class=\"voc-paragraph\">Uno de los lugares m\u00e1s emblem\u00e1ticos de Viella es la <strong>iglesia de San Miquel<\/strong>, una construcci\u00f3n datada entre los siglos XI y XII en estilo rom\u00e1nico pero con ciertas nociones del g\u00f3tico emergente en la \u00e9poca. La iglesia fue construida junto al castillo, por lo que su campanario, uno de los signos m\u00e1s importantes de la localidad, no solo desempe\u00f1aba funciones religiosas, tambi\u00e9n fue pensado con un fin defensivo y de homenaje para la ciudad.<\/p>\n<p class=\"voc-paragraph\">Actualmente, la iglesia se encuentra junto al Ayuntamiento y la Oficina de Turismo y es uno de los enclaves preferidos de locales y turistas. En su interior guarda la imagen del <strong>Cristo de Mijaran<\/strong>, que se piensa que es el \u00fanico fragmento que se conserva de una obra rom\u00e1nica del siglo XII que representaba el descenso de la Cruz de Cristo. Dentro de esta iglesia se encuentran tambi\u00e9n pinturas g\u00f3ticas y barrocas de gran valor patrimonial.<\/p>\n<p class=\"voc-paragraph\">Otro de los enclaves que no puedes dejar de visitar en Viella es su <strong>calle Mayor<\/strong>, donde se ubican algunos de los edificios antiguos m\u00e1s bonitos y especiales de la ciudad. Uno de ellos es \u00c7\u00f2 de R\u00f2des, una casa de principios del siglo XVII que conserva elementos propios de la \u00e9poca como las esquinas de piedra o las ventanas en estilo g\u00f3tico del piso superior.<\/p>\n<p class=\"voc-paragraph\">En esta calle se ubica tambi\u00e9n el <strong>Museo del Valle de Ar\u00e1n<\/strong>, ubicado en la torre del general Martinhon, tambi\u00e9n de siglo XVII, que desde 1984 es la sede central de este museo. En su visita podr\u00e1s acercarte a la historia de la regi\u00f3n desde la Prehistoria hasta la actualidad a trav\u00e9s de elementos etnol\u00f3gicos que forman parte de sus colecciones y que ayuda al visitante a concoer m\u00e1s de cerca la riqueza cultural de la zona.<\/p>\n<div class=\"v-c-cmp v-c-cmp--s\">\n<div class=\"v-cmp-m \">\n<article class=\"v-a v-a--cmp-m v-c-cmp--m-z\">\n<div class=\"v-a-img-c \">\n<div class=\"v-a-fig\">\n<button class=\"v-a-link\" popovertarget=\"photo-654\"><br \/>\n<img loading=\"lazy\" src=\"http:\/\/cordobainforma.info\/wp-content\/uploads\/2025\/10\/la-ciudad-del-valle-de-aran-que-conquista-a-los-turistas-arquitectura-tradicional-rafting-y-un-casco-antiguo-con-encanto-4.jpg\" class=\"v-a-img\" width=\"650\" height=\"650\" alt=\"Museo del Valle de Ar\u00e1n, Viella\" data-voc-vtm-id=\"in-text-traffic\"> <\/button><figcaption class=\"v-fc\">\n<span class=\"v-fc__t\"><br \/>\nMuseo del Valle de Ar\u00e1n, Viella<br \/>\n<\/span><br \/>\n<span class=\"v-fc__p\"><br \/>\nCatalunya Turisme<br \/>\n<\/span><br \/>\n<\/figcaption><\/div>\n<\/div>\n<div id=\"photo-654\" popover class=\"v-mdl v-mdl--fw\">\n<button class=\"v-x\" popovertarget=\"photo-654\" popovertargetaction=\"hide\"><br \/>\n<span class=\"v-i\"><br \/>\n<svg width=\"24\" height=\"23.996\" viewBox=\"0 0 24 23.996\">\n<path data-name=\"Uni\u00f3n 29\" d=\"M12,14.03,2.031,24,0,21.963,9.968,12,0,2.033,2.031,0,12,9.966,21.969,0,24,2.033,14.032,12,24,21.963,21.969,24Z\" \/>\n<\/svg><br \/>\n<\/span><br \/>\n<\/button><\/p>\n<div class=\"v-mdl__c\">\n<div class=\"v-mdl__w\">\n<img loading=\"lazy\" src=\"http:\/\/cordobainforma.info\/wp-content\/uploads\/2025\/10\/la-ciudad-del-valle-de-aran-que-conquista-a-los-turistas-arquitectura-tradicional-rafting-y-un-casco-antiguo-con-encanto-4.jpg\" class=\"v-mdl__img-z\" width=\"650\" height=\"650\" alt>\n<\/div>\n<\/div>\n<\/div>\n<p><span class=\"v-bdp\"><\/span><br \/>\n<\/article>\n<\/div>\n<\/div>\n<p class=\"voc-paragraph\">En la misma calle Mayor tambi\u00e9n podr\u00e1s ver ejemplos de la arquitectura tradicional piren\u00e1ica, con casas con techo de madera y pizarra como la <strong>\u00c7\u00f2 de Fedusa<\/strong>, que destaca por el m\u00e1rmol del portal y su ventanal renacentista. Otra de las casas hist\u00f3ricas que merece la pena acercarse a ver es <strong>\u00c7\u00f2 de Saperisa<\/strong>, otro de los mejores ejemplos de las construcciones tradicionales de la zona datada en 1605.<\/p>\n<p class=\"voc-paragraph\">Los amantes del senderismo tienen una cita especial en Viella. Aqu\u00ed se encuentra el m\u00edtico <strong>Cam\u00edn de Reiau<\/strong>, una ruta que te lleva al Alto Ar\u00e1n por un sentido o al Medio y Bajo Ar\u00e1n si la empiezas desde detr\u00e1s del Palai de G\u00e8u. Adem\u00e1s, esta zona es perfecta para practicar <strong>deportes de aventura <\/strong>gracias a la disponibilidad que sus inmediaciones ofrecen para ello. Eso s\u00ed, si quieres animarte a vivir una de estas experiencias, te animamos a que te pongas en contacto con alguna de las empresas que organizan estas actividades para que puedas disfrutar al cien por cien, y con total seguridad, de la parte m\u00e1s activa de tu escapada.<\/p>\n<div class=\"v-c-cmp v-c-cmp--t1 \">\n<div class=\"v-cmp-rld v-cmp-rld--2 \">\n<div class=\"v-cnt-m v-cnt-m--m\">\n<div class=\"v-cnt-m__c\">\n<div class=\"v-cnt-m__w v-cnt-m__w--1\">\n<p class=\"v-cnt-m__t\">\nNO TE PIERDAS\n<\/p>\n<\/div>\n<\/div>\n<\/div>\n<div class=\"v-g v-g--2-c v-g--bdr-min-xs\">\n<div class=\"v-g__c \">\n<article class=\"v-a v-a--cmp-rld v-a--cmp-rld-2 v-a--p-l\">\n<div class=\"v-a-img-c\">\n<figure class=\"v-a-fig\">\n<a href=\"https:\/\/www.mujerhoy.com\/vivir\/ocio\/mura-pueblo-medieval-barcelona-favorito-turistas-castillo-senderismo-20250525154625-nt.html#vtm_modulosEngag=mod-rel:vivir:noticia:1:cmp:2-not\" class=\"v-a-link\" title=\"El pueblo medieval cerca de Barcelona que enamora a los turistas: castillo con vistas y rutas de senderismo\"><br \/>\n<img loading=\"lazy\" class=\"v-a-img\" src=\"http:\/\/cordobainforma.info\/wp-content\/uploads\/2025\/10\/la-ciudad-del-valle-de-aran-que-conquista-a-los-turistas-arquitectura-tradicional-rafting-y-un-casco-antiguo-con-encanto-5.jpg\" alt=\"El pueblo medieval cerca de Barcelona que enamora a los turistas: castillo con vistas y rutas de senderismo\"><br \/>\n<\/a><br \/>\n<\/figure>\n<\/div>\n<\/article>\n<\/div>\n<div class=\"v-g__c \">\n<article class=\"v-a v-a--cmp-rld v-a--cmp-rld-2 v-a--p-l\">\n<div class=\"v-a-img-c\">\n<figure class=\"v-a-fig\">\n<a href=\"https:\/\/www.mujerhoy.com\/vivir\/ocio\/osor-girona-pueblo-bonito-montanas-medieval-naturaleza-20250608172736-nt.html#vtm_modulosEngag=mod-rel:vivir:noticia:2:cmp:2-not\" class=\"v-a-link\" title=\"Girona tiene un pueblo escondido entre monta\u00f1as perfecto para un fin de semana de desconexi\u00f3n: casas de piedra y naturaleza en Las Guiller\u00edas\"><br \/>\n<img loading=\"lazy\" class=\"v-a-img\" src=\"http:\/\/cordobainforma.info\/wp-content\/uploads\/2025\/10\/la-ciudad-del-valle-de-aran-que-conquista-a-los-turistas-arquitectura-tradicional-rafting-y-un-casco-antiguo-con-encanto-6.jpg\" alt=\"Girona tiene un pueblo escondido entre monta\u00f1as perfecto para un fin de semana de desconexi\u00f3n: casas de piedra y naturaleza en Las Guiller\u00edas\"><br \/>\n<\/a><br \/>\n<\/figure>\n<\/div>\n<\/article>\n<\/div>\n<\/div>\n<\/div>\n<\/div>\n","protected":false},"excerpt":{"rendered":"<p>El Valle de Ar\u00e1n, ubicado en los Pirineos centrales, en la provincia de L\u00e9rida, presume de tener una de las ciudades m\u00e1s bonitas de la geograf\u00eda espa\u00f1ola y uno de esos enclaves que te trasladan a un aut\u00e9ntico cuento de hadas. Hablamos de Viella (o Vielha) la capital del Valle de Ar\u00e1n, situada a 974 [&hellip;]<\/p>\n","protected":false},"author":1,"featured_media":170620,"comment_status":"open","ping_status":"closed","sticky":false,"template":"","format":"standard","meta":[],"categories":[18],"tags":[],"_links":{"self":[{"href":"http:\/\/cordobainforma.info\/index.php\/wp-json\/wp\/v2\/posts\/170619"}],"collection":[{"href":"http:\/\/cordobainforma.info\/index.php\/wp-json\/wp\/v2\/posts"}],"about":[{"href":"http:\/\/cordobainforma.info\/index.php\/wp-json\/wp\/v2\/types\/post"}],"author":[{"embeddable":true,"href":"http:\/\/cordobainforma.info\/index.php\/wp-json\/wp\/v2\/users\/1"}],"replies":[{"embeddable":true,"href":"http:\/\/cordobainforma.info\/index.php\/wp-json\/wp\/v2\/comments?post=170619"}],"version-history":[{"count":0,"href":"http:\/\/cordobainforma.info\/index.php\/wp-json\/wp\/v2\/posts\/170619\/revisions"}],"wp:featuredmedia":[{"embeddable":true,"href":"http:\/\/cordobainforma.info\/index.php\/wp-json\/wp\/v2\/media\/170620"}],"wp:attachment":[{"href":"http:\/\/cordobainforma.info\/index.php\/wp-json\/wp\/v2\/media?parent=170619"}],"wp:term":[{"taxonomy":"category","embeddable":true,"href":"http:\/\/cordobainforma.info\/index.php\/wp-json\/wp\/v2\/categories?post=170619"},{"taxonomy":"post_tag","embeddable":true,"href":"http:\/\/cordobainforma.info\/index.php\/wp-json\/wp\/v2\/tags?post=170619"}],"curies":[{"name":"wp","href":"https:\/\/api.w.org\/{rel}","templated":true}]}}