{"id":170608,"date":"2025-10-05T14:41:19","date_gmt":"2025-10-05T14:41:19","guid":{"rendered":"http:\/\/cordobainforma.info\/index.php\/2025\/10\/05\/patricia-bullrich-volvio-a-respaldar-a-jose-luis-espert-en-medio-del-escandalo-narco-hablo-con-el-corazon\/"},"modified":"2025-10-05T14:41:19","modified_gmt":"2025-10-05T14:41:19","slug":"patricia-bullrich-volvio-a-respaldar-a-jose-luis-espert-en-medio-del-escandalo-narco-hablo-con-el-corazon","status":"publish","type":"post","link":"http:\/\/cordobainforma.info\/index.php\/2025\/10\/05\/patricia-bullrich-volvio-a-respaldar-a-jose-luis-espert-en-medio-del-escandalo-narco-hablo-con-el-corazon\/","title":{"rendered":"Patricia Bullrich volvi\u00f3 a respaldar a Jos\u00e9 Luis Espert en medio del esc\u00e1ndalo narco: \u00abHabl\u00f3 con el coraz\u00f3n\u00bb"},"content":{"rendered":"<div class=\"media_block\"><\/div>\n<div><img src=\"http:\/\/cordobainforma.info\/wp-content\/uploads\/2025\/10\/patricia-bullrich-volvio-a-respaldar-a-jose-luis-espert-en-medio-del-escandalo-narco-hablo-con-el-corazon.jpg\" class=\"ff-og-image-inserted\"><\/div>\n<p>La ministra de Seguridad, <strong>Patricia Bullrich<\/strong>, respald\u00f3 a <a target=\"_blank\" href=\"https:\/\/www.perfil.com\/noticias\/politica\/me-siento-muy-mal-espert-lloro-en-una-entrevista-donde-volvio-a-defenderse.phtml\" rel=\"noopener noreferrer\"><strong>Jos\u00e9 Luis Espert<\/strong><\/a> luego haberle exigido al diputado y candidato de La Libertad Avanza (LLA) que aclarara su situaci\u00f3n con respecto a las acusaciones que dicen que habr\u00eda recibido financiamiento de campa\u00f1a de <strong>Federico \u00abFred\u00bb Machado\u00bb<\/strong>, investigado por sus v\u00ednculos con el narcotr\u00e1fico.<\/p>\n<p>\u00ab<strong>Espert se abri\u00f3, fue m\u00e1s a fondo, explic\u00f3 el da\u00f1o y el dolor que \u00e9l tiene y lo que siente por lo que le pas\u00f3. <\/strong>Habl\u00f3 con el coraz\u00f3n, vale un mont\u00f3n lo que hizo. Siente que de alguna manera entr\u00f3 a creerle a una persona que en ese momento no estaba imputada\u00bb, expres\u00f3 la funcionaria en di\u00e1logo con <em>LN+<\/em>.<\/p>\n<p class=\"destacadoNota\"><a target=\"_blank\" href=\"https:\/\/www.perfil.com\/noticias\/politica\/me-siento-muy-mal-espert-lloro-en-una-entrevista-donde-volvio-a-defenderse.phtml\" rel=\"noopener noreferrer\">\u00abMe siento muy mal\u00bb: Jos\u00e9 Luis Espert llor\u00f3 en una entrevista pero dijo que sigue<\/a><\/p>\n<div class=\"subscription\" readability=\"6.683257918552\">\n<p> Esto no les gusta a los autoritarios <\/p>\n<div class=\"subscription__container\" readability=\"6.1467391304348\">\n<div class=\"subscription__text-wrapper\" readability=\"31.20652173913\">\n<p> El ejercicio del periodismo profesional y cr\u00edtico es un pilar fundamental de la democracia. Por eso molesta a quienes creen ser los due\u00f1os de la verdad. <\/p>\n<\/p><\/div><\/div><\/div>\n<p><a target=\"_blank\" href=\"https:\/\/www.perfil.com\/noticias\/actualidad\/blooper-de-patricia-bullrich-quiso-averiguar-de-la-extradicion-de-fred-machado-y-se-equivoco-de-diego-iglesias.phtml\" rel=\"noopener noreferrer\">Bullrich<\/a> fue una de las primeras integrantes del Gobierno que rompi\u00f3 el silencio y le pidi\u00f3 al legislador que esclareciera su situaci\u00f3n y su v\u00ednculo con Machado frente a las acusaciones recibidas. Luego el jefe de Gabinete, <strong>Guillermo Francos<\/strong>, se sum\u00f3 a los cuestionamientos.<\/p>\n<p>\u00ab<strong>El lunes va a seguir explicando,<\/strong> pero va por un camino en el que no est\u00e1 en una posici\u00f3n de decir que no dice nada y no habla, no se cierra\u00bb, agreg\u00f3 la titular de la cartera de Seguridad, anticipando que el candidato de LLA continuar\u00e1 dando explicaciones y respaldando las declaraciones que dio hasta el momento.<\/p>\n<p class=\"destacadoNota\"><a target=\"_blank\" href=\"https:\/\/www.perfil.com\/noticias\/politica\/el-escandalo-de-jose-luis-espert-llego-al-financial-times-se-profundizan-los-problemas-de-javier-milei.phtml\" rel=\"noopener noreferrer\">El esc\u00e1ndalo de Jos\u00e9 Luis Espert lleg\u00f3 al Financial Times: \u00abSe profundizan los problemas de Javier Milei\u00bb<\/a><\/p>\n<p>Teniendo en cuenta que la pol\u00e9mica se desat\u00f3 a menos de un mes de las <strong>elecciones legislativas<\/strong> del 26 de octubre, la ministra de Seguridad ampli\u00f3: \u00abSi hay algo que LLA y el PRO debemos hacer es hablarle a gente y darle todas las explicaciones que la sociedad necesita\u00bb.<\/p>\n<p>\u00abSent\u00eda que eso no hab\u00eda sido aclarado, pero ahora <strong>est\u00e1 por un camino de darse cuenta que tiene que hablar con el coraz\u00f3n, con lo que le pas\u00f3<\/strong>\u00ab, concluy\u00f3 la primera candidata a la C\u00e1mara de Senadores por la Ciudad de Buenos Aires frente al rechazo inicial que vivi\u00f3 <a target=\"_blank\" href=\"https:\/\/www.perfil.com\/noticias\/politica\/el-escandalo-de-jose-luis-espert-llego-al-financial-times-se-profundizan-los-problemas-de-javier-milei.phtml\" rel=\"noopener noreferrer\">Espert<\/a> por parte del Gabinete.<\/p>\n<h2><strong>\u00abMe siento muy mal\u00bb: Espert llor\u00f3 en una entrevista pero dijo que sigue<\/strong><\/h2>\n<p>En medio del <a target=\"_blank\" href=\"https:\/\/www.perfil.com\/noticias\/politica\/el-escandalo-de-jose-luis-espert-llego-al-financial-times-se-profundizan-los-problemas-de-javier-milei.phtml\" rel=\"noopener noreferrer\">esc\u00e1ndalo por su v\u00ednculo con Fred Machado<\/a>, <strong>Jos\u00e9 Luis Espert <\/strong>llor\u00f3 en una entrevista en <em>Radio Mitre, <\/em>donde se defendi\u00f3 y dijo que pese a las cr\u00edticas y presiones se siente en condiciones de mantener su candidatura y seguir en la campa\u00f1a.<\/p>\n<p>\u00abTengo hijos, tengo hermanos, esposa y esta basura ha hecho lo que ha hecho con mi nombre, el de mi padre. Terrible. Pero bueno,<strong> a este juego nos lleva esta manga de delincuentes<\/strong>\u00ab, expres\u00f3, visiblemente quebrado, y agreg\u00f3: \u00abEstoy con todo, pero por dentro <strong>estoy roto por el estrago que el hijo de p&#8230; de Grabois <\/strong>hizo con mi nombre y con el de mi familia\u00bb<em>.<\/em><\/p>\n<p>\u00abMi lado afectivo est\u00e1 roto, as\u00ed como tambi\u00e9n mi esposa, mis hijos y mis amigos. Y el dolor <strong>me anima a seguir batallando y pelear m\u00e1s<\/strong>, porque detr\u00e1s de esto est\u00e1n los orcos y los que transformaron al pa\u00eds en una villa miseria\u00bb, a\u00f1adi\u00f3, descartando la posibilidad de resignar su candidatura a diputado por la Provincia de Buenos Aires.<\/p>\n<p>El legislador tambi\u00e9n agradeci\u00f3 el apoyo del presidente <strong>Javier Milei<\/strong>: \u00abAyer por la noche estuvimos junto con \u00e9l, y ni tanto yo le present\u00e9 mi renuncia ni \u00e9l me la pidi\u00f3. Y<strong> yo estoy convencido de continuar y demostrar la infamia de la denuncia<\/strong>. El Presidente no se enga\u00f1a, es un intento de los orcos para volver a gobernar el pa\u00eds y hacerlo m\u00e1s miserable\u00bb.<\/p>\n<p><em>AS\/MU<\/em><\/p>\n","protected":false},"excerpt":{"rendered":"<p>La ministra de Seguridad, Patricia Bullrich, respald\u00f3 a Jos\u00e9 Luis Espert luego haberle exigido al diputado y candidato de La Libertad Avanza (LLA) que aclarara su situaci\u00f3n con respecto a las acusaciones que dicen que habr\u00eda recibido financiamiento de campa\u00f1a de Federico \u00abFred\u00bb Machado\u00bb, investigado por sus v\u00ednculos con el narcotr\u00e1fico. \u00abEspert se abri\u00f3, fue [&hellip;]<\/p>\n","protected":false},"author":1,"featured_media":170609,"comment_status":"closed","ping_status":"closed","sticky":false,"template":"","format":"standard","meta":[],"categories":[2],"tags":[],"_links":{"self":[{"href":"http:\/\/cordobainforma.info\/index.php\/wp-json\/wp\/v2\/posts\/170608"}],"collection":[{"href":"http:\/\/cordobainforma.info\/index.php\/wp-json\/wp\/v2\/posts"}],"about":[{"href":"http:\/\/cordobainforma.info\/index.php\/wp-json\/wp\/v2\/types\/post"}],"author":[{"embeddable":true,"href":"http:\/\/cordobainforma.info\/index.php\/wp-json\/wp\/v2\/users\/1"}],"replies":[{"embeddable":true,"href":"http:\/\/cordobainforma.info\/index.php\/wp-json\/wp\/v2\/comments?post=170608"}],"version-history":[{"count":0,"href":"http:\/\/cordobainforma.info\/index.php\/wp-json\/wp\/v2\/posts\/170608\/revisions"}],"wp:featuredmedia":[{"embeddable":true,"href":"http:\/\/cordobainforma.info\/index.php\/wp-json\/wp\/v2\/media\/170609"}],"wp:attachment":[{"href":"http:\/\/cordobainforma.info\/index.php\/wp-json\/wp\/v2\/media?parent=170608"}],"wp:term":[{"taxonomy":"category","embeddable":true,"href":"http:\/\/cordobainforma.info\/index.php\/wp-json\/wp\/v2\/categories?post=170608"},{"taxonomy":"post_tag","embeddable":true,"href":"http:\/\/cordobainforma.info\/index.php\/wp-json\/wp\/v2\/tags?post=170608"}],"curies":[{"name":"wp","href":"https:\/\/api.w.org\/{rel}","templated":true}]}}