{"id":170547,"date":"2025-10-05T04:02:02","date_gmt":"2025-10-05T04:02:02","guid":{"rendered":"https:\/\/somoscordobeses.com\/2025\/10\/05\/misterio-detras-del-hallazgo-de-un-cuerpo-en-el-rio-san-antonio\/"},"modified":"2025-10-05T04:02:02","modified_gmt":"2025-10-05T04:02:02","slug":"misterio-detras-del-hallazgo-de-un-cuerpo-en-el-rio-san-antonio","status":"publish","type":"post","link":"http:\/\/cordobainforma.info\/index.php\/2025\/10\/05\/misterio-detras-del-hallazgo-de-un-cuerpo-en-el-rio-san-antonio\/","title":{"rendered":"Misterio detr\u00e1s del hallazgo de un cuerpo en el r\u00edo San Antonio"},"content":{"rendered":"<div><img src=\"http:\/\/cordobainforma.info\/wp-content\/uploads\/2025\/10\/misterio-detras-del-hallazgo-de-un-cuerpo-en-el-rio-san-antonio.jpg\" class=\"ff-og-image-inserted\"><\/div>\n<p data-start=\"482\" data-end=\"670\">A media ma\u00f1ana de este viernes, el cuerpo sin vida de un hombre fue hallado en el cauce del <strong data-start=\"554\" data-end=\"573\">r\u00edo San Antonio<\/strong>, a la altura de la intersecci\u00f3n de <strong data-start=\"609\" data-end=\"646\">avenida Perito Moreno y Estocolmo<\/strong>, en Villa Carlos Paz.<\/p>\n<p data-start=\"672\" data-end=\"885\">El hallazgo activ\u00f3 un fuerte operativo policial y judicial en la zona, que se mantiene con <strong data-start=\"763\" data-end=\"810\">corte de tr\u00e1nsito entre las calles Londres y Estocolmo<\/strong>, justo en el l\u00edmite con San Antonio de Arredondo.<\/p>\n<p data-start=\"887\" data-end=\"1073\">La <strong data-start=\"890\" data-end=\"931\">Fiscal\u00eda N\u00b01, a cargo de Florencia Caminos<\/strong>, dispuso una serie de pericias para determinar las causas de la muerte, que hasta el momento fue caratulada como <strong data-start=\"1045\" data-end=\"1070\">\u201cde etiolog\u00eda dudosa\u201d<\/strong>.<\/p>\n<p data-start=\"1075\" data-end=\"1266\">Pasadas las 13.40, en el lugar trabajan efectivos de la Polic\u00eda, personal de emergencias y se espera el arribo de Polic\u00eda Judicial para realizar el retiro del cuerpo. Hasta entonces, la zona se mantiene cercada para evitar el acceso de transe\u00fantes, mientras se espera que se realicen las primeras pericias en el lugar.<\/p>\n<p data-start=\"1268\" data-end=\"1417\">Las autoridades contin\u00faan con las investigaciones para establecer las circunstancias que rodearon el deceso y confirmar la identidad del fallecido.<\/p>\n<p data-start=\"1268\" data-end=\"1417\"><em>NOTICIA EN DESARROLLO<\/em><\/p>\n","protected":false},"excerpt":{"rendered":"<p>A media ma\u00f1ana de este viernes, el cuerpo sin vida de un hombre fue hallado en el cauce del r\u00edo San Antonio, a la altura de la intersecci\u00f3n de avenida Perito Moreno y Estocolmo, en Villa Carlos Paz. El hallazgo activ\u00f3 un fuerte operativo policial y judicial en la zona, que se mantiene con corte [&hellip;]<\/p>\n","protected":false},"author":1,"featured_media":170548,"comment_status":"closed","ping_status":"closed","sticky":false,"template":"","format":"standard","meta":[],"categories":[2],"tags":[],"_links":{"self":[{"href":"http:\/\/cordobainforma.info\/index.php\/wp-json\/wp\/v2\/posts\/170547"}],"collection":[{"href":"http:\/\/cordobainforma.info\/index.php\/wp-json\/wp\/v2\/posts"}],"about":[{"href":"http:\/\/cordobainforma.info\/index.php\/wp-json\/wp\/v2\/types\/post"}],"author":[{"embeddable":true,"href":"http:\/\/cordobainforma.info\/index.php\/wp-json\/wp\/v2\/users\/1"}],"replies":[{"embeddable":true,"href":"http:\/\/cordobainforma.info\/index.php\/wp-json\/wp\/v2\/comments?post=170547"}],"version-history":[{"count":0,"href":"http:\/\/cordobainforma.info\/index.php\/wp-json\/wp\/v2\/posts\/170547\/revisions"}],"wp:featuredmedia":[{"embeddable":true,"href":"http:\/\/cordobainforma.info\/index.php\/wp-json\/wp\/v2\/media\/170548"}],"wp:attachment":[{"href":"http:\/\/cordobainforma.info\/index.php\/wp-json\/wp\/v2\/media?parent=170547"}],"wp:term":[{"taxonomy":"category","embeddable":true,"href":"http:\/\/cordobainforma.info\/index.php\/wp-json\/wp\/v2\/categories?post=170547"},{"taxonomy":"post_tag","embeddable":true,"href":"http:\/\/cordobainforma.info\/index.php\/wp-json\/wp\/v2\/tags?post=170547"}],"curies":[{"name":"wp","href":"https:\/\/api.w.org\/{rel}","templated":true}]}}