{"id":170506,"date":"2025-10-04T13:52:37","date_gmt":"2025-10-04T13:52:37","guid":{"rendered":"https:\/\/www.mujerhoy.com\/vivir\/ocio\/vall-de-nuria-pirineo-catalan-gerona-santuario-virgen-esqui-hotel-descanso-paisajes-preciosos-20251004120705-nt.html"},"modified":"2025-10-04T13:52:37","modified_gmt":"2025-10-04T13:52:37","slug":"este-valle-del-pirineo-catalan-es-el-mejor-destino-para-desconectar-un-hotel-del-siglo-xx-un-santuario-y-un-tren-exclusivo","status":"publish","type":"post","link":"http:\/\/cordobainforma.info\/index.php\/2025\/10\/04\/este-valle-del-pirineo-catalan-es-el-mejor-destino-para-desconectar-un-hotel-del-siglo-xx-un-santuario-y-un-tren-exclusivo\/","title":{"rendered":"Este valle del Pirineo catal\u00e1n es el mejor destino para desconectar: un hotel del siglo XX, un santuario y un tren exclusivo"},"content":{"rendered":"<div class=\"media_block\"><\/div>\n<p><!-- AUTHOR --><\/p>\n<div class=\"voc-author-timesocial \">\n<!-- AUTHOR --><\/p>\n<div class=\"voc-author-timesocial__signature \">\n<!-- IMAGE AUTHOR -->\n<picture class=\"voc-image-signature\">\n<img class=\"voc-image-signature__img\" src=\"http:\/\/cordobainforma.info\/wp-content\/uploads\/2025\/10\/este-valle-del-pirineo-catalan-es-el-mejor-destino-para-desconectar-un-hotel-del-siglo-xx-un-santuario-y-un-tren-exclusivo.jpg\" alt=\"Elena Romero Vargas\">\n<\/picture>\n<!-- INFO AUTHOR --> <\/div><\/div>\n<p><!-- COMPONENTS --><\/p>\n<p class=\"voc-paragraph\">Los <strong>Pirineos <\/strong>son una de las joyas m\u00e1s valiosas de la geograf\u00eda espa\u00f1ola. En ellos no solo encontramos paisajes de ensue\u00f1o con las monta\u00f1as como protagonistas, tambi\u00e9n se ubican en ellos <a href=\"https:\/\/www.mujerhoy.com\/vivir\/ocio\/torla-ordesa-pueblo-pirineo-aragones-arquitectura-piedra-pizarra-paisaje-montanoso-ruta-senderismo-20250914112137-nt.html\" data-voc-vtm-id=\"in-text-traffic\" title=\"enclaves que parecen sacados de un cuento de hadas\" data-mrf-link=\"www.mujerhoy.com\">enclaves que parecen sacados de un cuento de hadas<\/a> y que se antojan el destino so\u00f1ado para todos aquellos que busquen una escapada de desconexi\u00f3n a un lugar tranquilo sin salir de Espa\u00f1a, especialmente ahora que las vacaciones de verano ya quedan muy lejos y todos necesitamos un par\u00f3n en la rutina para recargar pilas.<\/p>\n<p class=\"voc-paragraph\">Uno de los lugares que mejor encarnan esta esencia piren\u00e1ica est\u00e1 en la provincia de Gerona, concretamente, en la comarca de Queralbs, a 2.000 metros de altura sobre el nivel del mar. Se trata del <strong>Vall de N\u00faria<\/strong>, un lugar en el que la aventura y la emoci\u00f3n que se siente desde el momento de acercarse a \u00e9l se entremezcla con la paz que invade a todos los visitantes, y no solo por el fuerte componente espiritual del que presume la regi\u00f3n, tambi\u00e9n por la evidente sensaci\u00f3n de descanso que su privilegiado paisaje transmite a cada uno de los visitantes.<\/p>\n<div class=\"v-c-cmp v-c-cmp--t1 \">\n<div class=\"v-cmp-rld v-cmp-rld--2 \">\n<div class=\"v-cnt-m v-cnt-m--m\">\n<div class=\"v-cnt-m__c\">\n<div class=\"v-cnt-m__w v-cnt-m__w--1\">\n<p class=\"v-cnt-m__t\">\nTAMBI\u00c9N TE INTERESA\n<\/p>\n<\/div>\n<\/div>\n<\/div>\n<div class=\"v-g v-g--2-c v-g--bdr-min-xs\">\n<div class=\"v-g__c \">\n<article class=\"v-a v-a--cmp-rld v-a--cmp-rld-2 v-a--p-l\">\n<div class=\"v-a-img-c\">\n<figure class=\"v-a-fig\">\n<a href=\"https:\/\/www.mujerhoy.com\/vivir\/ocio\/sant-marti-vell-girona-pueblo-medieval-visitan-leonor-sofia-20250724111700-nt.html#vtm_modulosEngag=mod-rel:vivir:noticia:1:cmp:2-not\" class=\"v-a-link\" title=\"As\u00ed es Sant Mart\u00ed Vell, el pueblo de Girona que visitan Leonor y Sof\u00eda: casco antiguo medieval y el santuario donde se cas\u00f3 Dal\u00ed\"><br \/>\n<img loading=\"lazy\" class=\"v-a-img\" src=\"http:\/\/cordobainforma.info\/wp-content\/uploads\/2025\/10\/este-valle-del-pirineo-catalan-es-el-mejor-destino-para-desconectar-un-hotel-del-siglo-xx-un-santuario-y-un-tren-exclusivo-1.jpg\" alt=\"As\u00ed es Sant Mart\u00ed Vell, el pueblo de Girona que visitan Leonor y Sof\u00eda: casco antiguo medieval y el santuario donde se cas\u00f3 Dal\u00ed\"><br \/>\n<\/a><br \/>\n<\/figure>\n<\/div>\n<\/article>\n<\/div>\n<div class=\"v-g__c \">\n<article class=\"v-a v-a--cmp-rld v-a--cmp-rld-2 v-a--p-l\">\n<div class=\"v-a-img-c\">\n<figure class=\"v-a-fig\">\n<a href=\"https:\/\/www.mujerhoy.com\/vivir\/ocio\/burgau-pueblo-pesquero-algarve-portugal-sin-turistas-escapadas-verano-20250612145938-nt.html#vtm_modulosEngag=mod-rel:vivir:noticia:2:cmp:2-not\" class=\"v-a-link\" title=\"El pueblo portugu\u00e9s para una escapada de verano: es el Santorini del Algarve y no est\u00e1 lleno de turistas\"><br \/>\n<img loading=\"lazy\" class=\"v-a-img\" src=\"http:\/\/cordobainforma.info\/wp-content\/uploads\/2025\/10\/este-valle-del-pirineo-catalan-es-el-mejor-destino-para-desconectar-un-hotel-del-siglo-xx-un-santuario-y-un-tren-exclusivo-2.jpg\" alt=\"El pueblo portugu\u00e9s para una escapada de verano: es el Santorini del Algarve y no est\u00e1 lleno de turistas\"><br \/>\n<\/a><br \/>\n<\/figure>\n<\/div>\n<\/article>\n<\/div>\n<\/div>\n<\/div>\n<\/div>\n<p class=\"voc-paragraph\">La primera particularidad del Vall de N\u00faria la encontramos en el momento de acceder al valle. Y es que para llegar hasta aqu\u00ed el coche no es una opci\u00f3n: solo se puede llegar en <strong>Tren Cremallera<\/strong>. El cremallera presume de ofrecer al turista unas vistas \u00fanicas del entorno desde mucho antes de llegar. En un trayecto de unos 12,5 kil\u00f3metros con un desnivel de 1.000 metros, este tren es el aperitivo perfecto de la experiencia que supone la estancia en este lugar.<\/p>\n<p class=\"voc-paragraph\">Con <strong>casi 100 a\u00f1os de historia a sus espaldas <\/strong>(en 2021 se celebr\u00f3 el 90 aniversario de su creaci\u00f3n) el Cremallera de N\u00faria es todo un referente en el sector por sus particularidades t\u00e9cnicas y por su efectividad como tren de monta\u00f1a. Hasta que no lleg\u00f3 este tren al valle solo era posible acceder a pie, pero una serie de circunstancias que trajeron consigo la afluencia de personas a la zona oblig\u00f3 a impulsar este proyecto que hoy sigue brindando la oportunidad de llegar de forma c\u00f3moda y en un trayecto de lo m\u00e1s entretenido al Vall de N\u00faria.<\/p>\n<div class=\"v-c-cmp v-c-cmp--s\">\n<div class=\"v-cmp-m \">\n<article class=\"v-a v-a--cmp-m v-c-cmp--m-z\">\n<div class=\"v-a-img-c \">\n<div class=\"v-a-fig\">\n<button class=\"v-a-link\" popovertarget=\"photo-548\"><br \/>\n<img loading=\"lazy\" src=\"http:\/\/cordobainforma.info\/wp-content\/uploads\/2025\/10\/este-valle-del-pirineo-catalan-es-el-mejor-destino-para-desconectar-un-hotel-del-siglo-xx-un-santuario-y-un-tren-exclusivo-3.jpg\" class=\"v-a-img\" width=\"650\" height=\"650\" alt=\"Estaci\u00f3n de N\u00faria\" data-voc-vtm-id=\"in-text-traffic\"> <\/button><figcaption class=\"v-fc\">\n<span class=\"v-fc__t\"><br \/>\nEstaci\u00f3n de N\u00faria<br \/>\n<\/span><br \/>\n<span class=\"v-fc__p\"><br \/>\nHotel Vall de N\u00faria.<br \/>\n<\/span><br \/>\n<\/figcaption><\/div>\n<\/div>\n<div id=\"photo-548\" popover class=\"v-mdl v-mdl--fw\">\n<button class=\"v-x\" popovertarget=\"photo-548\" popovertargetaction=\"hide\"><br \/>\n<span class=\"v-i\"><br \/>\n<svg width=\"24\" height=\"23.996\" viewBox=\"0 0 24 23.996\">\n<path data-name=\"Uni\u00f3n 29\" d=\"M12,14.03,2.031,24,0,21.963,9.968,12,0,2.033,2.031,0,12,9.966,21.969,0,24,2.033,14.032,12,24,21.963,21.969,24Z\" \/>\n<\/svg><br \/>\n<\/span><br \/>\n<\/button><\/p>\n<div class=\"v-mdl__c\">\n<div class=\"v-mdl__w\">\n<img loading=\"lazy\" src=\"http:\/\/cordobainforma.info\/wp-content\/uploads\/2025\/10\/este-valle-del-pirineo-catalan-es-el-mejor-destino-para-desconectar-un-hotel-del-siglo-xx-un-santuario-y-un-tren-exclusivo-3.jpg\" class=\"v-mdl__img-z\" width=\"650\" height=\"650\" alt>\n<\/div>\n<\/div>\n<\/div>\n<p><span class=\"v-bdp\"><\/span><br \/>\n<\/article>\n<\/div>\n<\/div>\n<p><h3 class=\"v-cmp-suh\">\nLa Virgen de N\u00faria, uno de los emblemas del valle y gran atractivo para peregrinos<br \/>\n<\/h3>\n<\/p>\n<p class=\"voc-paragraph\">Uno de los motivos por los que el Vall de N\u00faria se situ\u00f3 como lugar predilecto de visita e impuls\u00f3 la creaci\u00f3n del Tren Cremallera es <strong>la Virgen de N\u00faria<\/strong>, que da nombre al santuario que es emblema del valle y que atrae cada a\u00f1o a multitud de peregrinos que, movidos por la devoci\u00f3n, acuden a rezarle a esta advocaci\u00f3n mariana. La leyenda de la Virgen de N\u00faria se remonta al a\u00f1o 700 cuando Sant Gil, un eremita que viv\u00eda en la zona, tall\u00f3 esta imagen de la Virgen y la escondi\u00f3 para protegerla de la amenaza musulmana.<\/p>\n<p class=\"voc-paragraph\">En el siglo XI un peregrino llamado <strong>Amadeo <\/strong>acudi\u00f3 al valle movido por una revelaci\u00f3n divina que le llam\u00f3 a buscar esta talla. A su llegada levant\u00f3 una capilla y a\u00f1os m\u00e1s tarde, en 1079, <strong>encontr\u00f3 la imagen junto con una cruz, una campana y una olla<\/strong>, atribuidos todos los elementos al santo. A\u00fan hoy son muchas las mujeres que, siguiendo la tradici\u00f3n que impera en la regi\u00f3n, acuden al Vall de N\u00faria para poner la cabeza bajo la olla de Sant GIl y hacer sonar la campana, pidi\u00e9ndole a la Virgen que las bendiga con hijos, de ah\u00ed que sea considerada patrona de la fertilidad.<\/p>\n<p class=\"voc-paragraph\">En la actualidad, el <strong>santuario de Nuestra Se\u00f1ora de N\u00faria<\/strong> es un importante centro de peregrinaci\u00f3n que cada a\u00f1o atrae a multitud de fieles que vienen a rezar a la Virgen o, simplemente, a disfrutar de la armon\u00eda y el descanso que ofrece este lugar. El santuario destaca por el imponente entorno natural que le rodea, con picos como el Puigmal o el Pic de Noucreus como tel\u00f3n de fondo, y por su particular forma de cuadrado abierto. El complejo est\u00e1 presidido por una iglesia neorrom\u00e1nica, pero tambi\u00e9n se comprende en \u00e9l la capilla de Sant Gil, que data del siglo XVII y donde, seg\u00fan la leyenda, fue hallada la talla de la Virgen, y un hotel y varias casas destinados a alojar peregrinos.<\/p>\n<div class=\"v-c-cmp v-c-cmp--s\">\n<div class=\"v-cmp-m \">\n<article class=\"v-a v-a--cmp-m v-c-cmp--m-z\">\n<div class=\"v-a-img-c \">\n<div class=\"v-a-fig\">\n<button class=\"v-a-link\" popovertarget=\"photo-408\"><br \/>\n<img loading=\"lazy\" src=\"http:\/\/cordobainforma.info\/wp-content\/uploads\/2025\/10\/este-valle-del-pirineo-catalan-es-el-mejor-destino-para-desconectar-un-hotel-del-siglo-xx-un-santuario-y-un-tren-exclusivo-4.jpg\" class=\"v-a-img\" width=\"650\" height=\"650\" alt=\"Santuario de Nuestra Se\u00f1ora de N\u00faria, Gerona\" data-voc-vtm-id=\"in-text-traffic\"> <\/button><figcaption class=\"v-fc\">\n<span class=\"v-fc__t\"><br \/>\nSantuario de Nuestra Se\u00f1ora de N\u00faria, Gerona<br \/>\n<\/span><br \/>\n<span class=\"v-fc__p\"><br \/>\nHotel Vall de N\u00faria.<br \/>\n<\/span><br \/>\n<\/figcaption><\/div>\n<\/div>\n<div id=\"photo-408\" popover class=\"v-mdl v-mdl--fw\">\n<button class=\"v-x\" popovertarget=\"photo-408\" popovertargetaction=\"hide\"><br \/>\n<span class=\"v-i\"><br \/>\n<svg width=\"24\" height=\"23.996\" viewBox=\"0 0 24 23.996\">\n<path data-name=\"Uni\u00f3n 29\" d=\"M12,14.03,2.031,24,0,21.963,9.968,12,0,2.033,2.031,0,12,9.966,21.969,0,24,2.033,14.032,12,24,21.963,21.969,24Z\" \/>\n<\/svg><br \/>\n<\/span><br \/>\n<\/button><\/p>\n<div class=\"v-mdl__c\">\n<div class=\"v-mdl__w\">\n<img loading=\"lazy\" src=\"http:\/\/cordobainforma.info\/wp-content\/uploads\/2025\/10\/este-valle-del-pirineo-catalan-es-el-mejor-destino-para-desconectar-un-hotel-del-siglo-xx-un-santuario-y-un-tren-exclusivo-4.jpg\" class=\"v-mdl__img-z\" width=\"650\" height=\"650\" alt>\n<\/div>\n<\/div>\n<\/div>\n<p><span class=\"v-bdp\"><\/span><br \/>\n<\/article>\n<\/div>\n<\/div>\n<p><h3 class=\"v-cmp-suh\">\nQu\u00e9 puedes hacer si visitas el Vall de N\u00faria<br \/>\n<\/h3>\n<\/p>\n<p class=\"voc-paragraph\">Junto con el santuario, el Vall de N\u00faria tambi\u00e9n es famoso por la <strong>amplia oferta de actividades al aire libre<\/strong> que propone. Ahora que las temperaturas empiezan a bajar y el invierno est\u00e1 cada vez m\u00e1s cerca, el Vall de N\u00faria se presenta como un entorno privilegiado para los <strong>amantes del esqu\u00ed<\/strong>, pues cuenta con una estaci\u00f3n de esqu\u00ed y monta\u00f1a construida desde el m\u00e1ximo respeto al entorno natural en el que se encuentra y que es el lugar perfecto para dar rienda suelta a la pasi\u00f3n por este deporte.<\/p>\n<p class=\"voc-paragraph\">Las <strong>rutas de senderismo<\/strong> son otros de sus grandes atractivos. Las hay para todos los niveles: desde paseos de lo m\u00e1s amable pensados para disfrutar del paisaje en familia hasta otras con un nivel de dificultad a\u00f1adido para aquellos que busquen un plus de exigencia y emoci\u00f3n. Adem\u00e1s, si visitas el Vall de N\u00faria podr\u00e1s montarte tambi\u00e9n en su <strong>telef\u00e9rico <\/strong>que ofrece unas vistas espectaculares desde las alturas.<\/p>\n<div class=\"v-c-cmp v-c-cmp--s\">\n<div class=\"v-cmp-m \">\n<article class=\"v-a v-a--cmp-m v-c-cmp--m-z\">\n<div class=\"v-a-img-c \">\n<div class=\"v-a-fig\">\n<button class=\"v-a-link\" popovertarget=\"photo-787\"><br \/>\n<img loading=\"lazy\" src=\"http:\/\/cordobainforma.info\/wp-content\/uploads\/2025\/10\/este-valle-del-pirineo-catalan-es-el-mejor-destino-para-desconectar-un-hotel-del-siglo-xx-un-santuario-y-un-tren-exclusivo-5.jpg\" class=\"v-a-img\" width=\"650\" height=\"650\" alt=\"Hotel Vall de N\u00faria, Gerona\" data-voc-vtm-id=\"in-text-traffic\"> <\/button><figcaption class=\"v-fc\">\n<span class=\"v-fc__t\"><br \/>\nHotel Vall de N\u00faria, Gerona<br \/>\n<\/span><br \/>\n<span class=\"v-fc__p\"><br \/>\nHotel Vall de N\u00faria.<br \/>\n<\/span><br \/>\n<\/figcaption><\/div>\n<\/div>\n<div id=\"photo-787\" popover class=\"v-mdl v-mdl--fw\">\n<button class=\"v-x\" popovertarget=\"photo-787\" popovertargetaction=\"hide\"><br \/>\n<span class=\"v-i\"><br \/>\n<svg width=\"24\" height=\"23.996\" viewBox=\"0 0 24 23.996\">\n<path data-name=\"Uni\u00f3n 29\" d=\"M12,14.03,2.031,24,0,21.963,9.968,12,0,2.033,2.031,0,12,9.966,21.969,0,24,2.033,14.032,12,24,21.963,21.969,24Z\" \/>\n<\/svg><br \/>\n<\/span><br \/>\n<\/button><\/p>\n<div class=\"v-mdl__c\">\n<div class=\"v-mdl__w\">\n<img loading=\"lazy\" src=\"http:\/\/cordobainforma.info\/wp-content\/uploads\/2025\/10\/este-valle-del-pirineo-catalan-es-el-mejor-destino-para-desconectar-un-hotel-del-siglo-xx-un-santuario-y-un-tren-exclusivo-5.jpg\" class=\"v-mdl__img-z\" width=\"650\" height=\"650\" alt>\n<\/div>\n<\/div>\n<\/div>\n<p><span class=\"v-bdp\"><\/span><br \/>\n<\/article>\n<\/div>\n<\/div>\n<p class=\"voc-paragraph\">Para completar la experiencia, nada mejor que alojarte en el <strong>Hotel Vall de N\u00faria<\/strong>, un alojamiento que se inaugur\u00f3 en 1931 y que ha crecido con la historia y la tradici\u00f3n del valle por bandera. Aqu\u00ed disfrutar\u00e1s de una experiencia \u00fanica de descanso perfectamente adaptado al ambiente que se respira en todo el lugar, adem\u00e1s de probar su gastronom\u00eda basada en productos de proximidad que te permitir\u00e1 paladear los sabores tradicionales del valle y poner el broche de oro a tu escapada.<\/p>\n<div class=\"v-c-cmp v-c-cmp--t1 \">\n<div class=\"v-cmp-rld v-cmp-rld--2 \">\n<div class=\"v-cnt-m v-cnt-m--m\">\n<div class=\"v-cnt-m__c\">\n<div class=\"v-cnt-m__w v-cnt-m__w--1\">\n<p class=\"v-cnt-m__t\">\nNO TE PIERDAS\n<\/p>\n<\/div>\n<\/div>\n<\/div>\n<div class=\"v-g v-g--2-c v-g--bdr-min-xs\">\n<div class=\"v-g__c \">\n<article class=\"v-a v-a--cmp-rld v-a--cmp-rld-2 v-a--p-l\">\n<div class=\"v-a-img-c\">\n<figure class=\"v-a-fig\">\n<a href=\"https:\/\/www.mujerhoy.com\/vivir\/ocio\/huesca-destino-rural-semana-santa-vacaciones-turismo-naturaleza-20250404074253-nt.html#vtm_modulosEngag=mod-rel:vivir:noticia:1:cmp:2-not\" class=\"v-a-link\" title=\"Ni Sevilla ni M\u00e1laga, el destino perfecto para una escapada rural esta Semana Santa es esta provincia espa\u00f1ola\"><br \/>\n<img loading=\"lazy\" class=\"v-a-img\" src=\"http:\/\/cordobainforma.info\/wp-content\/uploads\/2025\/10\/este-valle-del-pirineo-catalan-es-el-mejor-destino-para-desconectar-un-hotel-del-siglo-xx-un-santuario-y-un-tren-exclusivo-6.jpg\" alt=\"Ni Sevilla ni M\u00e1laga, el destino perfecto para una escapada rural esta Semana Santa es esta provincia espa\u00f1ola\"><br \/>\n<\/a><br \/>\n<\/figure>\n<\/div>\n<\/article>\n<\/div>\n<div class=\"v-g__c \">\n<article class=\"v-a v-a--cmp-rld v-a--cmp-rld-2 v-a--p-l\">\n<div class=\"v-a-img-c\">\n<figure class=\"v-a-fig\">\n<a href=\"https:\/\/www.mujerhoy.com\/vivir\/ocio\/princesa-leonor-reyes-felipe-letizia-visita-monasterio-leyre-joya-navarra-20250926151214-nt.html#vtm_modulosEngag=mod-rel:vivir:noticia:2:cmp:2-not\" class=\"v-a-link\" title=\"As\u00ed es el monasterio m\u00e1s bonito de Espa\u00f1a, que visitan hoy los Reyes y Leonor: joya rom\u00e1nica, referente espiritual y todo un icono de Navarra\"><br \/>\n<img loading=\"lazy\" class=\"v-a-img\" src=\"http:\/\/cordobainforma.info\/wp-content\/uploads\/2025\/10\/este-valle-del-pirineo-catalan-es-el-mejor-destino-para-desconectar-un-hotel-del-siglo-xx-un-santuario-y-un-tren-exclusivo-7.jpg\" alt=\"As\u00ed es el monasterio m\u00e1s bonito de Espa\u00f1a, que visitan hoy los Reyes y Leonor: joya rom\u00e1nica, referente espiritual y todo un icono de Navarra\"><br \/>\n<\/a><br \/>\n<\/figure>\n<\/div>\n<\/article>\n<\/div>\n<\/div>\n<\/div>\n<\/div>\n","protected":false},"excerpt":{"rendered":"<p>Los Pirineos son una de las joyas m\u00e1s valiosas de la geograf\u00eda espa\u00f1ola. En ellos no solo encontramos paisajes de ensue\u00f1o con las monta\u00f1as como protagonistas, tambi\u00e9n se ubican en ellos enclaves que parecen sacados de un cuento de hadas y que se antojan el destino so\u00f1ado para todos aquellos que busquen una escapada de [&hellip;]<\/p>\n","protected":false},"author":1,"featured_media":170507,"comment_status":"open","ping_status":"closed","sticky":false,"template":"","format":"standard","meta":[],"categories":[18],"tags":[],"_links":{"self":[{"href":"http:\/\/cordobainforma.info\/index.php\/wp-json\/wp\/v2\/posts\/170506"}],"collection":[{"href":"http:\/\/cordobainforma.info\/index.php\/wp-json\/wp\/v2\/posts"}],"about":[{"href":"http:\/\/cordobainforma.info\/index.php\/wp-json\/wp\/v2\/types\/post"}],"author":[{"embeddable":true,"href":"http:\/\/cordobainforma.info\/index.php\/wp-json\/wp\/v2\/users\/1"}],"replies":[{"embeddable":true,"href":"http:\/\/cordobainforma.info\/index.php\/wp-json\/wp\/v2\/comments?post=170506"}],"version-history":[{"count":0,"href":"http:\/\/cordobainforma.info\/index.php\/wp-json\/wp\/v2\/posts\/170506\/revisions"}],"wp:featuredmedia":[{"embeddable":true,"href":"http:\/\/cordobainforma.info\/index.php\/wp-json\/wp\/v2\/media\/170507"}],"wp:attachment":[{"href":"http:\/\/cordobainforma.info\/index.php\/wp-json\/wp\/v2\/media?parent=170506"}],"wp:term":[{"taxonomy":"category","embeddable":true,"href":"http:\/\/cordobainforma.info\/index.php\/wp-json\/wp\/v2\/categories?post=170506"},{"taxonomy":"post_tag","embeddable":true,"href":"http:\/\/cordobainforma.info\/index.php\/wp-json\/wp\/v2\/tags?post=170506"}],"curies":[{"name":"wp","href":"https:\/\/api.w.org\/{rel}","templated":true}]}}